
{"id":13059,"date":"2023-07-07T13:08:00","date_gmt":"2023-07-07T17:08:00","guid":{"rendered":"https:\/\/cebem.org\/?p=13059"},"modified":"2023-08-04T13:24:32","modified_gmt":"2023-08-04T17:24:32","slug":"se-llevo-a-cabo-el-conversatorio-sobre-uso-de-datos-censales-para-politicas-para-pueblos-indigenas","status":"publish","type":"post","link":"https:\/\/cebem.org\/?p=13059","title":{"rendered":"Se llevo a cabo el conversatorio sobre uso de datos censales para pol\u00edticas para pueblos ind\u00edgenas"},"content":{"rendered":"\n<p>El pasado mi\u00e9rcoles 5 de julio de 2023, se llevo a cabo el conversatorio \u00a0sobre el<em>\u00a0\u00ab<\/em>Uso de datos censales para pol\u00edticas para pueblos ind\u00edgenas\u00bb, expositora: Msc. Jos\u00e9 Blanes Jimenez<\/p>\n\n\n\n<p>Se tuvo la presencia de miembros de la red de la ruta del censo como tambi\u00e9n el publico en general ya que se transmiti\u00f3 en facebook live a trav\u00e9s de la pagina de La Ruta del Censo.<\/p>\n\n\n\n<p>Se debati\u00f3 y se brindo opiniones espec\u00edficamente sobre la tem\u00e1tica.<\/p>\n\n\n\n<p>Agradecemos la participaci\u00f3n de todos los participantes y estaremos continuando con estas capacitaciones mas adelante.<\/p>\n\n\n\n<div class=\"wp-block-jetpack-slideshow aligncenter\" data-autoplay=\"true\" data-delay=\"3\" data-effect=\"slide\"><div class=\"wp-block-jetpack-slideshow_container swiper-container\"><ul class=\"wp-block-jetpack-slideshow_swiper-wrapper swiper-wrapper\"><li class=\"wp-block-jetpack-slideshow_slide swiper-slide\"><figure><img data-recalc-dims=\"1\" fetchpriority=\"high\" decoding=\"async\" width=\"750\" height=\"401\" alt=\"\" class=\"wp-block-jetpack-slideshow_image wp-image-13060\" data-id=\"13060\" src=\"https:\/\/i0.wp.com\/cebem.org\/wp-content\/uploads\/2023\/08\/conversatorio05-julio2023.jpg?resize=750%2C401&#038;ssl=1\" srcset=\"https:\/\/i0.wp.com\/cebem.org\/wp-content\/uploads\/2023\/08\/conversatorio05-julio2023.jpg?resize=1024%2C548&amp;ssl=1 1024w, https:\/\/i0.wp.com\/cebem.org\/wp-content\/uploads\/2023\/08\/conversatorio05-julio2023.jpg?resize=300%2C160&amp;ssl=1 300w, https:\/\/i0.wp.com\/cebem.org\/wp-content\/uploads\/2023\/08\/conversatorio05-julio2023.jpg?resize=768%2C411&amp;ssl=1 768w, https:\/\/i0.wp.com\/cebem.org\/wp-content\/uploads\/2023\/08\/conversatorio05-julio2023.jpg?resize=600%2C321&amp;ssl=1 600w, https:\/\/i0.wp.com\/cebem.org\/wp-content\/uploads\/2023\/08\/conversatorio05-julio2023.jpg?resize=750%2C401&amp;ssl=1 750w, https:\/\/i0.wp.com\/cebem.org\/wp-content\/uploads\/2023\/08\/conversatorio05-julio2023.jpg?w=1365&amp;ssl=1 1365w\" sizes=\"(max-width: 750px) 100vw, 750px\" \/><\/figure><\/li><li class=\"wp-block-jetpack-slideshow_slide swiper-slide\"><figure><img data-recalc-dims=\"1\" decoding=\"async\" width=\"750\" height=\"401\" alt=\"\" class=\"wp-block-jetpack-slideshow_image wp-image-13061\" data-id=\"13061\" src=\"https:\/\/i0.wp.com\/cebem.org\/wp-content\/uploads\/2023\/08\/conversatorio05-julio2023-02.jpg?resize=750%2C401&#038;ssl=1\" srcset=\"https:\/\/i0.wp.com\/cebem.org\/wp-content\/uploads\/2023\/08\/conversatorio05-julio2023-02.jpg?resize=1024%2C548&amp;ssl=1 1024w, https:\/\/i0.wp.com\/cebem.org\/wp-content\/uploads\/2023\/08\/conversatorio05-julio2023-02.jpg?resize=300%2C161&amp;ssl=1 300w, https:\/\/i0.wp.com\/cebem.org\/wp-content\/uploads\/2023\/08\/conversatorio05-julio2023-02.jpg?resize=768%2C411&amp;ssl=1 768w, https:\/\/i0.wp.com\/cebem.org\/wp-content\/uploads\/2023\/08\/conversatorio05-julio2023-02.jpg?resize=600%2C321&amp;ssl=1 600w, https:\/\/i0.wp.com\/cebem.org\/wp-content\/uploads\/2023\/08\/conversatorio05-julio2023-02.jpg?resize=750%2C401&amp;ssl=1 750w, https:\/\/i0.wp.com\/cebem.org\/wp-content\/uploads\/2023\/08\/conversatorio05-julio2023-02.jpg?w=1366&amp;ssl=1 1366w\" sizes=\"(max-width: 750px) 100vw, 750px\" \/><\/figure><\/li><li class=\"wp-block-jetpack-slideshow_slide swiper-slide\"><figure><img data-recalc-dims=\"1\" decoding=\"async\" width=\"750\" height=\"402\" alt=\"\" class=\"wp-block-jetpack-slideshow_image wp-image-13062\" data-id=\"13062\" src=\"https:\/\/i0.wp.com\/cebem.org\/wp-content\/uploads\/2023\/08\/conversatorio05-julio2023-03.jpg?resize=750%2C402&#038;ssl=1\" srcset=\"https:\/\/i0.wp.com\/cebem.org\/wp-content\/uploads\/2023\/08\/conversatorio05-julio2023-03.jpg?resize=1024%2C549&amp;ssl=1 1024w, https:\/\/i0.wp.com\/cebem.org\/wp-content\/uploads\/2023\/08\/conversatorio05-julio2023-03.jpg?resize=300%2C161&amp;ssl=1 300w, https:\/\/i0.wp.com\/cebem.org\/wp-content\/uploads\/2023\/08\/conversatorio05-julio2023-03.jpg?resize=768%2C412&amp;ssl=1 768w, https:\/\/i0.wp.com\/cebem.org\/wp-content\/uploads\/2023\/08\/conversatorio05-julio2023-03.jpg?resize=600%2C322&amp;ssl=1 600w, https:\/\/i0.wp.com\/cebem.org\/wp-content\/uploads\/2023\/08\/conversatorio05-julio2023-03.jpg?resize=750%2C402&amp;ssl=1 750w, https:\/\/i0.wp.com\/cebem.org\/wp-content\/uploads\/2023\/08\/conversatorio05-julio2023-03.jpg?w=1366&amp;ssl=1 1366w\" sizes=\"(max-width: 750px) 100vw, 750px\" \/><\/figure><\/li><li class=\"wp-block-jetpack-slideshow_slide swiper-slide\"><figure><img data-recalc-dims=\"1\" loading=\"lazy\" decoding=\"async\" width=\"750\" height=\"400\" alt=\"\" class=\"wp-block-jetpack-slideshow_image wp-image-13063\" data-id=\"13063\" src=\"https:\/\/i0.wp.com\/cebem.org\/wp-content\/uploads\/2023\/08\/conversatorio05-julio2023-04.jpg?resize=750%2C400&#038;ssl=1\" srcset=\"https:\/\/i0.wp.com\/cebem.org\/wp-content\/uploads\/2023\/08\/conversatorio05-julio2023-04.jpg?resize=1024%2C546&amp;ssl=1 1024w, https:\/\/i0.wp.com\/cebem.org\/wp-content\/uploads\/2023\/08\/conversatorio05-julio2023-04.jpg?resize=300%2C160&amp;ssl=1 300w, https:\/\/i0.wp.com\/cebem.org\/wp-content\/uploads\/2023\/08\/conversatorio05-julio2023-04.jpg?resize=768%2C410&amp;ssl=1 768w, https:\/\/i0.wp.com\/cebem.org\/wp-content\/uploads\/2023\/08\/conversatorio05-julio2023-04.jpg?resize=600%2C320&amp;ssl=1 600w, https:\/\/i0.wp.com\/cebem.org\/wp-content\/uploads\/2023\/08\/conversatorio05-julio2023-04.jpg?resize=750%2C400&amp;ssl=1 750w, https:\/\/i0.wp.com\/cebem.org\/wp-content\/uploads\/2023\/08\/conversatorio05-julio2023-04.jpg?w=1366&amp;ssl=1 1366w\" sizes=\"(max-width: 750px) 100vw, 750px\" \/><\/figure><\/li><li class=\"wp-block-jetpack-slideshow_slide swiper-slide\"><figure><img data-recalc-dims=\"1\" loading=\"lazy\" decoding=\"async\" width=\"750\" height=\"371\" alt=\"\" class=\"wp-block-jetpack-slideshow_image wp-image-13064\" data-id=\"13064\" src=\"https:\/\/i0.wp.com\/cebem.org\/wp-content\/uploads\/2023\/08\/conversatorio05-julio2023-05.jpg?resize=750%2C371&#038;ssl=1\" srcset=\"https:\/\/i0.wp.com\/cebem.org\/wp-content\/uploads\/2023\/08\/conversatorio05-julio2023-05.jpg?resize=1024%2C506&amp;ssl=1 1024w, https:\/\/i0.wp.com\/cebem.org\/wp-content\/uploads\/2023\/08\/conversatorio05-julio2023-05.jpg?resize=300%2C148&amp;ssl=1 300w, https:\/\/i0.wp.com\/cebem.org\/wp-content\/uploads\/2023\/08\/conversatorio05-julio2023-05.jpg?resize=768%2C380&amp;ssl=1 768w, https:\/\/i0.wp.com\/cebem.org\/wp-content\/uploads\/2023\/08\/conversatorio05-julio2023-05.jpg?resize=600%2C296&amp;ssl=1 600w, https:\/\/i0.wp.com\/cebem.org\/wp-content\/uploads\/2023\/08\/conversatorio05-julio2023-05.jpg?resize=750%2C371&amp;ssl=1 750w, https:\/\/i0.wp.com\/cebem.org\/wp-content\/uploads\/2023\/08\/conversatorio05-julio2023-05.jpg?w=1366&amp;ssl=1 1366w\" sizes=\"(max-width: 750px) 100vw, 750px\" \/><\/figure><\/li><\/ul><a class=\"wp-block-jetpack-slideshow_button-prev swiper-button-prev swiper-button-white\" role=\"button\"><\/a><a class=\"wp-block-jetpack-slideshow_button-next swiper-button-next swiper-button-white\" role=\"button\"><\/a><a aria-label=\"Pause Slideshow\" class=\"wp-block-jetpack-slideshow_button-pause\" role=\"button\"><\/a><div class=\"wp-block-jetpack-slideshow_pagination swiper-pagination swiper-pagination-white\"><\/div><\/div><\/div>\n\n\n\n<div class=\"wp-block-columns is-layout-flex wp-container-core-columns-is-layout-9d6595d7 wp-block-columns-is-layout-flex\">\n<div class=\"wp-block-column is-layout-flow wp-block-column-is-layout-flow\" style=\"flex-basis:120px\">\n<figure class=\"wp-block-image size-full is-resized\"><img data-recalc-dims=\"1\" loading=\"lazy\" decoding=\"async\" src=\"https:\/\/i0.wp.com\/cebem.org\/wp-content\/uploads\/2022\/06\/logo-video.png?resize=87%2C87&#038;ssl=1\" alt=\"\" class=\"wp-image-10976\" width=\"87\" height=\"87\" srcset=\"https:\/\/i0.wp.com\/cebem.org\/wp-content\/uploads\/2022\/06\/logo-video.png?w=200&amp;ssl=1 200w, https:\/\/i0.wp.com\/cebem.org\/wp-content\/uploads\/2022\/06\/logo-video.png?resize=150%2C150&amp;ssl=1 150w\" sizes=\"(max-width: 87px) 100vw, 87px\" \/><\/figure>\n<\/div>\n\n\n\n<div class=\"wp-block-column is-layout-flow wp-block-column-is-layout-flow\" style=\"flex-basis:66.66%\">\n<p>En el siguiente enlace puede ver la grabaci\u00f3n del evento<\/p>\n\n\n\n<p><a rel=\"noreferrer noopener\" href=\"https:\/\/drive.google.com\/file\/d\/1Qz2_WqdONDt179zihqXNIrIPsya97n19\/view?usp=sharing\" data-type=\"URL\" data-id=\"https:\/\/drive.google.com\/file\/d\/1CQUg8mI6G55Lp6DVogPZQjkpiGIECviK\/view?usp=drive_link\" target=\"_blank\"><strong>https:\/\/drive.google.com\/file\/d\/1Qz2_WqdONDt179zihqXNIrIPsya97n19\/view?usp=sharing<\/strong><\/a><\/p>\n<\/div>\n<\/div>\n","protected":false},"excerpt":{"rendered":"<p>El pasado mi\u00e9rcoles 5 de julio de 2023, se llevo a cabo el conversatorio \u00a0sobre la\u00a0\u00abUso de datos censales para pol\u00edticas para pueblos ind\u00edgenas\u00bb, expositor: Msc. Jos\u00e9 Blanes Jimenez<\/p>\n","protected":false},"author":15,"featured_media":13060,"comment_status":"closed","ping_status":"closed","sticky":false,"template":"","format":"standard","meta":{"_jetpack_memberships_contains_paid_content":false,"footnotes":"","jetpack_publicize_message":"","jetpack_publicize_feature_enabled":false,"jetpack_social_post_already_shared":false,"jetpack_social_options":{"image_generator_settings":{"template":"highway","default_image_id":0,"font":"","enabled":false},"version":2}},"categories":[1785,1543],"tags":[93,1831,1912],"class_list":["post-13059","post","type-post","status-publish","format-standard","has-post-thumbnail","hentry","category-capacitaciones-censo","category-rutacenso","tag-conversatorio","tag-la-ruta-del-censo","tag-uso-de-datos-censales","item-wrap"],"jetpack_publicize_connections":[],"jetpack_featured_media_url":"https:\/\/i0.wp.com\/cebem.org\/wp-content\/uploads\/2023\/08\/conversatorio05-julio2023.jpg?fit=1365%2C730&ssl=1","jetpack_sharing_enabled":true,"_links":{"self":[{"href":"https:\/\/cebem.org\/index.php?rest_route=\/wp\/v2\/posts\/13059","targetHints":{"allow":["GET"]}}],"collection":[{"href":"https:\/\/cebem.org\/index.php?rest_route=\/wp\/v2\/posts"}],"about":[{"href":"https:\/\/cebem.org\/index.php?rest_route=\/wp\/v2\/types\/post"}],"author":[{"embeddable":true,"href":"https:\/\/cebem.org\/index.php?rest_route=\/wp\/v2\/users\/15"}],"replies":[{"embeddable":true,"href":"https:\/\/cebem.org\/index.php?rest_route=%2Fwp%2Fv2%2Fcomments&post=13059"}],"version-history":[{"count":1,"href":"https:\/\/cebem.org\/index.php?rest_route=\/wp\/v2\/posts\/13059\/revisions"}],"predecessor-version":[{"id":13065,"href":"https:\/\/cebem.org\/index.php?rest_route=\/wp\/v2\/posts\/13059\/revisions\/13065"}],"wp:featuredmedia":[{"embeddable":true,"href":"https:\/\/cebem.org\/index.php?rest_route=\/wp\/v2\/media\/13060"}],"wp:attachment":[{"href":"https:\/\/cebem.org\/index.php?rest_route=%2Fwp%2Fv2%2Fmedia&parent=13059"}],"wp:term":[{"taxonomy":"category","embeddable":true,"href":"https:\/\/cebem.org\/index.php?rest_route=%2Fwp%2Fv2%2Fcategories&post=13059"},{"taxonomy":"post_tag","embeddable":true,"href":"https:\/\/cebem.org\/index.php?rest_route=%2Fwp%2Fv2%2Ftags&post=13059"}],"curies":[{"name":"wp","href":"https:\/\/api.w.org\/{rel}","templated":true}]}}