
{"id":13015,"date":"2023-07-21T16:54:24","date_gmt":"2023-07-21T20:54:24","guid":{"rendered":"https:\/\/cebem.org\/?p=13015"},"modified":"2023-08-01T17:07:19","modified_gmt":"2023-08-01T21:07:19","slug":"relanzamiento-de-redesma","status":"publish","type":"post","link":"https:\/\/cebem.org\/?p=13015","title":{"rendered":"Relanzamiento de REDESMA"},"content":{"rendered":"\n<figure class=\"wp-block-image size-full\"><img data-recalc-dims=\"1\" fetchpriority=\"high\" decoding=\"async\" width=\"750\" height=\"285\" src=\"https:\/\/i0.wp.com\/cebem.org\/wp-content\/uploads\/2023\/08\/fondo-facebook.png?resize=750%2C285&#038;ssl=1\" alt=\"\" class=\"wp-image-13016\" srcset=\"https:\/\/i0.wp.com\/cebem.org\/wp-content\/uploads\/2023\/08\/fondo-facebook.png?w=820&amp;ssl=1 820w, https:\/\/i0.wp.com\/cebem.org\/wp-content\/uploads\/2023\/08\/fondo-facebook.png?resize=300%2C114&amp;ssl=1 300w, https:\/\/i0.wp.com\/cebem.org\/wp-content\/uploads\/2023\/08\/fondo-facebook.png?resize=768%2C292&amp;ssl=1 768w, https:\/\/i0.wp.com\/cebem.org\/wp-content\/uploads\/2023\/08\/fondo-facebook.png?resize=600%2C228&amp;ssl=1 600w, https:\/\/i0.wp.com\/cebem.org\/wp-content\/uploads\/2023\/08\/fondo-facebook.png?resize=750%2C285&amp;ssl=1 750w\" sizes=\"(max-width: 750px) 100vw, 750px\" \/><\/figure>\n\n\n\n<p>Es grato para la&nbsp;<strong>RED DE DESARROLLO SOSTENIBLE Y MEDIO AMBIENTE (REDESMA)<\/strong>&nbsp;invitarles al RELAZAMIENTO de su&nbsp;<a href=\"https:\/\/redesma.org\/\" target=\"_blank\" rel=\"noreferrer noopener\"><strong>Portal Web<\/strong><\/a>&nbsp;donde podr\u00e1n encontrar informaci\u00f3n sobre temas ambientales, requerimientos profesionales y cursos en l\u00ednea de actualizaci\u00f3n profesional.<\/p>\n\n\n\n<p>REDESMA viene trabajando continuamente desde 1999, proporcionando un servicio de boletines informativos diarios sobre requerimientos que tienen las instituciones que trabajan en el pa\u00eds. Tambi\u00e9n boletines mensuales gratuitos de divulgaci\u00f3n nacional e internacional, para este cometido les invitamos a suscribirse a nuestros boletines mediante el&nbsp;<a href=\"http:\/\/lists.cebem.org\/cgi-bin\/mailman\/listinfo\/boletinredesma\" target=\"_blank\" rel=\"noreferrer noopener\"><strong>siguiente enlace<\/strong><\/a>&nbsp;y sugerirnos con sus contactos.<\/p>\n\n\n\n<p>En este momento de cambios que est\u00e1n ocurriendo en todo el mundo vimos oportuno realizar un RELAZAMIENTO de nuestro Portal Web, les invitamos a que sean parte del&nbsp;<a href=\"https:\/\/redesma.org\/registro-de-directorio-profesionales\/\" target=\"_blank\" rel=\"noreferrer noopener\"><strong>Directorio de Profesionales<\/strong><\/a>&nbsp;en el campo del medio ambiente, llenando sus datos personales y un resumen de su hoja de vida, tambi\u00e9n contamos con un&nbsp;<a href=\"https:\/\/redesma.org\/registro-de-directorio\/\" target=\"_blank\" rel=\"noreferrer noopener\"><strong>Directorio Institucional<\/strong><\/a>&nbsp;donde Ud. &nbsp;podr\u00e1 registrar los datos de su instituci\u00f3n y ser parte del directorio que trabaja en el campo del medio ambiente y afines.<\/p>\n\n\n\n<p>Es oportuno hacerles conocer que pueden ver y recibir informaci\u00f3n de los cursos de actualizaci\u00f3n profesional que se organizan a trav\u00e9s de CEBEM\/REDESMA.<\/p>\n","protected":false},"excerpt":{"rendered":"<p> La\u00a0RED DE DESARROLLO SOSTENIBLE Y MEDIO AMBIENTE (REDESMA)\u00a0les invita al RELAZAMIENTO de su\u00a0Portal Web\u00a0donde podr\u00e1n encontrar informaci\u00f3n sobre temas ambientales, requerimientos profesionales y cursos en l\u00ednea de actualizaci\u00f3n profesional.<\/p>\n","protected":false},"author":15,"featured_media":13016,"comment_status":"closed","ping_status":"closed","sticky":false,"template":"","format":"standard","meta":{"_jetpack_memberships_contains_paid_content":false,"footnotes":"","jetpack_publicize_message":"","jetpack_publicize_feature_enabled":false,"jetpack_social_post_already_shared":false,"jetpack_social_options":{"image_generator_settings":{"template":"highway","default_image_id":0,"font":"","enabled":false},"version":2}},"categories":[3,9,1],"tags":[],"class_list":["post-13015","post","type-post","status-publish","format-standard","has-post-thumbnail","hentry","category-anuncios","category-destacados","category-noticias","item-wrap"],"jetpack_publicize_connections":[],"jetpack_featured_media_url":"https:\/\/i0.wp.com\/cebem.org\/wp-content\/uploads\/2023\/08\/fondo-facebook.png?fit=820%2C312&ssl=1","jetpack_sharing_enabled":true,"_links":{"self":[{"href":"https:\/\/cebem.org\/index.php?rest_route=\/wp\/v2\/posts\/13015","targetHints":{"allow":["GET"]}}],"collection":[{"href":"https:\/\/cebem.org\/index.php?rest_route=\/wp\/v2\/posts"}],"about":[{"href":"https:\/\/cebem.org\/index.php?rest_route=\/wp\/v2\/types\/post"}],"author":[{"embeddable":true,"href":"https:\/\/cebem.org\/index.php?rest_route=\/wp\/v2\/users\/15"}],"replies":[{"embeddable":true,"href":"https:\/\/cebem.org\/index.php?rest_route=%2Fwp%2Fv2%2Fcomments&post=13015"}],"version-history":[{"count":1,"href":"https:\/\/cebem.org\/index.php?rest_route=\/wp\/v2\/posts\/13015\/revisions"}],"predecessor-version":[{"id":13017,"href":"https:\/\/cebem.org\/index.php?rest_route=\/wp\/v2\/posts\/13015\/revisions\/13017"}],"wp:featuredmedia":[{"embeddable":true,"href":"https:\/\/cebem.org\/index.php?rest_route=\/wp\/v2\/media\/13016"}],"wp:attachment":[{"href":"https:\/\/cebem.org\/index.php?rest_route=%2Fwp%2Fv2%2Fmedia&parent=13015"}],"wp:term":[{"taxonomy":"category","embeddable":true,"href":"https:\/\/cebem.org\/index.php?rest_route=%2Fwp%2Fv2%2Fcategories&post=13015"},{"taxonomy":"post_tag","embeddable":true,"href":"https:\/\/cebem.org\/index.php?rest_route=%2Fwp%2Fv2%2Ftags&post=13015"}],"curies":[{"name":"wp","href":"https:\/\/api.w.org\/{rel}","templated":true}]}}