
{"id":12958,"date":"2023-06-30T11:30:00","date_gmt":"2023-06-30T15:30:00","guid":{"rendered":"https:\/\/cebem.org\/?p=12958"},"modified":"2023-07-13T15:56:20","modified_gmt":"2023-07-13T19:56:20","slug":"se-llevo-con-exito-el-seminario-presencial-en-la-paz-uso-de-datos-censales-en-gestion-subnacional-dirigido-a-tecnicos-y-servidores-publicos-de-entidades-territoriales-autonomas","status":"publish","type":"post","link":"https:\/\/cebem.org\/?p=12958","title":{"rendered":"Se llevo con \u00e9xito el seminario presencial en La Paz: Uso de datos censales en gesti\u00f3n subnacional dirigido a t\u00e9cnicos y servidores p\u00fablicos de entidades territoriales aut\u00f3nomas"},"content":{"rendered":"\n<p>Continuando con las capacitaciones en miras al Censo 2024, se llev\u00f3 a cabo el d\u00eda viernes 28 de junio del presente a\u00f1o en el sal\u00f3n aula magna de la carrera de ciencias pol\u00edticas y gesti\u00f3n p\u00fablica, el seminario sobre <em>\u00abUso de datos censales en gesti\u00f3n subnacional\u00bb<\/em> dirigido a t\u00e9cnicos y servidores p\u00fablicos  de entidades territoriales aut\u00f3nomas.<\/p>\n\n\n\n<p>Se tuvo la presencia de m\u00e1s de 30 participantes de manera presencial y as\u00ed tambi\u00e9n de forma virtual a trav\u00e9s de facebook live del perfil de la Ruta del Censo.<\/p>\n\n\n\n<p>Se brindo opiniones espec\u00edficamente sobre la tem\u00e1tica.<\/p>\n\n\n\n<p>La Ruta del Censo esta brindando espacios para informar sobre todos los aspectos referente al censo que la poblaci\u00f3n e instituciones deben saber.<\/p>\n\n\n\n<div class=\"wp-block-jetpack-slideshow aligncenter\" data-autoplay=\"true\" data-delay=\"3\" data-effect=\"slide\"><div class=\"wp-block-jetpack-slideshow_container swiper-container\"><ul class=\"wp-block-jetpack-slideshow_swiper-wrapper swiper-wrapper\"><li class=\"wp-block-jetpack-slideshow_slide swiper-slide\"><figure><img data-recalc-dims=\"1\" fetchpriority=\"high\" decoding=\"async\" width=\"750\" height=\"338\" alt=\"\" class=\"wp-block-jetpack-slideshow_image wp-image-12961\" data-id=\"12961\" src=\"https:\/\/i0.wp.com\/cebem.org\/wp-content\/uploads\/2023\/07\/Seminario-Uso-de-datos-Censales-en-Gestion-Subnacional-LPZ-01.jpeg?resize=750%2C338&#038;ssl=1\" srcset=\"https:\/\/i0.wp.com\/cebem.org\/wp-content\/uploads\/2023\/07\/Seminario-Uso-de-datos-Censales-en-Gestion-Subnacional-LPZ-01.jpeg?resize=1024%2C461&amp;ssl=1 1024w, https:\/\/i0.wp.com\/cebem.org\/wp-content\/uploads\/2023\/07\/Seminario-Uso-de-datos-Censales-en-Gestion-Subnacional-LPZ-01.jpeg?resize=300%2C135&amp;ssl=1 300w, https:\/\/i0.wp.com\/cebem.org\/wp-content\/uploads\/2023\/07\/Seminario-Uso-de-datos-Censales-en-Gestion-Subnacional-LPZ-01.jpeg?resize=768%2C346&amp;ssl=1 768w, https:\/\/i0.wp.com\/cebem.org\/wp-content\/uploads\/2023\/07\/Seminario-Uso-de-datos-Censales-en-Gestion-Subnacional-LPZ-01.jpeg?resize=600%2C270&amp;ssl=1 600w, https:\/\/i0.wp.com\/cebem.org\/wp-content\/uploads\/2023\/07\/Seminario-Uso-de-datos-Censales-en-Gestion-Subnacional-LPZ-01.jpeg?resize=750%2C338&amp;ssl=1 750w, https:\/\/i0.wp.com\/cebem.org\/wp-content\/uploads\/2023\/07\/Seminario-Uso-de-datos-Censales-en-Gestion-Subnacional-LPZ-01.jpeg?w=1280&amp;ssl=1 1280w\" sizes=\"(max-width: 750px) 100vw, 750px\" \/><\/figure><\/li><li class=\"wp-block-jetpack-slideshow_slide swiper-slide\"><figure><img data-recalc-dims=\"1\" decoding=\"async\" width=\"750\" height=\"338\" alt=\"\" class=\"wp-block-jetpack-slideshow_image wp-image-12962\" data-id=\"12962\" src=\"https:\/\/i0.wp.com\/cebem.org\/wp-content\/uploads\/2023\/07\/Seminario-Uso-de-datos-Censales-en-Gestion-Subnacional-LPZ-02.jpeg?resize=750%2C338&#038;ssl=1\" srcset=\"https:\/\/i0.wp.com\/cebem.org\/wp-content\/uploads\/2023\/07\/Seminario-Uso-de-datos-Censales-en-Gestion-Subnacional-LPZ-02.jpeg?resize=1024%2C461&amp;ssl=1 1024w, https:\/\/i0.wp.com\/cebem.org\/wp-content\/uploads\/2023\/07\/Seminario-Uso-de-datos-Censales-en-Gestion-Subnacional-LPZ-02.jpeg?resize=300%2C135&amp;ssl=1 300w, https:\/\/i0.wp.com\/cebem.org\/wp-content\/uploads\/2023\/07\/Seminario-Uso-de-datos-Censales-en-Gestion-Subnacional-LPZ-02.jpeg?resize=768%2C346&amp;ssl=1 768w, https:\/\/i0.wp.com\/cebem.org\/wp-content\/uploads\/2023\/07\/Seminario-Uso-de-datos-Censales-en-Gestion-Subnacional-LPZ-02.jpeg?resize=600%2C270&amp;ssl=1 600w, https:\/\/i0.wp.com\/cebem.org\/wp-content\/uploads\/2023\/07\/Seminario-Uso-de-datos-Censales-en-Gestion-Subnacional-LPZ-02.jpeg?resize=750%2C338&amp;ssl=1 750w, https:\/\/i0.wp.com\/cebem.org\/wp-content\/uploads\/2023\/07\/Seminario-Uso-de-datos-Censales-en-Gestion-Subnacional-LPZ-02.jpeg?w=1280&amp;ssl=1 1280w\" sizes=\"(max-width: 750px) 100vw, 750px\" \/><\/figure><\/li><li class=\"wp-block-jetpack-slideshow_slide swiper-slide\"><figure><img data-recalc-dims=\"1\" decoding=\"async\" width=\"750\" height=\"338\" alt=\"\" class=\"wp-block-jetpack-slideshow_image wp-image-12963\" data-id=\"12963\" src=\"https:\/\/i0.wp.com\/cebem.org\/wp-content\/uploads\/2023\/07\/Seminario-Uso-de-datos-Censales-en-Gestion-Subnacional-LPZ-03.jpeg?resize=750%2C338&#038;ssl=1\" srcset=\"https:\/\/i0.wp.com\/cebem.org\/wp-content\/uploads\/2023\/07\/Seminario-Uso-de-datos-Censales-en-Gestion-Subnacional-LPZ-03.jpeg?resize=1024%2C461&amp;ssl=1 1024w, https:\/\/i0.wp.com\/cebem.org\/wp-content\/uploads\/2023\/07\/Seminario-Uso-de-datos-Censales-en-Gestion-Subnacional-LPZ-03.jpeg?resize=300%2C135&amp;ssl=1 300w, https:\/\/i0.wp.com\/cebem.org\/wp-content\/uploads\/2023\/07\/Seminario-Uso-de-datos-Censales-en-Gestion-Subnacional-LPZ-03.jpeg?resize=768%2C346&amp;ssl=1 768w, https:\/\/i0.wp.com\/cebem.org\/wp-content\/uploads\/2023\/07\/Seminario-Uso-de-datos-Censales-en-Gestion-Subnacional-LPZ-03.jpeg?resize=600%2C270&amp;ssl=1 600w, https:\/\/i0.wp.com\/cebem.org\/wp-content\/uploads\/2023\/07\/Seminario-Uso-de-datos-Censales-en-Gestion-Subnacional-LPZ-03.jpeg?resize=750%2C338&amp;ssl=1 750w, https:\/\/i0.wp.com\/cebem.org\/wp-content\/uploads\/2023\/07\/Seminario-Uso-de-datos-Censales-en-Gestion-Subnacional-LPZ-03.jpeg?w=1280&amp;ssl=1 1280w\" sizes=\"(max-width: 750px) 100vw, 750px\" \/><\/figure><\/li><li class=\"wp-block-jetpack-slideshow_slide swiper-slide\"><figure><img data-recalc-dims=\"1\" loading=\"lazy\" decoding=\"async\" width=\"750\" height=\"338\" alt=\"\" class=\"wp-block-jetpack-slideshow_image wp-image-12964\" data-id=\"12964\" src=\"https:\/\/i0.wp.com\/cebem.org\/wp-content\/uploads\/2023\/07\/Seminario-Uso-de-datos-Censales-en-Gestion-Subnacional-LPZ-04.jpeg?resize=750%2C338&#038;ssl=1\" srcset=\"https:\/\/i0.wp.com\/cebem.org\/wp-content\/uploads\/2023\/07\/Seminario-Uso-de-datos-Censales-en-Gestion-Subnacional-LPZ-04.jpeg?resize=1024%2C461&amp;ssl=1 1024w, https:\/\/i0.wp.com\/cebem.org\/wp-content\/uploads\/2023\/07\/Seminario-Uso-de-datos-Censales-en-Gestion-Subnacional-LPZ-04.jpeg?resize=300%2C135&amp;ssl=1 300w, https:\/\/i0.wp.com\/cebem.org\/wp-content\/uploads\/2023\/07\/Seminario-Uso-de-datos-Censales-en-Gestion-Subnacional-LPZ-04.jpeg?resize=768%2C346&amp;ssl=1 768w, https:\/\/i0.wp.com\/cebem.org\/wp-content\/uploads\/2023\/07\/Seminario-Uso-de-datos-Censales-en-Gestion-Subnacional-LPZ-04.jpeg?resize=600%2C270&amp;ssl=1 600w, https:\/\/i0.wp.com\/cebem.org\/wp-content\/uploads\/2023\/07\/Seminario-Uso-de-datos-Censales-en-Gestion-Subnacional-LPZ-04.jpeg?resize=750%2C338&amp;ssl=1 750w, https:\/\/i0.wp.com\/cebem.org\/wp-content\/uploads\/2023\/07\/Seminario-Uso-de-datos-Censales-en-Gestion-Subnacional-LPZ-04.jpeg?w=1280&amp;ssl=1 1280w\" sizes=\"(max-width: 750px) 100vw, 750px\" \/><\/figure><\/li><\/ul><a class=\"wp-block-jetpack-slideshow_button-prev swiper-button-prev swiper-button-white\" role=\"button\"><\/a><a class=\"wp-block-jetpack-slideshow_button-next swiper-button-next swiper-button-white\" role=\"button\"><\/a><a aria-label=\"Pause Slideshow\" class=\"wp-block-jetpack-slideshow_button-pause\" role=\"button\"><\/a><div class=\"wp-block-jetpack-slideshow_pagination swiper-pagination swiper-pagination-white\"><\/div><\/div><\/div>\n\n\n\n<div class=\"wp-block-columns is-layout-flex wp-container-core-columns-is-layout-9d6595d7 wp-block-columns-is-layout-flex\">\n<div class=\"wp-block-column is-layout-flow wp-block-column-is-layout-flow\" style=\"flex-basis:20%\">\n<figure class=\"wp-block-image size-full is-resized\"><img data-recalc-dims=\"1\" loading=\"lazy\" decoding=\"async\" src=\"https:\/\/i0.wp.com\/cebem.org\/wp-content\/uploads\/2022\/06\/logo-video.png?resize=100%2C100&#038;ssl=1\" alt=\"\" class=\"wp-image-10976\" width=\"100\" height=\"100\" srcset=\"https:\/\/i0.wp.com\/cebem.org\/wp-content\/uploads\/2022\/06\/logo-video.png?w=200&amp;ssl=1 200w, https:\/\/i0.wp.com\/cebem.org\/wp-content\/uploads\/2022\/06\/logo-video.png?resize=150%2C150&amp;ssl=1 150w\" sizes=\"(max-width: 100px) 100vw, 100px\" \/><\/figure>\n<\/div>\n\n\n\n<div class=\"wp-block-column is-layout-flow wp-block-column-is-layout-flow\" style=\"flex-basis:80%\">\n<p>En el siguiente enlace puede ver la grabaci\u00f3n del evento<\/p>\n\n\n\n<p><a rel=\"noreferrer noopener\" href=\"https:\/\/drive.google.com\/drive\/folders\/1lT_sDLFwt2AB4lWHl1XwDBThiOT0u2TX?usp=sharing\" target=\"_blank\"><strong>https:\/\/drive.google.com\/drive\/folders\/1lT_sDLFwt2AB4lWHl1XwDBThiOT0u2TX?usp=sharing<\/strong><\/a><\/p>\n<\/div>\n<\/div>\n","protected":false},"excerpt":{"rendered":"<p>El d\u00eda viernes 28de junio de 2023 se llevo a cabo en el departamento de La Paz el Seminario Presencial y virtual sobre uso de datos censales en gesti\u00f3n subnacional dirigido a t\u00e9cnicos y servidores p\u00fablicos de entidades territoriales aut\u00f3nomas<\/p>\n","protected":false},"author":15,"featured_media":12964,"comment_status":"closed","ping_status":"closed","sticky":false,"template":"","format":"standard","meta":{"_jetpack_memberships_contains_paid_content":false,"footnotes":"","jetpack_publicize_message":"","jetpack_publicize_feature_enabled":false,"jetpack_social_post_already_shared":false,"jetpack_social_options":{"image_generator_settings":{"template":"highway","default_image_id":0,"font":"","enabled":false},"version":2}},"categories":[1785,1543],"tags":[1350,1831,1895],"class_list":["post-12958","post","type-post","status-publish","format-standard","has-post-thumbnail","hentry","category-capacitaciones-censo","category-rutacenso","tag-ciudad-de-la-paz","tag-la-ruta-del-censo","tag-seminario-presencial","item-wrap"],"jetpack_publicize_connections":[],"jetpack_featured_media_url":"https:\/\/i0.wp.com\/cebem.org\/wp-content\/uploads\/2023\/07\/Seminario-Uso-de-datos-Censales-en-Gestion-Subnacional-LPZ-04.jpeg?fit=1280%2C576&ssl=1","jetpack_sharing_enabled":true,"_links":{"self":[{"href":"https:\/\/cebem.org\/index.php?rest_route=\/wp\/v2\/posts\/12958","targetHints":{"allow":["GET"]}}],"collection":[{"href":"https:\/\/cebem.org\/index.php?rest_route=\/wp\/v2\/posts"}],"about":[{"href":"https:\/\/cebem.org\/index.php?rest_route=\/wp\/v2\/types\/post"}],"author":[{"embeddable":true,"href":"https:\/\/cebem.org\/index.php?rest_route=\/wp\/v2\/users\/15"}],"replies":[{"embeddable":true,"href":"https:\/\/cebem.org\/index.php?rest_route=%2Fwp%2Fv2%2Fcomments&post=12958"}],"version-history":[{"count":3,"href":"https:\/\/cebem.org\/index.php?rest_route=\/wp\/v2\/posts\/12958\/revisions"}],"predecessor-version":[{"id":12967,"href":"https:\/\/cebem.org\/index.php?rest_route=\/wp\/v2\/posts\/12958\/revisions\/12967"}],"wp:featuredmedia":[{"embeddable":true,"href":"https:\/\/cebem.org\/index.php?rest_route=\/wp\/v2\/media\/12964"}],"wp:attachment":[{"href":"https:\/\/cebem.org\/index.php?rest_route=%2Fwp%2Fv2%2Fmedia&parent=12958"}],"wp:term":[{"taxonomy":"category","embeddable":true,"href":"https:\/\/cebem.org\/index.php?rest_route=%2Fwp%2Fv2%2Fcategories&post=12958"},{"taxonomy":"post_tag","embeddable":true,"href":"https:\/\/cebem.org\/index.php?rest_route=%2Fwp%2Fv2%2Ftags&post=12958"}],"curies":[{"name":"wp","href":"https:\/\/api.w.org\/{rel}","templated":true}]}}