
{"id":12890,"date":"2023-07-13T16:26:54","date_gmt":"2023-07-13T20:26:54","guid":{"rendered":"https:\/\/cebem.org\/?p=12890"},"modified":"2023-07-13T16:26:55","modified_gmt":"2023-07-13T20:26:55","slug":"los-bosques-tropicales-estado-de-situacion-en-su-dia-internacional-calendario-ambiental","status":"publish","type":"post","link":"https:\/\/cebem.org\/?p=12890","title":{"rendered":"Los Bosques Tropicales- Estado de situaci\u00f3n en su d\u00eda internacional- Calendario Ambiental"},"content":{"rendered":"\n<p>Cada 26 de junio se celebra el \u201cDia Internacional de Bosques Tropicales\u201d<\/p>\n\n\n\n<p>Los bosques tropicales se encuentran ubicados entre los Tr\u00f3picos de Capricornio y C\u00e1ncer, cerca de la L\u00ednea del Ecuador, en pa\u00edses de Sur Am\u00e9rica, \u00c1frica y el sudoeste de Asia.<\/p>\n\n\n\n<p>Podemos se\u00f1alar que <em>\u201cAl estar en el tr\u00f3pico, este tipo de bosques tienen una temperatura promedio entre los 20-25 grados cent\u00edgrados, acceso a abundante luz solar durante todo el a\u00f1o y lluvias frecuentes en la mayor\u00eda de sus territorios. Esto permite el crecimiento de una gran diversidad de especies de plantas y animales.\u201d<\/em> (WWF, 2022)<\/p>\n\n\n\n<p>Los bosques tropicales ocupan s\u00f3lo el 7% de la superficie terrestre y el 2% del total del globo. Aproximadamente la mitad de la superficie, que son unas 1000 hect\u00e1reas, son selvas h\u00famedas concentradas en Latinoam\u00e9rica, \u00c1frica y el Sudeste asi\u00e1tico, siendo la m\u00e1s grande la regi\u00f3n del Amazonas. (Ecured, en l\u00ednea)<\/p>\n\n\n\n<figure class=\"wp-block-image size-large\"><img data-recalc-dims=\"1\" decoding=\"async\" src=\"https:\/\/i0.wp.com\/www.mongabay.com\/images\/rainforests\/world-rainforest-map-sm.jpg?w=750\" alt=\"\"\/><\/figure>\n\n\n\n<p class=\"has-text-align-center\"><em>Fuente: Mongabay<\/em><\/p>\n\n\n\n<p>A pesar de su reducido porcentaje, podemos se\u00f1alar que<em> \u201cun kil\u00f3metro de este tipo de bosques puede tener m\u00e1s de 100 especies de \u00e1rboles diferentes y sus territorios representan alrededor del 80% de las especies documentadas en el mundo\u201d <\/em>(WWF, 2022)<\/p>\n\n\n\n<p>Algunas caracter\u00edsticas de los bosques tropicales podemos resumirlas en las siguientes:<\/p>\n\n\n\n<ul class=\"wp-block-list\">\n<li>Por su vegetaci\u00f3n, estos bosques generan enormes cantidades de ox\u00edgeno.<\/li>\n\n\n\n<li>Son grandes absorbentes de calor, por lo que ayudan a mantener la temperatura global del planeta.<\/li>\n\n\n\n<li>Act\u00faan como protectores de las cuencas hidrogr\u00e1ficas en las que est\u00e1n ubicados.<\/li>\n\n\n\n<li>Ayudan a evitar la contaminaci\u00f3n almacenando el 50% del CO2 del planeta, que queda almacenado en las plantas.<\/li>\n\n\n\n<li>Son aut\u00e9nticas reservas animales, puesto que tienen unas condiciones perfectas para que desarrollen su vida. A su vez, son un refugio perfecto para muchos animales de tipo migratorio. Por todo esto, en los bosques tropicales encontramos la mitad de las especies que hay en la Tierra.<\/li>\n\n\n\n<li>Act\u00faan de protector del suelo ante las precipitaciones. (Juste, 2021)<\/li>\n<\/ul>\n\n\n\n<p>Ahor, \u00bfCu\u00e1l es el estado de situaci\u00f3n? en la actualidad: <\/p>\n\n\n\n<ul class=\"wp-block-list\">\n<li>Los bosques tropicales del mundo se est\u00e1n perdiendo a un ritmo acelerado.<\/li>\n\n\n\n<li>Cada a\u00f1o, se destruye un \u00e1rea forestal del tama\u00f1o de Austria, de unos 12- 13 millones de hect\u00e1reas.23,24 (Weisse, 2018 y FAO, 2010 citado en: Interfaithrainforest)<\/li>\n\n\n\n<li>De este bosque perdido, unos 3.6 millones de hect\u00e1reas son bosques tropicales primarios, bosques tropicales antiguos con el mayor almacenamiento de carbono y biodiversidad.25 (Weisse, 2019 citado en: Interfaithrainforest)<\/li>\n\n\n\n<li>En la \u00faltima d\u00e9cada, el mundo perdi\u00f3 un \u00e1rea de cobertura arb\u00f3rea equivalente al \u00e1rea combinada de Francia, Alemania y el Reino Unido. Esta p\u00e9rdida de bosques est\u00e1 socavando los esfuerzos internacionales para abordar el cambio clim\u00e1tico, lograr un desarrollo sostenible y promover los derechos humanos, la paz y la seguridad.<\/li>\n\n\n\n<li>Si el patr\u00f3n contin\u00faa, el mundo perder\u00e1 289 millones de hect\u00e1reas de bosques tropicales para 2050, un \u00e1rea del tama\u00f1o de la India.(Busch, 2017 citado en: Interfaithrainforest)<\/li>\n\n\n\n<li>Una cuarta parte de la Amazon\u00eda est\u00e1 en camino de ser cortada para 2030, y Borneo podr\u00eda perder la mitad de su cubierta forestal restante para el mismo a\u00f1o. (WWF, 2015 citado en: Interfaithrainforest)<\/li>\n<\/ul>\n\n\n\n<p>Los desaf\u00edos de conservaci\u00f3n y uso sostenible de los bosques tropicales son numerosos. Concientizar sobre las Buenas pr\u00e1cticas que podemos impulsar en la materia, permitir\u00edan contribuir al trabajo en esta fecha de la conmemoraci\u00f3n a nivel mundial.<\/p>\n\n\n\n<p><strong>Bibliograf\u00eda consultada para el desarrollo del articulo<\/strong><\/p>\n\n\n\n<ul class=\"wp-block-list\">\n<li>ECURED (en l\u00ednea) Bosque tropical. <a href=\"https:\/\/www.ecured.cu\/Bosque_tropical\">https:\/\/www.ecured.cu\/Bosque_tropical<\/a><\/li>\n\n\n\n<li>WWW (2022) \u00bfQu\u00e9 son los bosques tropicales?. <a href=\"https:\/\/www.wwf.org.co\/?329990\/Glosario-ambiental-Que-son-los-bosques-tropicales\">https:\/\/www.wwf.org.co\/?329990\/Glosario-ambiental-Que-son-los-bosques-tropicales<\/a><\/li>\n\n\n\n<li>Juste, I (2021) Bosques tropicales: caracter\u00edsticas, flora y fauna. <a href=\"https:\/\/www.ecologiaverde.com\/bosques-tropicales-caracteristicas-flora-y-fauna-1670.html\">https:\/\/www.ecologiaverde.com\/bosques-tropicales-caracteristicas-flora-y-fauna-1670.html<\/a><\/li>\n\n\n\n<li>Interfaithrainforest (2019)&nbsp; Bosques Tropicales. Un recurso bajo amenaza. Un manual tem\u00e1tico para l\u00edderes religiosos y comunidades de fehttps:\/\/www.interfaithrainforest.org\/s\/Interfaith_IssuePrimer_TropicalForests_ES.pdf<\/li>\n\n\n\n<li>Fuente imagen de portada: <a href=\"https:\/\/pixabay.com\/es\/photos\/flora-bosques-tropical-camino-5692356\/\">Flora Bosques Tropical &#8211; Foto gratis en Pixabay &#8211; Pixabay<\/a><\/li>\n<\/ul>\n\n\n\n<p>*Texto desarrollado por Lorena G. Coria en el marco del Proyecto Observatorio Ambiental del CEBEM REDESMA<\/p>\n","protected":false},"excerpt":{"rendered":"<p>Los bosques tropicales se encuentran ubicados entre los Tr\u00f3picos de Capricornio y C\u00e1ncer, cerca de la L\u00ednea del Ecuador, en pa\u00edses de Sur Am\u00e9rica, \u00c1frica y el sudoeste de Asia.<\/p>\n","protected":false},"author":14,"featured_media":12904,"comment_status":"closed","ping_status":"closed","sticky":false,"template":"","format":"standard","meta":{"_jetpack_memberships_contains_paid_content":false,"footnotes":"","jetpack_publicize_message":"","jetpack_publicize_feature_enabled":true,"jetpack_social_post_already_shared":true,"jetpack_social_options":{"image_generator_settings":{"template":"highway","default_image_id":0,"font":"","enabled":false},"version":2}},"categories":[1],"tags":[1462,1034,1478],"class_list":["post-12890","post","type-post","status-publish","format-standard","has-post-thumbnail","hentry","category-noticias","tag-calendario-ambiental","tag-educacion-ambiental","tag-observatorio-ambiental-cebem-redesma","item-wrap"],"jetpack_publicize_connections":[],"jetpack_featured_media_url":"https:\/\/i0.wp.com\/cebem.org\/wp-content\/uploads\/2023\/06\/flora-5692356_1280.jpg?fit=1280%2C853&ssl=1","jetpack_sharing_enabled":true,"_links":{"self":[{"href":"https:\/\/cebem.org\/index.php?rest_route=\/wp\/v2\/posts\/12890","targetHints":{"allow":["GET"]}}],"collection":[{"href":"https:\/\/cebem.org\/index.php?rest_route=\/wp\/v2\/posts"}],"about":[{"href":"https:\/\/cebem.org\/index.php?rest_route=\/wp\/v2\/types\/post"}],"author":[{"embeddable":true,"href":"https:\/\/cebem.org\/index.php?rest_route=\/wp\/v2\/users\/14"}],"replies":[{"embeddable":true,"href":"https:\/\/cebem.org\/index.php?rest_route=%2Fwp%2Fv2%2Fcomments&post=12890"}],"version-history":[{"count":4,"href":"https:\/\/cebem.org\/index.php?rest_route=\/wp\/v2\/posts\/12890\/revisions"}],"predecessor-version":[{"id":12968,"href":"https:\/\/cebem.org\/index.php?rest_route=\/wp\/v2\/posts\/12890\/revisions\/12968"}],"wp:featuredmedia":[{"embeddable":true,"href":"https:\/\/cebem.org\/index.php?rest_route=\/wp\/v2\/media\/12904"}],"wp:attachment":[{"href":"https:\/\/cebem.org\/index.php?rest_route=%2Fwp%2Fv2%2Fmedia&parent=12890"}],"wp:term":[{"taxonomy":"category","embeddable":true,"href":"https:\/\/cebem.org\/index.php?rest_route=%2Fwp%2Fv2%2Fcategories&post=12890"},{"taxonomy":"post_tag","embeddable":true,"href":"https:\/\/cebem.org\/index.php?rest_route=%2Fwp%2Fv2%2Ftags&post=12890"}],"curies":[{"name":"wp","href":"https:\/\/api.w.org\/{rel}","templated":true}]}}