
{"id":1286,"date":"2016-08-02T10:54:59","date_gmt":"2016-08-02T14:54:59","guid":{"rendered":"http:\/\/cebem.org\/?p=1286"},"modified":"2016-08-02T10:54:59","modified_gmt":"2016-08-02T14:54:59","slug":"cultivos-geneticamente-modificados-benefician-a-la-salud-y-el-medioambiente","status":"publish","type":"post","link":"https:\/\/cebem.org\/?p=1286","title":{"rendered":"Cultivos Gen\u00e9ticamente Modificados Benefician a la Salud y el Medioambiente"},"content":{"rendered":"<p>En un mundo con menos tierra para cultivar, menos agua para utilizar, m\u00e1s bocas por alimentar y la evidencia de las consecuencias del cambio clim\u00e1tico, el desaf\u00edo de reducir la huella ambiental, la dependencia a los combustibles f\u00f3siles e, incluso, en algunos pa\u00edses, menos fondos p\u00fablicos y una lenta legislaci\u00f3n a favor de la agrobiotecnolog\u00eda, hace que el agricultor se enfrente a una verdadera \u201ctormenta perfecta\u201d. Ante este escenario, las buenas noticias para los cultivos gen\u00e9ticamente mejorados, son: la continua innovaci\u00f3n del conocimiento cient\u00edfico, que no solo aumenta la productividad sino que reduce el uso de agua dulce, di\u00e9sel, herbicidas, insecticidas, fungicidas, etc., favoreciendo al medioambiente, a la salud de las personas y animales, adem\u00e1s que recientes pronunciamientos de la OMS\/FAO, la Academia Nacional de Ciencias de los EEUU y el abierto apoyo de 110 Premios Nobel a los cultivos gen\u00e9ticamente modificados, hacen caer por tierra mitos infundados basados en la especulaci\u00f3n, infundiendo temor en la poblaci\u00f3n.<\/p>\n<h4><strong><a href=\"http:\/\/ibce.org.bo\/noticias-detalle.php?id=593\" target=\"_blank\">M\u00e1s informaci\u00f3n<\/a><\/strong><\/h4>\n","protected":false},"excerpt":{"rendered":"<p>En un mundo con menos tierra para cultivar, menos agua para utilizar, m\u00e1s bocas por alimentar y la evidencia de las consecuencias del cambio clim\u00e1tico, el desaf\u00edo de reducir la huella ambiental, la dependencia a los combustibles f\u00f3siles e, incluso, en algunos pa\u00edses, menos fondos p\u00fablicos y una lenta legislaci\u00f3n a favor de la agrobiotecnolog\u00eda, &hellip; <\/p>\n<p><a class=\"more-link btn\" href=\"https:\/\/cebem.org\/?p=1286\">Seguir leyendo<\/a><\/p>\n","protected":false},"author":2,"featured_media":1287,"comment_status":"closed","ping_status":"closed","sticky":false,"template":"","format":"standard","meta":{"_jetpack_memberships_contains_paid_content":false,"footnotes":"","jetpack_publicize_message":"","jetpack_publicize_feature_enabled":true,"jetpack_social_post_already_shared":true,"jetpack_social_options":{"image_generator_settings":{"template":"highway","default_image_id":0,"font":"","enabled":false},"version":2}},"categories":[7],"tags":[90,83,88,89],"class_list":["post-1286","post","type-post","status-publish","format-standard","has-post-thumbnail","hentry","category-otras-publicaciones","tag-agrobiotecnologia","tag-boletin-6-julio-2016","tag-medioambiente","tag-salud","item-wrap"],"jetpack_publicize_connections":[],"jetpack_featured_media_url":"https:\/\/i0.wp.com\/cebem.org\/wp-content\/uploads\/2016\/08\/nota-prensa-foro-agrobiotecnologia-buenas-noticias-testera.jpg?fit=500%2C333&ssl=1","jetpack_sharing_enabled":true,"_links":{"self":[{"href":"https:\/\/cebem.org\/index.php?rest_route=\/wp\/v2\/posts\/1286","targetHints":{"allow":["GET"]}}],"collection":[{"href":"https:\/\/cebem.org\/index.php?rest_route=\/wp\/v2\/posts"}],"about":[{"href":"https:\/\/cebem.org\/index.php?rest_route=\/wp\/v2\/types\/post"}],"author":[{"embeddable":true,"href":"https:\/\/cebem.org\/index.php?rest_route=\/wp\/v2\/users\/2"}],"replies":[{"embeddable":true,"href":"https:\/\/cebem.org\/index.php?rest_route=%2Fwp%2Fv2%2Fcomments&post=1286"}],"version-history":[{"count":1,"href":"https:\/\/cebem.org\/index.php?rest_route=\/wp\/v2\/posts\/1286\/revisions"}],"predecessor-version":[{"id":1288,"href":"https:\/\/cebem.org\/index.php?rest_route=\/wp\/v2\/posts\/1286\/revisions\/1288"}],"wp:featuredmedia":[{"embeddable":true,"href":"https:\/\/cebem.org\/index.php?rest_route=\/wp\/v2\/media\/1287"}],"wp:attachment":[{"href":"https:\/\/cebem.org\/index.php?rest_route=%2Fwp%2Fv2%2Fmedia&parent=1286"}],"wp:term":[{"taxonomy":"category","embeddable":true,"href":"https:\/\/cebem.org\/index.php?rest_route=%2Fwp%2Fv2%2Fcategories&post=1286"},{"taxonomy":"post_tag","embeddable":true,"href":"https:\/\/cebem.org\/index.php?rest_route=%2Fwp%2Fv2%2Ftags&post=1286"}],"curies":[{"name":"wp","href":"https:\/\/api.w.org\/{rel}","templated":true}]}}