
{"id":12833,"date":"2023-06-16T15:00:00","date_gmt":"2023-06-16T19:00:00","guid":{"rendered":"https:\/\/cebem.org\/?p=12833"},"modified":"2023-06-16T15:45:10","modified_gmt":"2023-06-16T19:45:10","slug":"libro-aspecto-clave-del-cambio-climatico","status":"publish","type":"post","link":"https:\/\/cebem.org\/?p=12833","title":{"rendered":"Libro: Aspecto Clave del Cambio Clim\u00e1tico"},"content":{"rendered":"\n<p>Autor: Federico Vel\u00e1zquez de Castro Gonz\u00e1lez <\/p>\n\n\n<div class=\"wp-block-image\">\n<figure class=\"aligncenter size-large\"><img data-recalc-dims=\"1\" fetchpriority=\"high\" decoding=\"async\" width=\"643\" height=\"1024\" src=\"https:\/\/i0.wp.com\/cebem.org\/wp-content\/uploads\/2023\/06\/porta-aspectos-clave.jpg?resize=643%2C1024&#038;ssl=1\" alt=\"\" class=\"wp-image-12834\" srcset=\"https:\/\/i0.wp.com\/cebem.org\/wp-content\/uploads\/2023\/06\/porta-aspectos-clave.jpg?resize=643%2C1024&amp;ssl=1 643w, https:\/\/i0.wp.com\/cebem.org\/wp-content\/uploads\/2023\/06\/porta-aspectos-clave.jpg?resize=188%2C300&amp;ssl=1 188w, https:\/\/i0.wp.com\/cebem.org\/wp-content\/uploads\/2023\/06\/porta-aspectos-clave.jpg?resize=768%2C1223&amp;ssl=1 768w, https:\/\/i0.wp.com\/cebem.org\/wp-content\/uploads\/2023\/06\/porta-aspectos-clave.jpg?resize=600%2C956&amp;ssl=1 600w, https:\/\/i0.wp.com\/cebem.org\/wp-content\/uploads\/2023\/06\/porta-aspectos-clave.jpg?resize=964%2C1536&amp;ssl=1 964w, https:\/\/i0.wp.com\/cebem.org\/wp-content\/uploads\/2023\/06\/porta-aspectos-clave.jpg?resize=1286%2C2048&amp;ssl=1 1286w, https:\/\/i0.wp.com\/cebem.org\/wp-content\/uploads\/2023\/06\/porta-aspectos-clave.jpg?resize=750%2C1195&amp;ssl=1 750w, https:\/\/i0.wp.com\/cebem.org\/wp-content\/uploads\/2023\/06\/porta-aspectos-clave.jpg?w=1594&amp;ssl=1 1594w, https:\/\/i0.wp.com\/cebem.org\/wp-content\/uploads\/2023\/06\/porta-aspectos-clave.jpg?w=1500&amp;ssl=1 1500w\" sizes=\"(max-width: 643px) 100vw, 643px\" \/><\/figure>\n<\/div>\n\n\n<div class=\"wp-block-buttons is-content-justification-center is-layout-flex wp-container-core-buttons-is-layout-16018d1d wp-block-buttons-is-layout-flex\">\n<div class=\"wp-block-button\"><a class=\"wp-block-button__link wp-element-button\" href=\"https:\/\/www.editorialacribia.com\/libro\/aspectos-clave-del-cambio-climatico_147593\/\" target=\"_blank\" rel=\"noreferrer noopener\">Saber m\u00e1s<\/a><\/div>\n<\/div>\n","protected":false},"excerpt":{"rendered":"<p>Libro: Aspecto Clave del Cambio Clim\u00e1tico, Autor: Federico Vel\u00e1zquez de Castro Gonz\u00e1lez <\/p>\n","protected":false},"author":15,"featured_media":12834,"comment_status":"closed","ping_status":"closed","sticky":false,"template":"","format":"standard","meta":{"_jetpack_memberships_contains_paid_content":false,"footnotes":"","jetpack_publicize_message":"","jetpack_publicize_feature_enabled":true,"jetpack_social_post_already_shared":true,"jetpack_social_options":{"image_generator_settings":{"template":"highway","default_image_id":0,"font":"","enabled":false},"version":2}},"categories":[1,7],"tags":[60,74],"class_list":["post-12833","post","type-post","status-publish","format-standard","has-post-thumbnail","hentry","category-noticias","category-otras-publicaciones","tag-cambio-climatico","tag-libro","item-wrap"],"jetpack_publicize_connections":[],"jetpack_featured_media_url":"https:\/\/i0.wp.com\/cebem.org\/wp-content\/uploads\/2023\/06\/porta-aspectos-clave.jpg?fit=1594%2C2539&ssl=1","jetpack_sharing_enabled":true,"_links":{"self":[{"href":"https:\/\/cebem.org\/index.php?rest_route=\/wp\/v2\/posts\/12833","targetHints":{"allow":["GET"]}}],"collection":[{"href":"https:\/\/cebem.org\/index.php?rest_route=\/wp\/v2\/posts"}],"about":[{"href":"https:\/\/cebem.org\/index.php?rest_route=\/wp\/v2\/types\/post"}],"author":[{"embeddable":true,"href":"https:\/\/cebem.org\/index.php?rest_route=\/wp\/v2\/users\/15"}],"replies":[{"embeddable":true,"href":"https:\/\/cebem.org\/index.php?rest_route=%2Fwp%2Fv2%2Fcomments&post=12833"}],"version-history":[{"count":1,"href":"https:\/\/cebem.org\/index.php?rest_route=\/wp\/v2\/posts\/12833\/revisions"}],"predecessor-version":[{"id":12835,"href":"https:\/\/cebem.org\/index.php?rest_route=\/wp\/v2\/posts\/12833\/revisions\/12835"}],"wp:featuredmedia":[{"embeddable":true,"href":"https:\/\/cebem.org\/index.php?rest_route=\/wp\/v2\/media\/12834"}],"wp:attachment":[{"href":"https:\/\/cebem.org\/index.php?rest_route=%2Fwp%2Fv2%2Fmedia&parent=12833"}],"wp:term":[{"taxonomy":"category","embeddable":true,"href":"https:\/\/cebem.org\/index.php?rest_route=%2Fwp%2Fv2%2Fcategories&post=12833"},{"taxonomy":"post_tag","embeddable":true,"href":"https:\/\/cebem.org\/index.php?rest_route=%2Fwp%2Fv2%2Ftags&post=12833"}],"curies":[{"name":"wp","href":"https:\/\/api.w.org\/{rel}","templated":true}]}}