
{"id":12678,"date":"2023-05-29T10:26:23","date_gmt":"2023-05-29T14:26:23","guid":{"rendered":"https:\/\/cebem.org\/?p=12678"},"modified":"2023-05-29T10:26:24","modified_gmt":"2023-05-29T14:26:24","slug":"los-beneficios-del-reciclaje-calendario-ambiental","status":"publish","type":"post","link":"https:\/\/cebem.org\/?p=12678","title":{"rendered":"Los beneficios del Reciclaje- Calendario Ambiental"},"content":{"rendered":"\n<p>A partir de una iniciativa de la Organizaci\u00f3n de las Naciones Unidas para la Educaci\u00f3n, la Ciencia y la Cultura&nbsp; (UNESCO) desde el a\u00f1o 2005 se determin\u00f3 que el 17 de Mayo se instituya como el d\u00eda internacional del reciclaje.<\/p>\n\n\n\n<p>Como parte de la seguidilla de efem\u00e9rides ambientales, tiene como objetivo generar conciencia y promover el reciclaje de residuos, reducir el consumo y reutilizar los materiales a los fines de reducir el impacto sobre el ambiente y las diferentes huellas ambientales.<\/p>\n\n\n\n<p>Podemos decir que reciclaje es una palabra de origen latino, integrada por el prefijo de reiteraci\u00f3n \u00abre\u00bb, por el sustantivo \u00abkyklos\u00bb que designa un c\u00edrculo y por el sufijo der acci\u00f3n \u00abaje\u00bb. Por ende, el reciclaje es la acci\u00f3n de volver a poner en circulaci\u00f3n materiales que se hab\u00edan desechado. (Fingermann,2019)<\/p>\n\n\n\n<p>El reciclaje es un proceso que implica diferentes beneficios. Reduce el consumo de recursos naturales (renovables y no renovables) en los procesos de producci\u00f3n, as\u00ed como los impactos que genera la extracci\u00f3n y procesamiento de las materias primas.<\/p>\n\n\n\n<p>La utilizaci\u00f3n de productos reciclados disminuye tambi\u00e9n, el consumo de energ\u00eda. Se reduce tambi\u00e9n la necesidad de vertederos y de procesos como la incineraci\u00f3n, as\u00ed como las emisiones de gases de efecto invernadero (y por tanto el impacto sobre el cambio clim\u00e1tico) y otras emisiones que contaminan el aire y efluentes que contaminan el agua.<\/p>\n\n\n\n<p>Tambi\u00e9n implica nuevas oportunidades econ\u00f3micas al generar los denominados empleos verdes, aumentando la demanda de perfiles que permitan recolectar e identificar materiales, clasificarlos, determinar su proceso de reciclaje y sus nuevos usos. Este \u00faltimo punto, es el que permite generar nuevos productos.<\/p>\n\n\n\n<figure class=\"wp-block-image size-large\"><img data-recalc-dims=\"1\" fetchpriority=\"high\" decoding=\"async\" width=\"750\" height=\"500\" src=\"https:\/\/i0.wp.com\/cebem.org\/wp-content\/uploads\/2023\/05\/pollution-3441119_1280.jpg?resize=750%2C500&#038;ssl=1\" alt=\"\" class=\"wp-image-12694\" srcset=\"https:\/\/i0.wp.com\/cebem.org\/wp-content\/uploads\/2023\/05\/pollution-3441119_1280.jpg?resize=1024%2C682&amp;ssl=1 1024w, https:\/\/i0.wp.com\/cebem.org\/wp-content\/uploads\/2023\/05\/pollution-3441119_1280.jpg?resize=300%2C200&amp;ssl=1 300w, https:\/\/i0.wp.com\/cebem.org\/wp-content\/uploads\/2023\/05\/pollution-3441119_1280.jpg?resize=768%2C512&amp;ssl=1 768w, https:\/\/i0.wp.com\/cebem.org\/wp-content\/uploads\/2023\/05\/pollution-3441119_1280.jpg?resize=600%2C400&amp;ssl=1 600w, https:\/\/i0.wp.com\/cebem.org\/wp-content\/uploads\/2023\/05\/pollution-3441119_1280.jpg?resize=750%2C500&amp;ssl=1 750w, https:\/\/i0.wp.com\/cebem.org\/wp-content\/uploads\/2023\/05\/pollution-3441119_1280.jpg?w=1280&amp;ssl=1 1280w\" sizes=\"(max-width: 750px) 100vw, 750px\" \/><figcaption class=\"wp-element-caption\">Fuente Imagen Pixabay Thedigitalartist<\/figcaption><\/figure>\n\n\n\n<p>Los invitamos a indagar m\u00e1s informaci\u00f3n en el siguiente art\u00edculo que sintetiza las <a href=\"https:\/\/fanethic.com\/40-curiosidades-reciclaje\/\">40 curiosidades sobre reciclaje que no te dejar\u00e1n indiferente (fanethic.com)<\/a><\/p>\n\n\n\n<p><strong>Fuentes consultadas para el desarrollo del articulo<\/strong><\/p>\n\n\n\n<ul class=\"wp-block-list\">\n<li>Fingermann, H. (15 de junio de 2009).&nbsp;<em>Concepto de reciclaje<\/em>. Deconceptos.com. Actualizado el 30 de marzo de 2020. <a href=\"https:\/\/deconceptos.com\/ciencias-sociales\/reciclaje\">https:\/\/deconceptos.com\/ciencias-sociales\/reciclaje<\/a><\/li>\n\n\n\n<li>Fundaci\u00f3n EROSKI. Escuelas Idea Sana EROSKI Noviembre \u201cLa importancia de reciclar\u201d. Disponible: <a href=\"https:\/\/www.arpet.org\/docs\/La-importancia-de-reciclar.pdf\">https:\/\/www.arpet.org\/docs\/La-importancia-de-reciclar.pdf<\/a><\/li>\n\n\n\n<li>Conciencia Eco (2012) \u00bfQu\u00e9 es el reciclaje? Disponible en: <a href=\"https:\/\/www.concienciaeco.com\/2012\/08\/21\/que-es-el-reciclaje\/\">\u00bfQu\u00e9 es el reciclaje? &#8211; Conciencia Eco<\/a><\/li>\n\n\n\n<li>ECOEMBES. \u00bfQu\u00e9 es el reciclaje? Disponible: <a href=\"https:\/\/ecoembesdudasreciclaje.es\/que-es-el-reciclaje\/\">\u00bfQu\u00e9 es el reciclaje? &#x267b;&#xfe0f; | Ecoembes Dudas del reciclaje (ecoembesdudasreciclaje.es)<\/a><\/li>\n\n\n\n<li>FANETHIC. 40 Curiosidades sobre el reciclaje que no te dejar\u00e1n indifernete. Disponible en: <a href=\"https:\/\/fanethic.com\/40-curiosidades-reciclaje\/\">https:\/\/fanethic.com\/40-curiosidades-reciclaje\/<\/a><\/li>\n\n\n\n<li>Imagen Pixabay: <a href=\"https:\/\/pixabay.com\/es\/photos\/contaminaci%c3%b3n-basura-desperdicio-3441119\/#:~:text=Subir-,TheDigitalArtist,-14373%20seguidores\">https:\/\/pixabay.com\/es\/photos\/contaminaci%c3%b3n-basura-desperdicio-3441119\/#:~:text=Subir-,TheDigitalArtist,-14373%20seguidores<\/a><\/li>\n<\/ul>\n\n\n\n<p>*Texto desarrollado por Lorena G. Coria en el marco del Proyecto Observatorio Ambiental del CEBEM REDESMA<\/p>\n","protected":false},"excerpt":{"rendered":"<p>A partir de una iniciativa de la Organizaci\u00f3n de las Naciones Unidas para la Educaci\u00f3n, la Ciencia y la Cultura\u00a0 (UNESCO) desde el a\u00f1o 2005 se determin\u00f3 que el 17 de Mayo se instituya como el d\u00eda internacional del reciclaje.<\/p>\n","protected":false},"author":14,"featured_media":12694,"comment_status":"closed","ping_status":"closed","sticky":false,"template":"","format":"standard","meta":{"_jetpack_memberships_contains_paid_content":false,"footnotes":"","jetpack_publicize_message":"","jetpack_publicize_feature_enabled":true,"jetpack_social_post_already_shared":true,"jetpack_social_options":{"image_generator_settings":{"template":"highway","default_image_id":0,"font":"","enabled":false},"version":2}},"categories":[1],"tags":[1462,1034,1478],"class_list":["post-12678","post","type-post","status-publish","format-standard","has-post-thumbnail","hentry","category-noticias","tag-calendario-ambiental","tag-educacion-ambiental","tag-observatorio-ambiental-cebem-redesma","item-wrap"],"jetpack_publicize_connections":[],"jetpack_featured_media_url":"https:\/\/i0.wp.com\/cebem.org\/wp-content\/uploads\/2023\/05\/pollution-3441119_1280.jpg?fit=1280%2C853&ssl=1","jetpack_sharing_enabled":true,"_links":{"self":[{"href":"https:\/\/cebem.org\/index.php?rest_route=\/wp\/v2\/posts\/12678","targetHints":{"allow":["GET"]}}],"collection":[{"href":"https:\/\/cebem.org\/index.php?rest_route=\/wp\/v2\/posts"}],"about":[{"href":"https:\/\/cebem.org\/index.php?rest_route=\/wp\/v2\/types\/post"}],"author":[{"embeddable":true,"href":"https:\/\/cebem.org\/index.php?rest_route=\/wp\/v2\/users\/14"}],"replies":[{"embeddable":true,"href":"https:\/\/cebem.org\/index.php?rest_route=%2Fwp%2Fv2%2Fcomments&post=12678"}],"version-history":[{"count":3,"href":"https:\/\/cebem.org\/index.php?rest_route=\/wp\/v2\/posts\/12678\/revisions"}],"predecessor-version":[{"id":12702,"href":"https:\/\/cebem.org\/index.php?rest_route=\/wp\/v2\/posts\/12678\/revisions\/12702"}],"wp:featuredmedia":[{"embeddable":true,"href":"https:\/\/cebem.org\/index.php?rest_route=\/wp\/v2\/media\/12694"}],"wp:attachment":[{"href":"https:\/\/cebem.org\/index.php?rest_route=%2Fwp%2Fv2%2Fmedia&parent=12678"}],"wp:term":[{"taxonomy":"category","embeddable":true,"href":"https:\/\/cebem.org\/index.php?rest_route=%2Fwp%2Fv2%2Fcategories&post=12678"},{"taxonomy":"post_tag","embeddable":true,"href":"https:\/\/cebem.org\/index.php?rest_route=%2Fwp%2Fv2%2Ftags&post=12678"}],"curies":[{"name":"wp","href":"https:\/\/api.w.org\/{rel}","templated":true}]}}