
{"id":12622,"date":"2023-05-24T11:00:54","date_gmt":"2023-05-24T15:00:54","guid":{"rendered":"https:\/\/cebem.org\/?p=12622"},"modified":"2023-05-24T11:00:56","modified_gmt":"2023-05-24T15:00:56","slug":"firma-de-convenio-gam-de-potosi-y-la-ruta-del-censo","status":"publish","type":"post","link":"https:\/\/cebem.org\/?p=12622","title":{"rendered":"Firma de Convenio GAM DE POTOSI  y La Ruta del CENSO"},"content":{"rendered":"\n<p>El pasado 10 de marzo de 2023 se firmo un convenio interinstitucional con el Coordinador de la Ruta del Censo Dr. Mario Galindo, y el Gobierno Aut\u00f3nomo Municipal de Potos\u00ed representado por el ciudadano Jhonny Llally Huata, con la finalidad de acompa\u00f1ar la ejecuci\u00f3n de las actividades del proceso censal, en el marco de la <em>Ruta del Censo<\/em>.<\/p>\n\n\n<div class=\"wp-block-image\">\n<figure class=\"aligncenter size-large is-resized\"><img data-recalc-dims=\"1\" fetchpriority=\"high\" decoding=\"async\" src=\"https:\/\/i0.wp.com\/cebem.org\/wp-content\/uploads\/2023\/05\/WhatsApp-Image-2023-05-05-at-15.38.22.jpeg?resize=384%2C512&#038;ssl=1\" alt=\"\" class=\"wp-image-12686\" width=\"384\" height=\"512\" srcset=\"https:\/\/i0.wp.com\/cebem.org\/wp-content\/uploads\/2023\/05\/WhatsApp-Image-2023-05-05-at-15.38.22.jpeg?resize=768%2C1024&amp;ssl=1 768w, https:\/\/i0.wp.com\/cebem.org\/wp-content\/uploads\/2023\/05\/WhatsApp-Image-2023-05-05-at-15.38.22.jpeg?resize=225%2C300&amp;ssl=1 225w, https:\/\/i0.wp.com\/cebem.org\/wp-content\/uploads\/2023\/05\/WhatsApp-Image-2023-05-05-at-15.38.22.jpeg?resize=600%2C800&amp;ssl=1 600w, https:\/\/i0.wp.com\/cebem.org\/wp-content\/uploads\/2023\/05\/WhatsApp-Image-2023-05-05-at-15.38.22.jpeg?resize=1152%2C1536&amp;ssl=1 1152w, https:\/\/i0.wp.com\/cebem.org\/wp-content\/uploads\/2023\/05\/WhatsApp-Image-2023-05-05-at-15.38.22.jpeg?resize=750%2C1000&amp;ssl=1 750w, https:\/\/i0.wp.com\/cebem.org\/wp-content\/uploads\/2023\/05\/WhatsApp-Image-2023-05-05-at-15.38.22.jpeg?w=1200&amp;ssl=1 1200w\" sizes=\"(max-width: 384px) 100vw, 384px\" \/><\/figure>\n<\/div>\n\n\n<div data-wp-interactive=\"core\/file\" class=\"wp-block-file\"><object data-wp-bind--hidden=\"!state.hasPdfPreview\" hidden class=\"wp-block-file__embed\" data=\"https:\/\/cebem.org\/wp-content\/uploads\/2023\/05\/Convenio-de-cooperacion-Interinstitucional-entre-CEBEM-y-el-Gobierno-Autonomo-Municipal-de-Potosi.pdf\" type=\"application\/pdf\" style=\"width:100%;height:600px\" aria-label=\"Incrustado de Convenio con el Gobierno Aut\u00f3nomo Municipal de Potos\u00ed\u00ed.\"><\/object><a id=\"wp-block-file--media-7040581d-7630-4d05-9906-e74685fedd2d\" href=\"https:\/\/cebem.org\/wp-content\/uploads\/2023\/05\/Convenio-de-cooperacion-Interinstitucional-entre-CEBEM-y-el-Gobierno-Autonomo-Municipal-de-Potosi.pdf\" target=\"_blank\" rel=\"noreferrer noopener\">Convenio con el Gobierno Aut\u00f3nomo Municipal de Potos\u00ed\u00ed<\/a><a href=\"https:\/\/cebem.org\/wp-content\/uploads\/2023\/05\/Convenio-de-cooperacion-Interinstitucional-entre-CEBEM-y-el-Gobierno-Autonomo-Municipal-de-Potosi.pdf\" class=\"wp-block-file__button wp-element-button\" download aria-describedby=\"wp-block-file--media-7040581d-7630-4d05-9906-e74685fedd2d\">Descarga<\/a><\/div>\n","protected":false},"excerpt":{"rendered":"<p>Firma de convenio interinstitucional entre el Director de CEBEM y Coordinador de la Ruta del Censo Dr. Mario Galindo, y el Gobierno Aut\u00f3nomo de Potos\u00ed<\/p>\n","protected":false},"author":15,"featured_media":12686,"comment_status":"closed","ping_status":"closed","sticky":false,"template":"","format":"standard","meta":{"_jetpack_memberships_contains_paid_content":false,"footnotes":"","jetpack_publicize_message":"","jetpack_publicize_feature_enabled":false,"jetpack_social_post_already_shared":false,"jetpack_social_options":{"image_generator_settings":{"template":"highway","default_image_id":0,"font":"","enabled":false},"version":2}},"categories":[1543],"tags":[1779,1831],"class_list":["post-12622","post","type-post","status-publish","format-standard","has-post-thumbnail","hentry","category-rutacenso","tag-convenio","tag-la-ruta-del-censo","item-wrap"],"jetpack_publicize_connections":[],"jetpack_featured_media_url":"https:\/\/i0.wp.com\/cebem.org\/wp-content\/uploads\/2023\/05\/WhatsApp-Image-2023-05-05-at-15.38.22.jpeg?fit=1200%2C1600&ssl=1","jetpack_sharing_enabled":true,"_links":{"self":[{"href":"https:\/\/cebem.org\/index.php?rest_route=\/wp\/v2\/posts\/12622","targetHints":{"allow":["GET"]}}],"collection":[{"href":"https:\/\/cebem.org\/index.php?rest_route=\/wp\/v2\/posts"}],"about":[{"href":"https:\/\/cebem.org\/index.php?rest_route=\/wp\/v2\/types\/post"}],"author":[{"embeddable":true,"href":"https:\/\/cebem.org\/index.php?rest_route=\/wp\/v2\/users\/15"}],"replies":[{"embeddable":true,"href":"https:\/\/cebem.org\/index.php?rest_route=%2Fwp%2Fv2%2Fcomments&post=12622"}],"version-history":[{"count":3,"href":"https:\/\/cebem.org\/index.php?rest_route=\/wp\/v2\/posts\/12622\/revisions"}],"predecessor-version":[{"id":12688,"href":"https:\/\/cebem.org\/index.php?rest_route=\/wp\/v2\/posts\/12622\/revisions\/12688"}],"wp:featuredmedia":[{"embeddable":true,"href":"https:\/\/cebem.org\/index.php?rest_route=\/wp\/v2\/media\/12686"}],"wp:attachment":[{"href":"https:\/\/cebem.org\/index.php?rest_route=%2Fwp%2Fv2%2Fmedia&parent=12622"}],"wp:term":[{"taxonomy":"category","embeddable":true,"href":"https:\/\/cebem.org\/index.php?rest_route=%2Fwp%2Fv2%2Fcategories&post=12622"},{"taxonomy":"post_tag","embeddable":true,"href":"https:\/\/cebem.org\/index.php?rest_route=%2Fwp%2Fv2%2Ftags&post=12622"}],"curies":[{"name":"wp","href":"https:\/\/api.w.org\/{rel}","templated":true}]}}