
{"id":12538,"date":"2023-05-08T15:54:24","date_gmt":"2023-05-08T19:54:24","guid":{"rendered":"https:\/\/cebem.org\/?p=12538"},"modified":"2023-05-08T17:22:13","modified_gmt":"2023-05-08T21:22:13","slug":"agrotendecias-2023-seminario-sobre-perspectivas-agropecuarias","status":"publish","type":"post","link":"https:\/\/cebem.org\/?p=12538","title":{"rendered":"Agrotendecias 2023: Seminario sobre Perspectivas Agropecuarias"},"content":{"rendered":"<div class=\"wp-block-image\">\n<figure class=\"aligncenter size-large\"><img data-recalc-dims=\"1\" fetchpriority=\"high\" decoding=\"async\" width=\"750\" height=\"224\" src=\"https:\/\/i0.wp.com\/cebem.org\/wp-content\/uploads\/2023\/05\/hero-bg2022.jpg?resize=750%2C224&#038;ssl=1\" alt=\"\" class=\"wp-image-12620\" srcset=\"https:\/\/i0.wp.com\/cebem.org\/wp-content\/uploads\/2023\/05\/hero-bg2022.jpg?resize=1024%2C306&amp;ssl=1 1024w, https:\/\/i0.wp.com\/cebem.org\/wp-content\/uploads\/2023\/05\/hero-bg2022.jpg?resize=300%2C90&amp;ssl=1 300w, https:\/\/i0.wp.com\/cebem.org\/wp-content\/uploads\/2023\/05\/hero-bg2022.jpg?resize=768%2C230&amp;ssl=1 768w, https:\/\/i0.wp.com\/cebem.org\/wp-content\/uploads\/2023\/05\/hero-bg2022.jpg?resize=600%2C179&amp;ssl=1 600w, https:\/\/i0.wp.com\/cebem.org\/wp-content\/uploads\/2023\/05\/hero-bg2022.jpg?resize=1536%2C459&amp;ssl=1 1536w, https:\/\/i0.wp.com\/cebem.org\/wp-content\/uploads\/2023\/05\/hero-bg2022.jpg?resize=750%2C224&amp;ssl=1 750w, https:\/\/i0.wp.com\/cebem.org\/wp-content\/uploads\/2023\/05\/hero-bg2022.jpg?w=1914&amp;ssl=1 1914w\" sizes=\"(max-width: 750px) 100vw, 750px\" \/><\/figure>\n<\/div>\n\n\n<p>La Federaci\u00f3n de Acopiadores de Granos invita a una nueva edici\u00f3n de su prestigioso seminario \u201cAgrotendencias\u201d. El \u201cOutlook de la Argentina\u201d vuelve a abrir sus puertas con el prop\u00f3sito de contribuir a la producci\u00f3n y comercializaci\u00f3n de granos, brindando la m\u00e1s completa y valiosa informaci\u00f3n para la cadena en un a\u00f1o plagado de desaf\u00edos.<\/p>\n\n\n\n<p>El encuentro albergar\u00e1 el tradicional \u201cLanzamiento de la Campa\u00f1a Fina\u201d de la Bolsa de Cereales de Buenos Aires y reunir\u00e1 el abordaje en profundidad de los principales temas vinculados a las tecnolog\u00edas de producci\u00f3n, los insumos, la intenci\u00f3n de siembra, el clima y el aporte del sector a la econom\u00eda nacional. Tambi\u00e9n se incluir\u00e1 el an\u00e1lisis de los mercados de la mano de los expertos y las opiniones de los sectores que integran la cadena agroindustrial. Adem\u00e1s, frente a un a\u00f1o electoral, el an\u00e1lisis pol\u00edtico y econ\u00f3mico de los especialistas.<\/p>\n\n\n\n<p>La Federaci\u00f3n de Acopiadores considera que es una obligaci\u00f3n institucional ofrecer esta clase de encuentros, tanto para los participantes del sector, como para quienes se interesan por los grandes temas de la Argentina productiva.<\/p>\n\n\n\n<p>La jornada se desarrollar\u00e1 el martes 16 de mayo pr\u00f3ximo en el Sal\u00f3n de Operaciones de la Bolsa de Cereales de Buenos Aires.<\/p>\n\n\n\n<h4 class=\"wp-block-heading\"><a href=\"https:\/\/www.agrotendencias.com.ar\/?utm_source=newsletter&amp;utm_campaign=20953-Agrotendencias+2023+-+Primer+env%C3%ADo&amp;utm_medium=email\" data-type=\"URL\" data-id=\"https:\/\/www.agrotendencias.com.ar\/?utm_source=newsletter&amp;utm_campaign=20953-Agrotendencias+2023+-+Primer+env%C3%ADo&amp;utm_medium=email\" target=\"_blank\" rel=\"noreferrer noopener\">Saber m\u00e1s.<\/a><\/h4>\n","protected":false},"excerpt":{"rendered":"<p>Agrotendecias 2023: Seminario sobre Perspectivas Agropecuarias, 16 de mayo<\/p>\n","protected":false},"author":15,"featured_media":12620,"comment_status":"closed","ping_status":"closed","sticky":false,"template":"","format":"standard","meta":{"_jetpack_memberships_contains_paid_content":false,"footnotes":"","jetpack_publicize_message":"","jetpack_publicize_feature_enabled":true,"jetpack_social_post_already_shared":true,"jetpack_social_options":{"image_generator_settings":{"template":"highway","default_image_id":0,"font":"","enabled":false},"version":2}},"categories":[34,1],"tags":[1910,19],"class_list":["post-12538","post","type-post","status-publish","format-standard","has-post-thumbnail","hentry","category-eventos","category-noticias","tag-agrotendencias","tag-seminario","item-wrap"],"jetpack_publicize_connections":[],"jetpack_featured_media_url":"https:\/\/i0.wp.com\/cebem.org\/wp-content\/uploads\/2023\/05\/hero-bg2022.jpg?fit=1914%2C572&ssl=1","jetpack_sharing_enabled":true,"_links":{"self":[{"href":"https:\/\/cebem.org\/index.php?rest_route=\/wp\/v2\/posts\/12538","targetHints":{"allow":["GET"]}}],"collection":[{"href":"https:\/\/cebem.org\/index.php?rest_route=\/wp\/v2\/posts"}],"about":[{"href":"https:\/\/cebem.org\/index.php?rest_route=\/wp\/v2\/types\/post"}],"author":[{"embeddable":true,"href":"https:\/\/cebem.org\/index.php?rest_route=\/wp\/v2\/users\/15"}],"replies":[{"embeddable":true,"href":"https:\/\/cebem.org\/index.php?rest_route=%2Fwp%2Fv2%2Fcomments&post=12538"}],"version-history":[{"count":1,"href":"https:\/\/cebem.org\/index.php?rest_route=\/wp\/v2\/posts\/12538\/revisions"}],"predecessor-version":[{"id":12621,"href":"https:\/\/cebem.org\/index.php?rest_route=\/wp\/v2\/posts\/12538\/revisions\/12621"}],"wp:featuredmedia":[{"embeddable":true,"href":"https:\/\/cebem.org\/index.php?rest_route=\/wp\/v2\/media\/12620"}],"wp:attachment":[{"href":"https:\/\/cebem.org\/index.php?rest_route=%2Fwp%2Fv2%2Fmedia&parent=12538"}],"wp:term":[{"taxonomy":"category","embeddable":true,"href":"https:\/\/cebem.org\/index.php?rest_route=%2Fwp%2Fv2%2Fcategories&post=12538"},{"taxonomy":"post_tag","embeddable":true,"href":"https:\/\/cebem.org\/index.php?rest_route=%2Fwp%2Fv2%2Ftags&post=12538"}],"curies":[{"name":"wp","href":"https:\/\/api.w.org\/{rel}","templated":true}]}}