
{"id":12533,"date":"2023-05-09T16:12:45","date_gmt":"2023-05-09T20:12:45","guid":{"rendered":"https:\/\/cebem.org\/?p=12533"},"modified":"2023-05-09T16:12:47","modified_gmt":"2023-05-09T20:12:47","slug":"balance-del-curso-de-cambio-climatico-y-educacion-ambiental","status":"publish","type":"post","link":"https:\/\/cebem.org\/?p=12533","title":{"rendered":"Balance del curso de Cambio clim\u00e1tico y Educaci\u00f3n Ambiental"},"content":{"rendered":"\n<p>Durante el mes de Marzo y Abril de 2023 se desarroll\u00f3 la primera edici\u00f3n del curso \u201cCambio Clim\u00e1tico y Educaci\u00f3n Ambiental.&nbsp; Caja de Herramientas Educativas Para el Trabajo en Materia de Acci\u00f3n Clim\u00e1tica\u201d desde CEBEM y REDESMA.<\/p>\n\n\n\n<p>Contamos en esta oportunidad con un grupo de m\u00e1s de 20 estudiantes que han participado en las diferentes actividades y que responden a diversos tipos de formaci\u00f3n disciplinar: as\u00ed contamos para esta edici\u00f3n con profesionales de la Geograf\u00eda, Ingenier\u00eda Ambiental, Salud P\u00fablica, Biolog\u00eda de Per\u00fa, M\u00e9xico y Bolivia. <\/p>\n\n\n\n<p>El curso reconoce:<\/p>\n\n\n\n<p><em>\u201cLa Educaci\u00f3n Ambiental permite trabajar los temas de Cambio Clim\u00e1tico: sensibilizando a la poblaci\u00f3n sobre la problem\u00e1tica, socializando el conocimiento sobre las relaciones din\u00e1micas que implica todo el proceso y preparando a los actores para la participaci\u00f3n y acci\u00f3n ambiental.<\/em><em><\/em><\/p>\n\n\n\n<p><em>As\u00ed, la Educaci\u00f3n Ambiental se fundamenta en compromisos, valores, fomenta actitudes y aptitudes en el marco de un proceso de participaci\u00f3n por parte de los diferentes. La finalidad \u00faltima, es contribuir para la soluci\u00f3n de las problem\u00e1ticas ambientales desde la conformaci\u00f3n de un espacio de responsabilidad ambiental.<\/em><em><\/em><\/p>\n\n\n\n<p><em>Los desaf\u00edos del Cambio Clim\u00e1tico imponen un pulso con mayor dinamismo. Los diferentes actores requieren herramientas de trabajo que permitan el acercamiento te\u00f3rico y metodol\u00f3gico de la educaci\u00f3n ambiental para el avance con diferentes audiencias en el \u00e1mbito formal, no formal e informal.\u201d<\/em> (L. Coria, 2023)<\/p>\n\n\n\n<p>El curso se propuso avanzar sobre los fundamentos del Cambio Clim\u00e1tico para reconocer los instrumentos y herramientas de educaci\u00f3n ambiental que pueden aplicarse a la problem\u00e1tica conformando una caja de herramientas espec\u00edfica.<\/p>\n\n\n\n<p>As\u00ed se avanz\u00f3 sobre seis m\u00f3dulos durante seis semanas, que permitieron revisar la relaci\u00f3n Ambiente-Cambio Clim\u00e1tico, desde la concepci\u00f3n sist\u00e9mica de ambiente, pasando por los problemas ambientales, crisis ambiental y crisis clim\u00e1tica, causas y efectos del cambio clim\u00e1tico, hasta las medidas de mitigaci\u00f3n y adaptaci\u00f3n. <\/p>\n\n\n\n<p>Luego se avanz\u00f3 sobre los Fundamentos de la Educaci\u00f3n Ambiental, incluyendo los fundamentos te\u00f3ricos, los principales autores, los objetivos, tipos, metas de la Educaci\u00f3n Ambiental. <\/p>\n\n\n\n<p>Finalmente se dedican tres m\u00f3dulos a la fase de herramientas analizando sus objetivos, beneficios y aplicaci\u00f3n espec\u00edfica a los temas de Cambio Clim\u00e1tico.<\/p>\n\n\n\n<p>Los estudiantes desarrollaron diversas actividades: creaci\u00f3n de su blog de aprendizaje, cuestionarios choice, cuestionares de autoevaluaci\u00f3n, ensayos sobre t\u00f3picos preestablecidos, mapas conceptuales y participaci\u00f3n en foros debate. <\/p>\n\n\n\n<p>Compartimos la actividad de cierre con los estudiantes que sintetiza las palabras claves.<\/p>\n\n\n\n<figure class=\"wp-block-image size-full is-resized\"><img data-recalc-dims=\"1\" fetchpriority=\"high\" decoding=\"async\" src=\"https:\/\/i0.wp.com\/cebem.org\/wp-content\/uploads\/2023\/05\/Resumen.jpg?resize=479%2C243&#038;ssl=1\" alt=\"\" class=\"wp-image-12642\" width=\"479\" height=\"243\" srcset=\"https:\/\/i0.wp.com\/cebem.org\/wp-content\/uploads\/2023\/05\/Resumen.jpg?w=428&amp;ssl=1 428w, https:\/\/i0.wp.com\/cebem.org\/wp-content\/uploads\/2023\/05\/Resumen.jpg?resize=300%2C152&amp;ssl=1 300w\" sizes=\"(max-width: 479px) 100vw, 479px\" \/><\/figure>\n\n\n\n<p>Los invitamos a participar de la pr\u00f3xima edici\u00f3n que inicia en el mes de Junio: <a href=\"https:\/\/cebem.org\/?p=12440\">Curso virtual: Cambio Clim\u00e1tico y Educaci\u00f3n Ambiental.&nbsp; Caja de Herramientas Educativas Para el Trabajo en Materia de Acci\u00f3n Clim\u00e1tica. (2da Edici\u00f3n) \u2013 Cebem<\/a><\/p>\n\n\n\n<figure class=\"wp-block-image size-full\"><img data-recalc-dims=\"1\" decoding=\"async\" width=\"750\" height=\"629\" src=\"https:\/\/i0.wp.com\/cebem.org\/wp-content\/uploads\/2023\/05\/Curso-Educacion-Ambiental-y-CC-Junio-1.jpg?resize=750%2C629&#038;ssl=1\" alt=\"\" class=\"wp-image-12643\" srcset=\"https:\/\/i0.wp.com\/cebem.org\/wp-content\/uploads\/2023\/05\/Curso-Educacion-Ambiental-y-CC-Junio-1.jpg?w=940&amp;ssl=1 940w, https:\/\/i0.wp.com\/cebem.org\/wp-content\/uploads\/2023\/05\/Curso-Educacion-Ambiental-y-CC-Junio-1.jpg?resize=300%2C251&amp;ssl=1 300w, https:\/\/i0.wp.com\/cebem.org\/wp-content\/uploads\/2023\/05\/Curso-Educacion-Ambiental-y-CC-Junio-1.jpg?resize=768%2C644&amp;ssl=1 768w, https:\/\/i0.wp.com\/cebem.org\/wp-content\/uploads\/2023\/05\/Curso-Educacion-Ambiental-y-CC-Junio-1.jpg?resize=600%2C503&amp;ssl=1 600w, https:\/\/i0.wp.com\/cebem.org\/wp-content\/uploads\/2023\/05\/Curso-Educacion-Ambiental-y-CC-Junio-1.jpg?resize=750%2C629&amp;ssl=1 750w\" sizes=\"(max-width: 750px) 100vw, 750px\" \/><\/figure>\n","protected":false},"excerpt":{"rendered":"<p>Durante el mes de Marzo y Abril de 2023 se desarroll\u00f3 la primera edici\u00f3n del curso \u201cCambio Clim\u00e1tico y Educaci\u00f3n Ambiental.\u00a0 Caja de Herramientas Educativas Para el Trabajo en Materia de Acci\u00f3n Clim\u00e1tica\u201d desde CEBEM y REDESMA.<\/p>\n","protected":false},"author":14,"featured_media":12641,"comment_status":"closed","ping_status":"closed","sticky":false,"template":"","format":"standard","meta":{"_jetpack_memberships_contains_paid_content":false,"footnotes":"","jetpack_publicize_message":"","jetpack_publicize_feature_enabled":true,"jetpack_social_post_already_shared":true,"jetpack_social_options":{"image_generator_settings":{"template":"highway","default_image_id":0,"font":"","enabled":false},"version":2}},"categories":[1],"tags":[38,1034],"class_list":["post-12533","post","type-post","status-publish","format-standard","has-post-thumbnail","hentry","category-noticias","tag-curso","tag-educacion-ambiental","item-wrap"],"jetpack_publicize_connections":[],"jetpack_featured_media_url":"https:\/\/i0.wp.com\/cebem.org\/wp-content\/uploads\/2023\/05\/ball-3290624_1280.jpg?fit=1280%2C853&ssl=1","jetpack_sharing_enabled":true,"_links":{"self":[{"href":"https:\/\/cebem.org\/index.php?rest_route=\/wp\/v2\/posts\/12533","targetHints":{"allow":["GET"]}}],"collection":[{"href":"https:\/\/cebem.org\/index.php?rest_route=\/wp\/v2\/posts"}],"about":[{"href":"https:\/\/cebem.org\/index.php?rest_route=\/wp\/v2\/types\/post"}],"author":[{"embeddable":true,"href":"https:\/\/cebem.org\/index.php?rest_route=\/wp\/v2\/users\/14"}],"replies":[{"embeddable":true,"href":"https:\/\/cebem.org\/index.php?rest_route=%2Fwp%2Fv2%2Fcomments&post=12533"}],"version-history":[{"count":4,"href":"https:\/\/cebem.org\/index.php?rest_route=\/wp\/v2\/posts\/12533\/revisions"}],"predecessor-version":[{"id":12646,"href":"https:\/\/cebem.org\/index.php?rest_route=\/wp\/v2\/posts\/12533\/revisions\/12646"}],"wp:featuredmedia":[{"embeddable":true,"href":"https:\/\/cebem.org\/index.php?rest_route=\/wp\/v2\/media\/12641"}],"wp:attachment":[{"href":"https:\/\/cebem.org\/index.php?rest_route=%2Fwp%2Fv2%2Fmedia&parent=12533"}],"wp:term":[{"taxonomy":"category","embeddable":true,"href":"https:\/\/cebem.org\/index.php?rest_route=%2Fwp%2Fv2%2Fcategories&post=12533"},{"taxonomy":"post_tag","embeddable":true,"href":"https:\/\/cebem.org\/index.php?rest_route=%2Fwp%2Fv2%2Ftags&post=12533"}],"curies":[{"name":"wp","href":"https:\/\/api.w.org\/{rel}","templated":true}]}}