
{"id":12501,"date":"2023-04-18T11:40:17","date_gmt":"2023-04-18T15:40:17","guid":{"rendered":"https:\/\/cebem.org\/?p=12501"},"modified":"2023-04-18T11:40:18","modified_gmt":"2023-04-18T15:40:18","slug":"boletin-semanal-de-noticias-del-instituto-de-estudios-urbanos-ieu","status":"publish","type":"post","link":"https:\/\/cebem.org\/?p=12501","title":{"rendered":"Bolet\u00edn Semanal de Noticias del Instituto de Estudios Urbanos &#8211; IEU"},"content":{"rendered":"<div class=\"wp-block-image\">\n<figure class=\"aligncenter size-full\"><img data-recalc-dims=\"1\" fetchpriority=\"high\" decoding=\"async\" width=\"613\" height=\"97\" src=\"https:\/\/i0.wp.com\/cebem.org\/wp-content\/uploads\/2023\/04\/baner-IEU.jpg?resize=613%2C97&#038;ssl=1\" alt=\"\" class=\"wp-image-12502\" srcset=\"https:\/\/i0.wp.com\/cebem.org\/wp-content\/uploads\/2023\/04\/baner-IEU.jpg?w=613&amp;ssl=1 613w, https:\/\/i0.wp.com\/cebem.org\/wp-content\/uploads\/2023\/04\/baner-IEU.jpg?resize=300%2C47&amp;ssl=1 300w, https:\/\/i0.wp.com\/cebem.org\/wp-content\/uploads\/2023\/04\/baner-IEU.jpg?resize=600%2C95&amp;ssl=1 600w\" sizes=\"(max-width: 613px) 100vw, 613px\" \/><\/figure>\n<\/div>\n\n\n<h4 class=\"wp-block-heading\">&#x200d;H\u00c1BITAT PALAF\u00cdTICO. VIDA ACU\u00c1TICA EN EL CARIBE COLOMBIANO<\/h4>\n\n\n\n<p>El pasado mes de diciembre se public\u00f3 el libro: H\u00e1bitat palaf\u00edtico, vida acu\u00e1tica en el Caribe colombiano. En el texto los autores Cecilia L\u00f3pez P\u00e9rez, Harold Medina Garz\u00f3n, Mart\u00edn Anzellini y quien escribe, abordamos las condiciones particulares de producci\u00f3n de una arquitectura regional dada en el Caribe.<\/p>\n\n\n\n<p><strong>Leer la noticia en el siguiente link:<\/strong><a rel=\"noreferrer noopener\" href=\"https:\/\/boletines.horizontea.com\/c\/wmmzdop\/afqoabtw\/imn_cmalshm\" target=\"_blank\"> <\/a><a href=\"http:\/\/www.institutodeestudiosurbanos.info\/index.php?option=com_acym&amp;ctrl=fronturl&amp;task=click&amp;urlid=737&amp;userid=14715&amp;mailid=102\" data-type=\"URL\" data-id=\"http:\/\/www.institutodeestudiosurbanos.info\/index.php?option=com_acym&amp;ctrl=fronturl&amp;task=click&amp;urlid=737&amp;userid=14715&amp;mailid=102\" target=\"_blank\" rel=\"noreferrer noopener\">http:\/\/www.institutodeestudiosurbanos.info\/index.php?option=com_acym&amp;ctrl=fronturl&amp;task=click&amp;urlid=737&amp;userid=14715&amp;mailid=102<\/a><\/p>\n\n\n\n<h4 class=\"wp-block-heading\">LAS APP Y LAS VENTAS AMBULANTES EN LA DISCUSI\u00d3N SOBRE EL ESPACIO<br>P\u00daBLICO EN MANIZALES<\/h4>\n\n\n\n<p>La recuperaci\u00f3n del espacio p\u00fablico y la integraci\u00f3n de los vendedores ambulantes y otros actores es uno de los temas que se analizan desde la Universidad Nacional de Colombia, sede Manizales. El IEU&#8211;UNAL dialog\u00f3 con tres investigadoras sobre la problem\u00e1tica y sus propuestas&#8230;&#8230;.. ver la noticia<strong> <a rel=\"noreferrer noopener\" href=\"http:\/\/www.institutodeestudiosurbanos.info\/index.php?option=com_acym&amp;ctrl=fronturl&amp;task=click&amp;urlid=740&amp;userid=14715&amp;mailid=102\" target=\"_blank\">AQUI<\/a><\/strong>.<\/p>\n\n\n\n<h4 class=\"wp-block-heading\">LAS ELECCIONES MUNICIPALES BOGOTANAS: UNA CLAVE ANAL\u00cdTICA PARA EL<br>ESTUDIO DE LA CIUDAD<\/h4>\n\n\n\n<p>Adriana Mar\u00eda Su\u00e1rez Mayorga** realiza un comentario sobre su art\u00edculo \u00abApelando a la conciliaci\u00f3n nacional: los comicios de 1904 para Concejo de Bogot\u00e1\u00bb, publicado en la revista \u00abCiudades, Estados y<br>Pol\u00edtica\u00bb del IEU de la UNAL de Colombia&#8230;.<\/p>\n\n\n\n<h4 class=\"wp-block-heading\"><a href=\"http:\/\/www.institutodeestudiosurbanos.info\/index.php?option=com_acym&amp;ctrl=fronturl&amp;task=click&amp;urlid=743&amp;userid=14715&amp;mailid=102\" target=\"_blank\" rel=\"noreferrer noopener\">Leer m\u00e1s.<\/a><\/h4>\n\n\n\n<h4 class=\"wp-block-heading\">LAS ELECCIONES MUNICIPALES BOGOTANAS: UNA CLAVE ANAL\u00cdTICA PARA EL<br>ESTUDIO DE LA CIUDAD<\/h4>\n\n\n\n<p>#PODCASTRADIOUNAL ARRIENDOS EN BOGOT\u00c1, UNA MIRADA DESDE LOS BARRIOS<br>POPULARES<\/p>\n\n\n\n<p>El mercado de arrendamiento residencial es un mecanismo trascendental a la hora de atender el d\u00e9ficit de vivienda actual que tiene el pa\u00eds y principalmente Bogot\u00e1. El 50.2% de los hogares bogotanos viven en<br>arriendo, y las localidades con \u00edndices altos en arrendamientos corresponden a Los M\u00e1rtires, Ciudad Bol\u00edvar, Bosa y Usme.<a rel=\"noreferrer noopener\" href=\"http:\/\/www.institutodeestudiosurbanos.info\/index.php?option=com_acym&amp;ctrl=fronturl&amp;task=click&amp;urlid=746&amp;userid=14715&amp;mailid=102\" data-type=\"URL\" data-id=\"http:\/\/www.institutodeestudiosurbanos.info\/index.php?option=com_acym&amp;ctrl=fronturl&amp;task=click&amp;urlid=746&amp;userid=14715&amp;mailid=102\" target=\"_blank\"> <strong>AQU\u00cd.<\/strong><\/a><\/p>\n","protected":false},"excerpt":{"rendered":"<p>C&#x200d;onozca las \u00faltimas noticias y eventos del Instituto de Estudios Urbanos -IEU de la Universidad de Colombia.<\/p>\n","protected":false},"author":15,"featured_media":12502,"comment_status":"closed","ping_status":"closed","sticky":false,"template":"","format":"standard","meta":{"_jetpack_memberships_contains_paid_content":false,"footnotes":"","jetpack_publicize_message":"","jetpack_publicize_feature_enabled":true,"jetpack_social_post_already_shared":true,"jetpack_social_options":{"image_generator_settings":{"template":"highway","default_image_id":0,"font":"","enabled":false},"version":2}},"categories":[5],"tags":[558,1905],"class_list":["post-12501","post","type-post","status-publish","format-standard","has-post-thumbnail","hentry","category-boletin","tag-ieu","tag-instituto-de-estudios-urbanos","item-wrap"],"jetpack_publicize_connections":[],"jetpack_featured_media_url":"https:\/\/i0.wp.com\/cebem.org\/wp-content\/uploads\/2023\/04\/baner-IEU.jpg?fit=613%2C97&ssl=1","jetpack_sharing_enabled":true,"_links":{"self":[{"href":"https:\/\/cebem.org\/index.php?rest_route=\/wp\/v2\/posts\/12501","targetHints":{"allow":["GET"]}}],"collection":[{"href":"https:\/\/cebem.org\/index.php?rest_route=\/wp\/v2\/posts"}],"about":[{"href":"https:\/\/cebem.org\/index.php?rest_route=\/wp\/v2\/types\/post"}],"author":[{"embeddable":true,"href":"https:\/\/cebem.org\/index.php?rest_route=\/wp\/v2\/users\/15"}],"replies":[{"embeddable":true,"href":"https:\/\/cebem.org\/index.php?rest_route=%2Fwp%2Fv2%2Fcomments&post=12501"}],"version-history":[{"count":1,"href":"https:\/\/cebem.org\/index.php?rest_route=\/wp\/v2\/posts\/12501\/revisions"}],"predecessor-version":[{"id":12503,"href":"https:\/\/cebem.org\/index.php?rest_route=\/wp\/v2\/posts\/12501\/revisions\/12503"}],"wp:featuredmedia":[{"embeddable":true,"href":"https:\/\/cebem.org\/index.php?rest_route=\/wp\/v2\/media\/12502"}],"wp:attachment":[{"href":"https:\/\/cebem.org\/index.php?rest_route=%2Fwp%2Fv2%2Fmedia&parent=12501"}],"wp:term":[{"taxonomy":"category","embeddable":true,"href":"https:\/\/cebem.org\/index.php?rest_route=%2Fwp%2Fv2%2Fcategories&post=12501"},{"taxonomy":"post_tag","embeddable":true,"href":"https:\/\/cebem.org\/index.php?rest_route=%2Fwp%2Fv2%2Ftags&post=12501"}],"curies":[{"name":"wp","href":"https:\/\/api.w.org\/{rel}","templated":true}]}}