
{"id":12387,"date":"2023-04-11T09:51:23","date_gmt":"2023-04-11T13:51:23","guid":{"rendered":"https:\/\/cebem.org\/?p=12387"},"modified":"2023-04-11T09:51:25","modified_gmt":"2023-04-11T13:51:25","slug":"la-importancia-del-clima-calendario-ambiental","status":"publish","type":"post","link":"https:\/\/cebem.org\/?p=12387","title":{"rendered":"La importancia del Clima- Calendario Ambiental"},"content":{"rendered":"\n<p>A partir de la resoluci\u00f3n de Naciones Unidas, se celebra el 26 de Marzo el d\u00eda Mundial del Clima. Su origen se reconoce durante la &nbsp;Conferencia de Naciones Unidas sobre Ambiente y Desarrollo de 1992 de Rio de Janeiro.<\/p>\n\n\n\n<p>Su objetivo es concientizar a la poblaci\u00f3n sobre la importancia del clima y su incidencia sobre nuestras acciones y actividades a los fines de promover h\u00e1bitos ambientalmente m\u00e1s adecuados.<\/p>\n\n\n\n<p>Nuestros modos de vida y de producci\u00f3n inciden en las condiciones ambientales y en la actualidad se ha evidenciado de forma m\u00e1s aguda la incidencia sobre el clima.<\/p>\n\n\n\n<p>\u00bfDe qu\u00e9 hablamos cuando hablamos de clima?<\/p>\n\n\n\n<p>El&nbsp;<strong>clima<\/strong>&nbsp;se suele definir en sentido restringido como el estado promedio del tiempo y, m\u00e1s rigurosamente, como una descripci\u00f3n estad\u00edstica del tiempo atmosf\u00e9rico en t\u00e9rminos de los valores medios y de la variabilidad de las magnitudes correspondientes durante per\u00edodos que pueden abarcar desde meses hasta millares o millones de a\u00f1os. El per\u00edodo de promedio habitual es de 30 a\u00f1os, seg\u00fan la definici\u00f3n de la Organizaci\u00f3n Meteorol\u00f3gica Mundial. (Glosario Centro UC Cambio global, en l\u00ednea). El t\u00e9rmino se diferencia de Tiempo y de sistema clim\u00e1tico.<\/p>\n\n\n\n<figure class=\"wp-block-image size-full\"><img data-recalc-dims=\"1\" fetchpriority=\"high\" decoding=\"async\" width=\"640\" height=\"384\" src=\"https:\/\/i0.wp.com\/cebem.org\/wp-content\/uploads\/2023\/04\/hand-gd1834104f_640.jpg?resize=640%2C384&#038;ssl=1\" alt=\"\" class=\"wp-image-12460\" srcset=\"https:\/\/i0.wp.com\/cebem.org\/wp-content\/uploads\/2023\/04\/hand-gd1834104f_640.jpg?w=640&amp;ssl=1 640w, https:\/\/i0.wp.com\/cebem.org\/wp-content\/uploads\/2023\/04\/hand-gd1834104f_640.jpg?resize=300%2C180&amp;ssl=1 300w, https:\/\/i0.wp.com\/cebem.org\/wp-content\/uploads\/2023\/04\/hand-gd1834104f_640.jpg?resize=600%2C360&amp;ssl=1 600w\" sizes=\"(max-width: 640px) 100vw, 640px\" \/><figcaption class=\"wp-element-caption\">Fuente Imagen: Geralt en Pixabay<\/figcaption><\/figure>\n\n\n\n<p>La importancia del clima y la incidencia antr\u00f3pica en el proceso de cambio clim\u00e1tico se ha hecho evidente en el marco de los diversos instrumentos de gesti\u00f3n y pol\u00edtica ambiental a nivel internacional. Desde la Convenci\u00f3n sobre &nbsp;Cambio Clim\u00e1tico, el Acuerdo de Par\u00eds y la Agenda 2030.<\/p>\n\n\n\n<p>As\u00ed en el marco del ODS 13 \u201cAcci\u00f3n por el clima\u201d que persigue \u201cAdoptar medidas urgentes para combatir el cambio clim\u00e1tico y sus efectos\u201d plantea como metas:<\/p>\n\n\n\n<p><em><strong>13.1<\/strong>&nbsp;Fortalecer la resiliencia y la capacidad de adaptaci\u00f3n a los riesgos relacionados con el clima y los desastres naturales en todos los pa\u00edses<\/em><\/p>\n\n\n\n<p><em><strong>13.2<\/strong>&nbsp;Incorporar medidas relativas al cambio clim\u00e1tico en las pol\u00edticas, estrategias y planes nacionales<\/em><\/p>\n\n\n\n<p><em><strong>13.3<\/strong>&nbsp;Mejorar la educaci\u00f3n, la sensibilizaci\u00f3n y la capacidad humana e institucional respecto de la mitigaci\u00f3n del cambio clim\u00e1tico, la adaptaci\u00f3n a \u00e9l, la reducci\u00f3n de sus efectos y la alerta temprana<\/em><\/p>\n\n\n\n<p><em><strong>13.a<\/strong>&nbsp;Cumplir el compromiso de los pa\u00edses desarrollados que son partes en la Convenci\u00f3n Marco de las Naciones Unidas sobre el Cambio Clim\u00e1tico de lograr para el a\u00f1o 2020 el objetivo de movilizar conjuntamente 100.000 millones de d\u00f3lares anuales procedentes de todas las fuentes a fin de atender las necesidades de los pa\u00edses en desarrollo respecto de la adopci\u00f3n de medidas concretas de mitigaci\u00f3n y la transparencia de su aplicaci\u00f3n, y poner en pleno funcionamiento el Fondo Verde para el Clima capitaliz\u00e1ndolo lo antes posible<\/em><\/p>\n\n\n\n<p><em><strong>13.b<\/strong>&nbsp;Promover mecanismos para aumentar la capacidad para la planificaci\u00f3n y gesti\u00f3n eficaces en relaci\u00f3n con el cambio clim\u00e1tico en los pa\u00edses menos adelantados y los peque\u00f1os Estados insulares en desarrollo, haciendo particular hincapi\u00e9 en las mujeres, los j\u00f3venes y las comunidades locales y marginadas<\/em><\/p>\n\n\n\n<p>A los fines de pasar a la acci\u00f3n, dejamos el material de consulta de \u201c<a href=\"https:\/\/www.un.org\/es\/actnow\/\">Act\u00faa ahora<\/a>\u201d. Se trata de la campa\u00f1a de Naciones Unidas destinada a la acci\u00f3n individual frente al cambio clim\u00e1tico y a la sostenibilidad. \u201cCada uno de nosotros puede contribuir a reducir el cambio clim\u00e1tico y a cuidar de nuestro planeta. Mediante el cambio de nuestros h\u00e1bitos y la toma de decisiones que conlleven menos efectos perjudiciales para el medio ambiente, tenemos la capacidad de enfrentarnos al cambio clim\u00e1tico y construir un mundo m\u00e1s sostenible.\u201d<\/p>\n\n\n\n<p><strong><em>Fuentes consultadas para el desarrollo del art\u00edculo<\/em><\/strong>:<\/p>\n\n\n\n<p>CENTRO UC CAMBIO GLOBAL. Glosario. Disponible en: <a href=\"https:\/\/cambioglobal.uc.cl\/comunicacion-y-recursos\/recursos\/glosario\/clima\">https:\/\/cambioglobal.uc.cl\/comunicacion-y-recursos\/recursos\/glosario\/clima<\/a><\/p>\n\n\n\n<p>NACIONES UNIDAS. ODS 13. Disponible en: <a href=\"https:\/\/www.un.org\/sustainabledevelopment\/es\/climate-action\/\">https:\/\/www.un.org\/sustainabledevelopment\/es\/climate-action\/<\/a><\/p>\n\n\n\n<p class=\"has-small-font-size\"><em>*Texto desarrollado por Lorena G. Coria para Proyecto Observatorio Ambiental del CEBEM REDESMA<\/em><\/p>\n","protected":false},"excerpt":{"rendered":"<p>A partir de la resoluci\u00f3n de Naciones Unidas, se celebra el 26 de Marzo el d\u00eda Mundial del Clima.<\/p>\n","protected":false},"author":14,"featured_media":12460,"comment_status":"closed","ping_status":"closed","sticky":false,"template":"","format":"standard","meta":{"_jetpack_memberships_contains_paid_content":false,"footnotes":"","jetpack_publicize_message":"","jetpack_publicize_feature_enabled":true,"jetpack_social_post_already_shared":true,"jetpack_social_options":{"image_generator_settings":{"template":"highway","default_image_id":0,"font":"","enabled":false},"version":2}},"categories":[1],"tags":[1462,1034,1478],"class_list":["post-12387","post","type-post","status-publish","format-standard","has-post-thumbnail","hentry","category-noticias","tag-calendario-ambiental","tag-educacion-ambiental","tag-observatorio-ambiental-cebem-redesma","item-wrap"],"jetpack_publicize_connections":[],"jetpack_featured_media_url":"https:\/\/i0.wp.com\/cebem.org\/wp-content\/uploads\/2023\/04\/hand-gd1834104f_640.jpg?fit=640%2C384&ssl=1","jetpack_sharing_enabled":true,"_links":{"self":[{"href":"https:\/\/cebem.org\/index.php?rest_route=\/wp\/v2\/posts\/12387","targetHints":{"allow":["GET"]}}],"collection":[{"href":"https:\/\/cebem.org\/index.php?rest_route=\/wp\/v2\/posts"}],"about":[{"href":"https:\/\/cebem.org\/index.php?rest_route=\/wp\/v2\/types\/post"}],"author":[{"embeddable":true,"href":"https:\/\/cebem.org\/index.php?rest_route=\/wp\/v2\/users\/14"}],"replies":[{"embeddable":true,"href":"https:\/\/cebem.org\/index.php?rest_route=%2Fwp%2Fv2%2Fcomments&post=12387"}],"version-history":[{"count":4,"href":"https:\/\/cebem.org\/index.php?rest_route=\/wp\/v2\/posts\/12387\/revisions"}],"predecessor-version":[{"id":12464,"href":"https:\/\/cebem.org\/index.php?rest_route=\/wp\/v2\/posts\/12387\/revisions\/12464"}],"wp:featuredmedia":[{"embeddable":true,"href":"https:\/\/cebem.org\/index.php?rest_route=\/wp\/v2\/media\/12460"}],"wp:attachment":[{"href":"https:\/\/cebem.org\/index.php?rest_route=%2Fwp%2Fv2%2Fmedia&parent=12387"}],"wp:term":[{"taxonomy":"category","embeddable":true,"href":"https:\/\/cebem.org\/index.php?rest_route=%2Fwp%2Fv2%2Fcategories&post=12387"},{"taxonomy":"post_tag","embeddable":true,"href":"https:\/\/cebem.org\/index.php?rest_route=%2Fwp%2Fv2%2Ftags&post=12387"}],"curies":[{"name":"wp","href":"https:\/\/api.w.org\/{rel}","templated":true}]}}