
{"id":12358,"date":"2023-03-21T14:55:48","date_gmt":"2023-03-21T18:55:48","guid":{"rendered":"https:\/\/cebem.org\/?p=12358"},"modified":"2023-03-21T14:55:50","modified_gmt":"2023-03-21T18:55:50","slug":"escuela-de-emprendedores-seminario-taller-empresa-social-alternativa-productiva-y-desafios-de-la-transformacion","status":"publish","type":"post","link":"https:\/\/cebem.org\/?p=12358","title":{"rendered":"Escuela de Emprendedores &#8211; Seminario Taller: Empresa Social Alternativa Productiva y Desaf\u00edos de la Transformaci\u00f3n"},"content":{"rendered":"\n<p>En el marco del programa de fortalecimiento organizacional de la\u00a0<strong>Red AIPE<\/strong>, apoyado por el Programa DAC SOLIDAR, de la cooperaci\u00f3n suiza en colaboraci\u00f3n con la Representaci\u00f3n del Reino de Suecia en Bolivia, Les comunicamos que la Red AIPE, est\u00e1 lanzando su\u00a0<strong>ESCUELA DE EMPRENDEDORES<\/strong>, como parte de las actividades de su 41\u00aa Asamblea Nacional de las instituciones de la\u00a0<strong>Red AIPE<\/strong>, que se realizar\u00e1 en la ciudad de Cochabamba el pr\u00f3ximo 30 de marzo, en horas de la Tarde, en los salones del Americana Hotel (Calle Esteban Arce, # 778).<\/p>\n\n\n\n<p>Como una de las Organizaciones beneficiarias del\u00a0<strong>FORTALECIMIENTO ORGANIZACIONAL<\/strong>\u00a0del Programa DAC, y rescatando el sentido del trabajo colaborativo, ampliamos este espacio a toda Instituci\u00f3n socia DAC, interesada en la tem\u00e1tica de los emprendimientos sociales para ONG a participar de este espacio pero, al\u00a0<strong>NO<\/strong>\u00a0tratarse de una actividad organizada\/convocada por el DAC, no se cubren medios para asistir al evento, pero valoramos sobremanera su inter\u00e9s de participar en la oportunidad.<\/p>\n\n\n\n<div data-wp-interactive=\"core\/file\" class=\"wp-block-file\"><object data-wp-bind--hidden=\"!state.hasPdfPreview\" hidden class=\"wp-block-file__embed\" data=\"https:\/\/cebem.org\/wp-content\/uploads\/2023\/03\/Programa-tarde-30.pdf\" type=\"application\/pdf\" style=\"width:100%;height:750px\" aria-label=\"Incrustado de Programa del Seminario Taller.\"><\/object><a id=\"wp-block-file--media-9d095b74-9255-485d-aee4-c5aba686f591\" href=\"https:\/\/cebem.org\/wp-content\/uploads\/2023\/03\/Programa-tarde-30.pdf\">Programa del Seminario Taller<\/a><a href=\"https:\/\/cebem.org\/wp-content\/uploads\/2023\/03\/Programa-tarde-30.pdf\" class=\"wp-block-file__button wp-element-button\" download aria-describedby=\"wp-block-file--media-9d095b74-9255-485d-aee4-c5aba686f591\">Descarga<\/a><\/div>\n","protected":false},"excerpt":{"rendered":"<p>, Les comunicamos que la Red AIPE, est\u00e1 lanzando su\u00a0ESCUELA DE EMPRENDEDORES, como parte de las actividades de su 41\u00aa Asamblea Nacional de las instituciones de la\u00a0Red AIPE, que se realizar\u00e1 en la ciudad de Cochabamba el pr\u00f3ximo 30 de marzo<\/p>\n","protected":false},"author":15,"featured_media":12360,"comment_status":"closed","ping_status":"closed","sticky":false,"template":"","format":"standard","meta":{"_jetpack_memberships_contains_paid_content":false,"footnotes":"","jetpack_publicize_message":"","jetpack_publicize_feature_enabled":true,"jetpack_social_post_already_shared":true,"jetpack_social_options":{"image_generator_settings":{"template":"highway","default_image_id":0,"font":"","enabled":false},"version":2}},"categories":[34],"tags":[],"class_list":["post-12358","post","type-post","status-publish","format-standard","has-post-thumbnail","hentry","category-eventos","item-wrap"],"jetpack_publicize_connections":[],"jetpack_featured_media_url":"https:\/\/i0.wp.com\/cebem.org\/wp-content\/uploads\/2023\/03\/image.png?fit=1441%2C1080&ssl=1","jetpack_sharing_enabled":true,"_links":{"self":[{"href":"https:\/\/cebem.org\/index.php?rest_route=\/wp\/v2\/posts\/12358","targetHints":{"allow":["GET"]}}],"collection":[{"href":"https:\/\/cebem.org\/index.php?rest_route=\/wp\/v2\/posts"}],"about":[{"href":"https:\/\/cebem.org\/index.php?rest_route=\/wp\/v2\/types\/post"}],"author":[{"embeddable":true,"href":"https:\/\/cebem.org\/index.php?rest_route=\/wp\/v2\/users\/15"}],"replies":[{"embeddable":true,"href":"https:\/\/cebem.org\/index.php?rest_route=%2Fwp%2Fv2%2Fcomments&post=12358"}],"version-history":[{"count":1,"href":"https:\/\/cebem.org\/index.php?rest_route=\/wp\/v2\/posts\/12358\/revisions"}],"predecessor-version":[{"id":12361,"href":"https:\/\/cebem.org\/index.php?rest_route=\/wp\/v2\/posts\/12358\/revisions\/12361"}],"wp:featuredmedia":[{"embeddable":true,"href":"https:\/\/cebem.org\/index.php?rest_route=\/wp\/v2\/media\/12360"}],"wp:attachment":[{"href":"https:\/\/cebem.org\/index.php?rest_route=%2Fwp%2Fv2%2Fmedia&parent=12358"}],"wp:term":[{"taxonomy":"category","embeddable":true,"href":"https:\/\/cebem.org\/index.php?rest_route=%2Fwp%2Fv2%2Fcategories&post=12358"},{"taxonomy":"post_tag","embeddable":true,"href":"https:\/\/cebem.org\/index.php?rest_route=%2Fwp%2Fv2%2Ftags&post=12358"}],"curies":[{"name":"wp","href":"https:\/\/api.w.org\/{rel}","templated":true}]}}