
{"id":12332,"date":"2023-03-16T15:16:14","date_gmt":"2023-03-16T19:16:14","guid":{"rendered":"https:\/\/cebem.org\/?p=12332"},"modified":"2023-03-16T15:16:15","modified_gmt":"2023-03-16T19:16:15","slug":"compartimos-informacion-sobre-el-censo-la-actualizacion-cartografica-estadistica-ace-tiene-un-avance-del-48-a-nivel-nacional-ine","status":"publish","type":"post","link":"https:\/\/cebem.org\/?p=12332","title":{"rendered":"Compartimos informaci\u00f3n sobre el Censo: La Actualizaci\u00f3n Cartogr\u00e1fica Estad\u00edstica (ACE) tiene un avance del 48% a nivel nacional &#8211; INE"},"content":{"rendered":"\n<p>La Actualizaci\u00f3n Cartogr\u00e1fica Estad\u00edstica (ACE), correspondiente a la etapa pre censal y rumbo al Censo del 23 de marzo de 2024, registra un avance del 48% a nivel nacional, inform\u00f3 Humberto Arandia, Director General Ejecutivo del Instituto Nacional de Estad\u00edstica (INE), en conferencia de prensa.<\/p>\n\n\n\n<p>El departamento que presenta mayor avance es Pando con el 99%, seguido de Beni con 96%, luego est\u00e1 Oruro con el 88%, a estos, le siguen los departamentos de Tarija con 64%, Chuquisaca con 62% y Potos\u00ed con 55%. En el eje troncal, el departamento de Santa Cruz registr\u00f3 un 48%, La Paz un 38% y finalmente se tiene a Cochabamba con 28% de avance &#8211; Fuente el INE.<a href=\"https:\/\/censo.ine.gob.bo\/2022\/12\/23\/la-actualizacion-cartografica-estadistica-ace-tiene-un-avance-del-48-a-nivel-nacional\/\" data-type=\"URL\" data-id=\"https:\/\/censo.ine.gob.bo\/2022\/12\/23\/la-actualizacion-cartografica-estadistica-ace-tiene-un-avance-del-48-a-nivel-nacional\/\" target=\"_blank\" rel=\"noreferrer noopener\"> <strong>M\u00e1s Informaci\u00f3n<\/strong><\/a><\/p>\n","protected":false},"excerpt":{"rendered":"<p>La Actualizaci\u00f3n Cartogr\u00e1fica Estad\u00edstica (ACE), correspondiente a la etapa pre censal y rumbo al Censo del 23 de marzo de 2024, registra un avance del 48% a nivel nacional, inform\u00f3 Humberto Arandia, Director General Ejecutivo del Instituto Nacional de Estad\u00edstica (INE)<\/p>\n","protected":false},"author":15,"featured_media":11569,"comment_status":"closed","ping_status":"closed","sticky":false,"template":"","format":"standard","meta":{"_jetpack_memberships_contains_paid_content":false,"footnotes":"","jetpack_publicize_message":"","jetpack_publicize_feature_enabled":true,"jetpack_social_post_already_shared":true,"jetpack_social_options":{"image_generator_settings":{"template":"highway","default_image_id":0,"font":"","enabled":false},"version":2}},"categories":[1543],"tags":[1890,1891,1831],"class_list":["post-12332","post","type-post","status-publish","format-standard","has-post-thumbnail","hentry","category-rutacenso","tag-cartografia","tag-ine","tag-la-ruta-del-censo","item-wrap"],"jetpack_publicize_connections":[],"jetpack_featured_media_url":"https:\/\/i0.wp.com\/cebem.org\/wp-content\/uploads\/2022\/09\/Banner-ruta-del-censo.jpeg?fit=1280%2C1038&ssl=1","jetpack_sharing_enabled":true,"_links":{"self":[{"href":"https:\/\/cebem.org\/index.php?rest_route=\/wp\/v2\/posts\/12332","targetHints":{"allow":["GET"]}}],"collection":[{"href":"https:\/\/cebem.org\/index.php?rest_route=\/wp\/v2\/posts"}],"about":[{"href":"https:\/\/cebem.org\/index.php?rest_route=\/wp\/v2\/types\/post"}],"author":[{"embeddable":true,"href":"https:\/\/cebem.org\/index.php?rest_route=\/wp\/v2\/users\/15"}],"replies":[{"embeddable":true,"href":"https:\/\/cebem.org\/index.php?rest_route=%2Fwp%2Fv2%2Fcomments&post=12332"}],"version-history":[{"count":1,"href":"https:\/\/cebem.org\/index.php?rest_route=\/wp\/v2\/posts\/12332\/revisions"}],"predecessor-version":[{"id":12333,"href":"https:\/\/cebem.org\/index.php?rest_route=\/wp\/v2\/posts\/12332\/revisions\/12333"}],"wp:featuredmedia":[{"embeddable":true,"href":"https:\/\/cebem.org\/index.php?rest_route=\/wp\/v2\/media\/11569"}],"wp:attachment":[{"href":"https:\/\/cebem.org\/index.php?rest_route=%2Fwp%2Fv2%2Fmedia&parent=12332"}],"wp:term":[{"taxonomy":"category","embeddable":true,"href":"https:\/\/cebem.org\/index.php?rest_route=%2Fwp%2Fv2%2Fcategories&post=12332"},{"taxonomy":"post_tag","embeddable":true,"href":"https:\/\/cebem.org\/index.php?rest_route=%2Fwp%2Fv2%2Ftags&post=12332"}],"curies":[{"name":"wp","href":"https:\/\/api.w.org\/{rel}","templated":true}]}}