
{"id":12317,"date":"2023-03-14T11:38:04","date_gmt":"2023-03-14T15:38:04","guid":{"rendered":"https:\/\/cebem.org\/?p=12317"},"modified":"2023-03-14T11:38:05","modified_gmt":"2023-03-14T15:38:05","slug":"fundacion-bbva-abierta-la-convocatoria-a-xviii-premios-a-la-conservacion-de-la-biodiversidad-hasta-el-31-de-marzo","status":"publish","type":"post","link":"https:\/\/cebem.org\/?p=12317","title":{"rendered":"Fundaci\u00f3n BBVA: Abierta la Convocatoria a XVIII Premios a la Conservaci\u00f3n de la Biodiversidad hasta el 31 de marzo."},"content":{"rendered":"\n<p class=\"has-black-color has-text-color\"><strong>ABIERTA NUEVA CONVOCATORIA<\/strong><\/p>\n\n\n\n<p>Los Premios a la Conservaci\u00f3n de la Biodiversidad de la Fundaci\u00f3n BBVA pretenden reconocer e incentivar la labor de las organizaciones conservacionistas, las instituciones y los organismos que desarrollan pol\u00edticas o funciones de conservaci\u00f3n medioambiental , as\u00ed como la de profesionales de la comunicaci\u00f3n que contribuyen con su trabajo a proteger el patrimonio natural.<\/p>\n\n\n\n<p>Se contemplan tres modalidades de premios:<\/p>\n\n\n\n<ul class=\"wp-block-list\">\n<li>Premio Fundaci\u00f3n BBVA a la Conservaci\u00f3n de la Biodiversidad en Espa\u00f1a, dotado con 250.000 euros<\/li>\n<\/ul>\n\n\n\n<ul class=\"wp-block-list\">\n<li> Premio Mundial Fundaci\u00f3n BBVA a la Conservaci\u00f3n de la Biodiversidad, dotado con 250.000 euros<\/li>\n<\/ul>\n\n\n\n<ul class=\"wp-block-list\">\n<li>Premio Fundaci\u00f3n BBVA a la Difusi\u00f3n del Conocimiento y Sensibilizaci\u00f3n en Conservaci\u00f3n de la Biodiversidad en Espa\u00f1a, dotado con 80.000 euros<\/li>\n<\/ul>\n\n\n\n<p>Fecha l\u00edmite de recepci\u00f3n de candidaturas: 31 de marzo de 2023 a las 12.00 (hora peninsular espa\u00f1ola).<\/p>\n\n\n\n<p>Informaci\u00f3n de la convocatoria, bases y formularios <strong><a rel=\"noreferrer noopener\" href=\"https:\/\/www.biophilia-fbbva.es\/premios\/xviii-premios-a-la-conservacion-de-la-biodiversidad\/\" data-type=\"URL\" data-id=\"https:\/\/www.biophilia-fbbva.es\/premios\/xviii-premios-a-la-conservacion-de-la-biodiversidad\/\" target=\"_blank\">aqu\u00ed<\/a><\/strong>.<\/p>\n\n\n\n<p>Puede consultar nuestra Pol\u00edtica de protecci\u00f3n de Datos Personales <strong>aqu\u00ed<\/strong>.<\/p>\n","protected":false},"excerpt":{"rendered":"<p>Los Premios Fundaci\u00f3n BBVA a la Conservaci\u00f3n de la Biodiversidad pretenden reconocer e incentivar la labor de las organizaciones conservacionistas, las instituciones y los organismos que desarrollan pol\u00edticas o funciones de conservaci\u00f3n medioambiental, as\u00ed como la de profesionales de la comunicaci\u00f3n que contribuyen con su trabajo a proteger el patrimonio natural.<\/p>\n","protected":false},"author":15,"featured_media":12318,"comment_status":"closed","ping_status":"closed","sticky":false,"template":"","format":"standard","meta":{"_jetpack_memberships_contains_paid_content":false,"footnotes":"","jetpack_publicize_message":"","jetpack_publicize_feature_enabled":true,"jetpack_social_post_already_shared":true,"jetpack_social_options":{"image_generator_settings":{"template":"highway","default_image_id":0,"font":"","enabled":false},"version":2}},"categories":[8],"tags":[1875,85,1005,1888],"class_list":["post-12317","post","type-post","status-publish","format-standard","has-post-thumbnail","hentry","category-convocatorias","tag-boletin-3-marzo-2023","tag-convocatoria","tag-fundacion-bbva","tag-premios-a-la-conservacionde-la-biodiversidad","item-wrap"],"jetpack_publicize_connections":[],"jetpack_featured_media_url":"https:\/\/i0.wp.com\/cebem.org\/wp-content\/uploads\/2023\/03\/convocatoriaBBVA.jpg?fit=953%2C571&ssl=1","jetpack_sharing_enabled":true,"_links":{"self":[{"href":"https:\/\/cebem.org\/index.php?rest_route=\/wp\/v2\/posts\/12317","targetHints":{"allow":["GET"]}}],"collection":[{"href":"https:\/\/cebem.org\/index.php?rest_route=\/wp\/v2\/posts"}],"about":[{"href":"https:\/\/cebem.org\/index.php?rest_route=\/wp\/v2\/types\/post"}],"author":[{"embeddable":true,"href":"https:\/\/cebem.org\/index.php?rest_route=\/wp\/v2\/users\/15"}],"replies":[{"embeddable":true,"href":"https:\/\/cebem.org\/index.php?rest_route=%2Fwp%2Fv2%2Fcomments&post=12317"}],"version-history":[{"count":1,"href":"https:\/\/cebem.org\/index.php?rest_route=\/wp\/v2\/posts\/12317\/revisions"}],"predecessor-version":[{"id":12319,"href":"https:\/\/cebem.org\/index.php?rest_route=\/wp\/v2\/posts\/12317\/revisions\/12319"}],"wp:featuredmedia":[{"embeddable":true,"href":"https:\/\/cebem.org\/index.php?rest_route=\/wp\/v2\/media\/12318"}],"wp:attachment":[{"href":"https:\/\/cebem.org\/index.php?rest_route=%2Fwp%2Fv2%2Fmedia&parent=12317"}],"wp:term":[{"taxonomy":"category","embeddable":true,"href":"https:\/\/cebem.org\/index.php?rest_route=%2Fwp%2Fv2%2Fcategories&post=12317"},{"taxonomy":"post_tag","embeddable":true,"href":"https:\/\/cebem.org\/index.php?rest_route=%2Fwp%2Fv2%2Ftags&post=12317"}],"curies":[{"name":"wp","href":"https:\/\/api.w.org\/{rel}","templated":true}]}}