
{"id":12297,"date":"2023-03-10T14:56:19","date_gmt":"2023-03-10T18:56:19","guid":{"rendered":"https:\/\/cebem.org\/?p=12297"},"modified":"2023-03-10T14:56:21","modified_gmt":"2023-03-10T18:56:21","slug":"eficiencia-energetica-y-cambio-climatico-calendario-ambiental","status":"publish","type":"post","link":"https:\/\/cebem.org\/?p=12297","title":{"rendered":"Eficiencia Energ\u00e9tica y Cambio Clim\u00e1tico- Calendario Ambiental"},"content":{"rendered":"\n<p>El 5 de Marzo se celebra el D\u00eda Mundial de la Eficiencia Energ\u00e9tica desde 1998. En ese momento se desarroll\u00f3 la primera Conferencia Internacional de Eficiencia en Austria<\/p>\n\n\n\n<p>Entendemos por eficiencia energ\u00e9tica a la \u201c<em>Reducci\u00f3n de consumo de energ\u00eda al aplicar medidas, reformas y h\u00e1bitos encaminados a reducir la demanda de energ\u00eda que presenta una vivienda, edificio o recinto. En este t\u00e9rmino tambi\u00e9n se debe comprender la concienciaci\u00f3n y formaci\u00f3n que se imparta sobre esta tem\u00e1tica.\u201d<\/em> (Certificados energ\u00e9ticos, on line)<\/p>\n\n\n\n<p>La eficiencia energ\u00e9tica forma parte de la \u201c<em>transici\u00f3n energ\u00e9tica<\/em>\u201d que se instituye como camino &nbsp;en el marco de las pol\u00edticas p\u00fablicas frente a los efectos negativos del cambio clim\u00e1tico. La transici\u00f3n energ\u00e9tica es un cambio de paradigma e implica el cambio del sistema energ\u00e9tico focalizado en la actualidad &nbsp;en el uso de combustibles f\u00f3siles pasando as\u00ed, a un matriz centralizada en energ\u00edas renovables y en la baja de emisiones, combinado con pr\u00e1cticas de uso eficiente y ahorro de la energ\u00eda.<\/p>\n\n\n\n<p>ONU nos comparte el estado de situaci\u00f3n en materia energ\u00e9tica:<\/p>\n\n\n\n<ul class=\"wp-block-list\">\n<li><em>El 13% de la poblaci\u00f3n mundial a\u00fan no tiene acceso a servicios modernos de electricidad.<\/em><\/li>\n\n\n\n<li><em>3000 millones de personas dependen de la madera, el carb\u00f3n, el carb\u00f3n vegetal o los desechos de origen animal para cocinar y calentar la comida.<\/em><\/li>\n\n\n\n<li><em>La energ\u00eda es el factor que contribuye principalmente al cambio clim\u00e1tico y representa alrededor del 60% de todas las emisiones mundiales de gases de efecto invernadero.<\/em><\/li>\n\n\n\n<li><em>La contaminaci\u00f3n del aire en locales cerrados debido al uso de combustibles para la energ\u00eda dom\u00e9stica caus\u00f3 4,3 millones de muertes en 2012, 6 de cada 10 de estas fueron mujeres y ni\u00f1as.<\/em><\/li>\n\n\n\n<li><em>En 2015, el 17,5% del consumo final de energ\u00eda fue de energ\u00edas renovables. (ONU, en l\u00ednea)<\/em><\/li>\n<\/ul>\n\n\n\n<p>En este contexto, la eficiencia energ\u00e9tica forma parte de las metas de la Agenda 2030, incluida dentro del ODS 7. All\u00ed se se\u00f1ala:<\/p>\n\n\n\n<p><em>7.1&nbsp; De aqu\u00ed a 2030, garantizar el acceso universal a servicios energ\u00e9ticos asequibles, fiables y modernos<\/em><\/p>\n\n\n\n<p><em>7.2&nbsp; De aqu\u00ed a 2030, aumentar considerablemente la proporci\u00f3n de energ\u00eda renovable en el conjunto de fuentes energ\u00e9ticas<\/em><\/p>\n\n\n\n<p><em>7.3&nbsp; De aqu\u00ed a 2030, duplicar la tasa mundial de mejora de la eficiencia energ\u00e9tica<\/em><\/p>\n\n\n\n<p>Para seguir profundizando en el tema les dejamos una breve infograf\u00eda con buenas pr\u00e1cticas para implementar.<\/p>\n\n\n\n<figure class=\"wp-block-image size-large\"><img data-recalc-dims=\"1\" fetchpriority=\"high\" decoding=\"async\" width=\"750\" height=\"422\" src=\"https:\/\/i0.wp.com\/cebem.org\/wp-content\/uploads\/2023\/03\/consejos-ahorro-energia-consumo-responde.jpg?resize=750%2C422&#038;ssl=1\" alt=\"\" class=\"wp-image-12308\" srcset=\"https:\/\/i0.wp.com\/cebem.org\/wp-content\/uploads\/2023\/03\/consejos-ahorro-energia-consumo-responde.jpg?resize=1024%2C576&amp;ssl=1 1024w, https:\/\/i0.wp.com\/cebem.org\/wp-content\/uploads\/2023\/03\/consejos-ahorro-energia-consumo-responde.jpg?resize=300%2C169&amp;ssl=1 300w, https:\/\/i0.wp.com\/cebem.org\/wp-content\/uploads\/2023\/03\/consejos-ahorro-energia-consumo-responde.jpg?resize=768%2C432&amp;ssl=1 768w, https:\/\/i0.wp.com\/cebem.org\/wp-content\/uploads\/2023\/03\/consejos-ahorro-energia-consumo-responde.jpg?resize=600%2C338&amp;ssl=1 600w, https:\/\/i0.wp.com\/cebem.org\/wp-content\/uploads\/2023\/03\/consejos-ahorro-energia-consumo-responde.jpg?resize=750%2C422&amp;ssl=1 750w, https:\/\/i0.wp.com\/cebem.org\/wp-content\/uploads\/2023\/03\/consejos-ahorro-energia-consumo-responde.jpg?w=1200&amp;ssl=1 1200w\" sizes=\"(max-width: 750px) 100vw, 750px\" \/><figcaption class=\"wp-element-caption\">CONSUMO RESPONDE-JUNTA DE ANDALUC\u00cdA. Consejos para un ahorro en la factura de la luz. Disponible EN: <a href=\"https:\/\/www.consumoresponde.es\/art%C3%ADculos\/consejos_para_un_ahorro_en_la_factura_de_la_luz\">https:\/\/www.consumoresponde.es\/art%C3%ADculos\/consejos_para_un_ahorro_en_la_factura_de_la_luz<\/a><\/figcaption><\/figure>\n\n\n\n<p><\/p>\n\n\n\n<p><\/p>\n\n\n\n<p><strong>Fuentes consultadas:<\/strong><\/p>\n\n\n\n<ul class=\"wp-block-list\">\n<li>CERTIFICADOS ENERG\u00c9TICOS. Glosario. Disponible en: <a href=\"https:\/\/www.certificadosenergeticos.com\/diccionario-eficiencia-energetica\">https:\/\/www.certificadosenergeticos.com\/diccionario-eficiencia-energetica<\/a><\/li>\n\n\n\n<li>ONU (en l\u00ednea) Agenda para el Desarrollo Sostenible. Disponible en: <a href=\"https:\/\/www.un.org\/sustainabledevelopment\/es\/development-agenda\/\">https:\/\/www.un.org\/sustainabledevelopment\/es\/development-agenda\/<\/a><\/li>\n\n\n\n<li>CONSUMO RESPONDE-JUNTA DE ANDALUC\u00cdA. Consejos para un ahorro en la factura de la luz. Disponible EN: <a href=\"https:\/\/www.consumoresponde.es\/art%C3%ADculos\/consejos_para_un_ahorro_en_la_factura_de_la_luz\">https:\/\/www.consumoresponde.es\/art%C3%ADculos\/consejos_para_un_ahorro_en_la_factura_de_la_luz<\/a><\/li>\n<\/ul>\n\n\n\n<p><\/p>\n\n\n\n<p>*Texto elaborado por Lorena G. Coria para proyecto del Observatorio Ambiental del CEBEM REDESMA<\/p>\n","protected":false},"excerpt":{"rendered":"<p>El 5 de Marzo se celebra el D\u00eda Mundial de la Eficiencia Energ\u00e9tica desde 1998. En ese momento se desarroll\u00f3 la primera Conferencia Internacional de Eficiencia en Austria,<\/p>\n","protected":false},"author":14,"featured_media":12309,"comment_status":"closed","ping_status":"closed","sticky":false,"template":"","format":"standard","meta":{"_jetpack_memberships_contains_paid_content":false,"footnotes":"","jetpack_publicize_message":"","jetpack_publicize_feature_enabled":true,"jetpack_social_post_already_shared":true,"jetpack_social_options":{"image_generator_settings":{"template":"highway","default_image_id":0,"font":"","enabled":false},"version":2}},"categories":[1],"tags":[1462,1034,1478],"class_list":["post-12297","post","type-post","status-publish","format-standard","has-post-thumbnail","hentry","category-noticias","tag-calendario-ambiental","tag-educacion-ambiental","tag-observatorio-ambiental-cebem-redesma","item-wrap"],"jetpack_publicize_connections":[],"jetpack_featured_media_url":"https:\/\/i0.wp.com\/cebem.org\/wp-content\/uploads\/2023\/03\/lamp-2663053_1280.jpg?fit=1280%2C890&ssl=1","jetpack_sharing_enabled":true,"_links":{"self":[{"href":"https:\/\/cebem.org\/index.php?rest_route=\/wp\/v2\/posts\/12297","targetHints":{"allow":["GET"]}}],"collection":[{"href":"https:\/\/cebem.org\/index.php?rest_route=\/wp\/v2\/posts"}],"about":[{"href":"https:\/\/cebem.org\/index.php?rest_route=\/wp\/v2\/types\/post"}],"author":[{"embeddable":true,"href":"https:\/\/cebem.org\/index.php?rest_route=\/wp\/v2\/users\/14"}],"replies":[{"embeddable":true,"href":"https:\/\/cebem.org\/index.php?rest_route=%2Fwp%2Fv2%2Fcomments&post=12297"}],"version-history":[{"count":3,"href":"https:\/\/cebem.org\/index.php?rest_route=\/wp\/v2\/posts\/12297\/revisions"}],"predecessor-version":[{"id":12314,"href":"https:\/\/cebem.org\/index.php?rest_route=\/wp\/v2\/posts\/12297\/revisions\/12314"}],"wp:featuredmedia":[{"embeddable":true,"href":"https:\/\/cebem.org\/index.php?rest_route=\/wp\/v2\/media\/12309"}],"wp:attachment":[{"href":"https:\/\/cebem.org\/index.php?rest_route=%2Fwp%2Fv2%2Fmedia&parent=12297"}],"wp:term":[{"taxonomy":"category","embeddable":true,"href":"https:\/\/cebem.org\/index.php?rest_route=%2Fwp%2Fv2%2Fcategories&post=12297"},{"taxonomy":"post_tag","embeddable":true,"href":"https:\/\/cebem.org\/index.php?rest_route=%2Fwp%2Fv2%2Ftags&post=12297"}],"curies":[{"name":"wp","href":"https:\/\/api.w.org\/{rel}","templated":true}]}}