
{"id":12287,"date":"2023-03-06T10:03:35","date_gmt":"2023-03-06T14:03:35","guid":{"rendered":"https:\/\/cebem.org\/?p=12287"},"modified":"2023-03-06T10:03:37","modified_gmt":"2023-03-06T14:03:37","slug":"dia-mundial-de-la-vida-silvestre","status":"publish","type":"post","link":"https:\/\/cebem.org\/?p=12287","title":{"rendered":"D\u00eda Mundial de la Vida Silvestre"},"content":{"rendered":"\n<p>El 3 de Marzo fue proclamado el D\u00eda Mundial de la Vida Silvestre por parte de Naciones Unidas, a trav\u00e9s de resoluci\u00f3n 68\/205 &nbsp;del 2013.<\/p>\n\n\n\n<p>La fecha tiene como objetivo  concientizar acerca del valor de la fauna y la flora salvajes. La fecha elegida marca el aniversario de la aprobaci\u00f3n en 1973 de la Convenci\u00f3n sobre el Comercio Internacional de Especies Amenazadas de Fauna y Flora Silvestres (CITES, de sus siglas en ingl\u00e9s), la cual juega un destacado papel en la protecci\u00f3n de la especies frente al comercio internacional. (Naciones Unidas, en l\u00ednea)<\/p>\n\n\n\n<p>Las especies silvestres contribuyen al desarrollo de las comunidades. Su uso como alimento, energ\u00eda, medicina, recreaci\u00f3n, inspiraci\u00f3n y espiritualidad, mejoran calidad de vida de millones de personas.<\/p>\n\n\n\n<p>La crisis ambiental acelera la crisis de la biodiversidad donde identificamos diferentes amenazas para la flora y fauna salvaje.<\/p>\n\n\n\n<p>Naciones Unidas nos comparte el siguiente estado de situaci\u00f3n al 2023:<\/p>\n\n\n\n<ul class=\"wp-block-list\">\n<li>Alrededor de 50.000 especies silvestres de animales y plantas satisfacen las necesidades de miles de personas en todo el mundo<\/li>\n\n\n\n<li>1 de cada 5 personas depende de las especies silvestres para obtener alimentos o generar ingresos, y 1 de cada 3 dependen de la madera como le\u00f1a para cocinar.<\/li>\n\n\n\n<li>Existen 5 especies que no creer\u00edas que est\u00e1n en peligro de extinci\u00f3n: los cactus, las algas marinas, las jirafas, los loros y los robles.<\/li>\n<\/ul>\n\n\n\n<p>Este a\u00f1o, el D\u00eda Mundial de la Vida Silvestre lleva como t\u00edtulo: \u00abAlianzas en favor de la conservaci\u00f3n de la vida silvestre\u00bb en homenaje a todas aquellas personas que marcan la diferencia.<\/p>\n\n\n\n<p>El concepto de alianzas puede adquirir muchas formas: desde asociaciones internacionales con objetivos globales a una iniciativa escolar para recaudar fondos en beneficio de un grupo conservacionista, movilizaciones comunitarias o la publicaci\u00f3n de fotograf\u00edas que remuevan conciencias sobre las especies en peligro de extinci\u00f3n. Todas ellas son alianzas igual de v\u00e1lidas. (Naciones Unidas, en l\u00ednea)<\/p>\n\n\n\n<figure class=\"wp-block-image size-large\"><img data-recalc-dims=\"1\" fetchpriority=\"high\" decoding=\"async\" width=\"750\" height=\"422\" src=\"https:\/\/i0.wp.com\/cebem.org\/wp-content\/uploads\/2023\/03\/Xavi.CITESWWD23.ESP_.Youtube_0.jpg?resize=750%2C422&#038;ssl=1\" alt=\"\" class=\"wp-image-12291\" srcset=\"https:\/\/i0.wp.com\/cebem.org\/wp-content\/uploads\/2023\/03\/Xavi.CITESWWD23.ESP_.Youtube_0-scaled.jpg?resize=1024%2C576&amp;ssl=1 1024w, https:\/\/i0.wp.com\/cebem.org\/wp-content\/uploads\/2023\/03\/Xavi.CITESWWD23.ESP_.Youtube_0-scaled.jpg?resize=300%2C169&amp;ssl=1 300w, https:\/\/i0.wp.com\/cebem.org\/wp-content\/uploads\/2023\/03\/Xavi.CITESWWD23.ESP_.Youtube_0-scaled.jpg?resize=768%2C432&amp;ssl=1 768w, https:\/\/i0.wp.com\/cebem.org\/wp-content\/uploads\/2023\/03\/Xavi.CITESWWD23.ESP_.Youtube_0-scaled.jpg?resize=600%2C338&amp;ssl=1 600w, https:\/\/i0.wp.com\/cebem.org\/wp-content\/uploads\/2023\/03\/Xavi.CITESWWD23.ESP_.Youtube_0-scaled.jpg?resize=1536%2C864&amp;ssl=1 1536w, https:\/\/i0.wp.com\/cebem.org\/wp-content\/uploads\/2023\/03\/Xavi.CITESWWD23.ESP_.Youtube_0-scaled.jpg?resize=2048%2C1152&amp;ssl=1 2048w, https:\/\/i0.wp.com\/cebem.org\/wp-content\/uploads\/2023\/03\/Xavi.CITESWWD23.ESP_.Youtube_0-scaled.jpg?resize=750%2C422&amp;ssl=1 750w, https:\/\/i0.wp.com\/cebem.org\/wp-content\/uploads\/2023\/03\/Xavi.CITESWWD23.ESP_.Youtube_0-scaled.jpg?w=2250&amp;ssl=1 2250w\" sizes=\"(max-width: 750px) 100vw, 750px\" \/><\/figure>\n\n\n\n<p class=\"has-text-align-center\">P\u00f3ster oficial dise\u00f1ado por Xavi Re\u00f1\u00e9.<\/p>\n\n\n\n<p>La fecha nos permite direccionar nuestras actividades de educaci\u00f3n ambiental a los fines de visibilizar los beneficios que brinda la vida silvestre y las amenazas que la afectan. Podemos compartir nuestros materiales bajo el hashtag #WWD2023.<\/p>\n\n\n\n<p><strong>Fuentes consultadas:<\/strong><\/p>\n\n\n\n<ul class=\"wp-block-list\">\n<li>Naciones Unidas. D\u00eda Mundial de la vida Silvestre. Disponible en: <a href=\"https:\/\/www.un.org\/es\/observances\/world-wildlife-day\/background\">https:\/\/www.un.org\/es\/observances\/world-wildlife-day\/background<\/a><\/li>\n\n\n\n<li>Naciones Unidas. D\u00eda Mundial de la vida Silvestre. Disponible en: <a href=\"https:\/\/www.un.org\/es\/observances\/world-wildlife-day\">https:\/\/www.un.org\/es\/observances\/world-wildlife-day<\/a><\/li>\n<\/ul>\n\n\n\n<p>*Texto elaborado por Lorena G. Coria para proyecto del Observatorio Ambiental del CEBEM REDESMA<\/p>\n","protected":false},"excerpt":{"rendered":"<p>El 3 de Marzo fue proclamado el D\u00eda Mundial de la Vida Silvestre por parte de Naciones Unidas, a trav\u00e9s de resoluci\u00f3n 68\/205 \u00a0del 2013.<\/p>\n","protected":false},"author":14,"featured_media":12291,"comment_status":"closed","ping_status":"closed","sticky":false,"template":"","format":"standard","meta":{"_jetpack_memberships_contains_paid_content":false,"footnotes":"","jetpack_publicize_message":"","jetpack_publicize_feature_enabled":true,"jetpack_social_post_already_shared":true,"jetpack_social_options":{"image_generator_settings":{"template":"highway","default_image_id":0,"font":"","enabled":false},"version":2}},"categories":[1],"tags":[1462,1774,1478],"class_list":["post-12287","post","type-post","status-publish","format-standard","has-post-thumbnail","hentry","category-noticias","tag-calendario-ambiental","tag-educacion-ambiental-2","tag-observatorio-ambiental-cebem-redesma","item-wrap"],"jetpack_publicize_connections":[],"jetpack_featured_media_url":"https:\/\/i0.wp.com\/cebem.org\/wp-content\/uploads\/2023\/03\/Xavi.CITESWWD23.ESP_.Youtube_0-scaled.jpg?fit=2560%2C1440&ssl=1","jetpack_sharing_enabled":true,"_links":{"self":[{"href":"https:\/\/cebem.org\/index.php?rest_route=\/wp\/v2\/posts\/12287","targetHints":{"allow":["GET"]}}],"collection":[{"href":"https:\/\/cebem.org\/index.php?rest_route=\/wp\/v2\/posts"}],"about":[{"href":"https:\/\/cebem.org\/index.php?rest_route=\/wp\/v2\/types\/post"}],"author":[{"embeddable":true,"href":"https:\/\/cebem.org\/index.php?rest_route=\/wp\/v2\/users\/14"}],"replies":[{"embeddable":true,"href":"https:\/\/cebem.org\/index.php?rest_route=%2Fwp%2Fv2%2Fcomments&post=12287"}],"version-history":[{"count":5,"href":"https:\/\/cebem.org\/index.php?rest_route=\/wp\/v2\/posts\/12287\/revisions"}],"predecessor-version":[{"id":12295,"href":"https:\/\/cebem.org\/index.php?rest_route=\/wp\/v2\/posts\/12287\/revisions\/12295"}],"wp:featuredmedia":[{"embeddable":true,"href":"https:\/\/cebem.org\/index.php?rest_route=\/wp\/v2\/media\/12291"}],"wp:attachment":[{"href":"https:\/\/cebem.org\/index.php?rest_route=%2Fwp%2Fv2%2Fmedia&parent=12287"}],"wp:term":[{"taxonomy":"category","embeddable":true,"href":"https:\/\/cebem.org\/index.php?rest_route=%2Fwp%2Fv2%2Fcategories&post=12287"},{"taxonomy":"post_tag","embeddable":true,"href":"https:\/\/cebem.org\/index.php?rest_route=%2Fwp%2Fv2%2Ftags&post=12287"}],"curies":[{"name":"wp","href":"https:\/\/api.w.org\/{rel}","templated":true}]}}