
{"id":12222,"date":"2023-02-23T09:00:00","date_gmt":"2023-02-23T13:00:00","guid":{"rendered":"https:\/\/cebem.org\/?p=12222"},"modified":"2023-03-03T11:09:17","modified_gmt":"2023-03-03T15:09:17","slug":"justicia-social-y-la-mirada-ambiental-calendario-ambiental","status":"publish","type":"post","link":"https:\/\/cebem.org\/?p=12222","title":{"rendered":"Justicia Social y la mirada ambiental"},"content":{"rendered":"\n<p>El 20 de Febrero se conmemora al d\u00eda Mundial de la \u201cJusticia Social\u201d, una fecha determinada por Naciones Unidas el 26 de noviembre de 2007. El hito nos &nbsp;permite interpelar el estado de situaci\u00f3n de nuestras comunidades.<\/p>\n\n\n\n<p>La Justicia Social \u201c<em>se basa en la igualdad de oportunidades y en los derechos humanos, m\u00e1s all\u00e1 del concepto tradicional de justicia legal. Est\u00e1 basada en la equidad y es imprescindible para que cada persona pueda desarrollar su m\u00e1ximo potencial y para una sociedad en paz.\u201d<\/em> (UNESCO, en l\u00ednea)<\/p>\n\n\n\n<p>Todas las personas tenemos necesidades b\u00e1sicas comunes, que se traducen en derechos humanos fundamentales: el derecho a la propia identidad, a la supervivencia, a la educaci\u00f3n a expresarnos con libertad y a ser tratados con dignidad y respeto, por ejemplo. (Naciones Unidas, en l\u00ednea) Incluyendo dentro de todo el marco, el derecho al ambiente, como parte de los derechos humanos.<\/p>\n\n\n\n<p>Cuando estas necesidades fundamentales no se satisfacen nos encontramos frente a inequidades, que pueden darse tanto en los pa\u00edses industrializados como en pa\u00edses en desarrollo. (Naciones Unidas, en l\u00ednea)<\/p>\n\n\n\n<p>El contexto actual da cuenta de situaciones de pobreza en aumento, crisis econ\u00f3micas y sociales con denominadores comunes entre los pa\u00edses y particularidades regionales, se agrega la crisis ambiental &nbsp;(con determinantes sociales, pol\u00edticos, culturales, econ\u00f3micos, f\u00edsico naturales) traducida en desastres (ya sea asociados al cambio clim\u00e1tico como a eventos naturales espor\u00e1dicos pero peligrosos) y en problem\u00e1ticas puntuales en aumento que impactan en mayor medida en los sectores m\u00e1s desafavorecidos.<\/p>\n\n\n\n<p>Asimismo, la crisis sanitaria&nbsp; (pos covid) y los nuevos desaf\u00edos de las enfermedades zoot\u00e9cnicas incluyen nuevos desaf\u00edos. &nbsp;Todo lo anterior, atravesado por las crisis pol\u00edticas particulares que reconocemos en algunos pa\u00edses y el contexto de guerra.<\/p>\n\n\n\n<p>UNESCO identifica 3 aspectos clave donde es posible observar injusticias:<\/p>\n\n\n\n<ul class=\"wp-block-list\">\n<li>CONFLICTO: Las inequidades est\u00e1n relacionadas con los conflictos, tanto en los pa\u00edses industrializados como en los pa\u00edses en desarrollo. La injusticia real o percibida es una de las fuentes m\u00e1s comunes de conflictos y de violencia entre los individuos, los grupos y los pa\u00edses.<\/li>\n\n\n\n<li>POBREZA: Puede ser que la pobreza sea la injusticia m\u00e1s fundamental y m\u00e1s extendida, ya que no permite el acceso a otros derechos fundamentales.<\/li>\n\n\n\n<li>DISCRIMINACI\u00d3N: La discriminaci\u00f3n es una injusticia que interfiere en las posibilidades que tienen los individuos de desarrollar su potencial.<\/li>\n<\/ul>\n\n\n\n<p>La justicia social hace que las sociedades y las econom\u00edas funcionen mejor y reduce la pobreza, las desigualdades y las tensiones sociales. Desempe\u00f1a un papel importante en la consecuci\u00f3n de v\u00edas de desarrollo socioecon\u00f3mico m\u00e1s inclusivas y sostenibles y es clave para alcanzar los Objetivos de Desarrollo Sostenible (ODS) de la Agenda 2030 para el Desarrollo Sostenible, especialmente cuando estamos lejos de alcanzar tales objetivos. (Naciones Unidas, en l\u00ednea)<\/p>\n\n\n\n<figure class=\"wp-block-image size-large\"><img data-recalc-dims=\"1\" fetchpriority=\"high\" decoding=\"async\" width=\"750\" height=\"514\" src=\"https:\/\/i0.wp.com\/cebem.org\/wp-content\/uploads\/2023\/02\/hand-5040992_1280.jpg?resize=750%2C514&#038;ssl=1\" alt=\"\" class=\"wp-image-12224\" srcset=\"https:\/\/i0.wp.com\/cebem.org\/wp-content\/uploads\/2023\/02\/hand-5040992_1280.jpg?resize=1024%2C702&amp;ssl=1 1024w, https:\/\/i0.wp.com\/cebem.org\/wp-content\/uploads\/2023\/02\/hand-5040992_1280.jpg?resize=300%2C206&amp;ssl=1 300w, https:\/\/i0.wp.com\/cebem.org\/wp-content\/uploads\/2023\/02\/hand-5040992_1280.jpg?resize=768%2C527&amp;ssl=1 768w, https:\/\/i0.wp.com\/cebem.org\/wp-content\/uploads\/2023\/02\/hand-5040992_1280.jpg?resize=600%2C412&amp;ssl=1 600w, https:\/\/i0.wp.com\/cebem.org\/wp-content\/uploads\/2023\/02\/hand-5040992_1280.jpg?resize=750%2C514&amp;ssl=1 750w, https:\/\/i0.wp.com\/cebem.org\/wp-content\/uploads\/2023\/02\/hand-5040992_1280.jpg?w=1280&amp;ssl=1 1280w\" sizes=\"(max-width: 750px) 100vw, 750px\" \/><figcaption class=\"wp-element-caption\">Fuente: Pixabay<\/figcaption><\/figure>\n\n\n\n<p><strong>Temas al 2023<\/strong><\/p>\n\n\n\n<p>El tema de este a\u00f1o se centra en las recomendaciones de Nuestra Agenda Com\u00fan para reforzar la solidaridad mundial y restablecer la confianza en los gobiernos bajo el lema \u00abSuperar barreras y desbloquear oportunidades para la justicia social\u00bb. (Naciones Unidas, en l\u00ednea)<\/p>\n\n\n\n<p>Los invitamos a leer la nota Informativa para obtener m\u00e1s datos: <a href=\"https:\/\/www.un.org\/sites\/un2.un.org\/files\/concept-note-20-feb-2023-wdsj.pdf\">https:\/\/www.un.org\/sites\/un2.un.org\/files\/concept-note-20-feb-2023-wdsj.pdf<\/a><\/p>\n\n\n\n<p><strong>Fuentes consultadas:<\/strong><\/p>\n\n\n\n<ul class=\"wp-block-list\">\n<li>Naciones Unidas. D\u00eda Mundial de la Justicia Social. Disponible en: <a href=\"https:\/\/www.un.org\/es\/observances\/social-justice-day\">https:\/\/www.un.org\/es\/observances\/social-justice-day<\/a><\/li>\n\n\n\n<li>UNICEF. D\u00eda Mundial de la Justicia Social. Disponible en: <a href=\"https:\/\/www.unicef.es\/educa\/dias-mundiales\/dia-mundial-de-la-justicia-social\">https:\/\/www.unicef.es\/educa\/dias-mundiales\/dia-mundial-de-la-justicia-social<\/a><\/li>\n\n\n\n<li>Imagen Pixabay.   <a rel=\"noreferrer noopener\" href=\"https:\/\/pixabay.com\/es\/users\/thewet_new-6254575\/\" target=\"_blank\">thewet_new<\/a><\/li>\n<\/ul>\n\n\n\n<p>*Texto elaborado por Lorena G. Coria para proyecto del Observatorio Ambiental del CEBEM REDESMA<\/p>\n","protected":false},"excerpt":{"rendered":"<p>El 20 de Febrero se conmemora al d\u00eda Mundial de la \u201cJusticia Social\u201d, una fecha determinada por Naciones Unidas el 26 de noviembre de 2007. El hito nos \u00a0permite interpelar el estado de situaci\u00f3n de nuestras comunidades.<\/p>\n","protected":false},"author":14,"featured_media":12224,"comment_status":"closed","ping_status":"closed","sticky":false,"template":"","format":"standard","meta":{"_jetpack_memberships_contains_paid_content":false,"footnotes":"","jetpack_publicize_message":"","jetpack_publicize_feature_enabled":true,"jetpack_social_post_already_shared":true,"jetpack_social_options":{"image_generator_settings":{"template":"highway","default_image_id":0,"font":"","enabled":false},"version":2}},"categories":[1],"tags":[1462,1774,1478],"class_list":["post-12222","post","type-post","status-publish","format-standard","has-post-thumbnail","hentry","category-noticias","tag-calendario-ambiental","tag-educacion-ambiental-2","tag-observatorio-ambiental-cebem-redesma","item-wrap"],"jetpack_publicize_connections":[],"jetpack_featured_media_url":"https:\/\/i0.wp.com\/cebem.org\/wp-content\/uploads\/2023\/02\/hand-5040992_1280.jpg?fit=1280%2C878&ssl=1","jetpack_sharing_enabled":true,"_links":{"self":[{"href":"https:\/\/cebem.org\/index.php?rest_route=\/wp\/v2\/posts\/12222","targetHints":{"allow":["GET"]}}],"collection":[{"href":"https:\/\/cebem.org\/index.php?rest_route=\/wp\/v2\/posts"}],"about":[{"href":"https:\/\/cebem.org\/index.php?rest_route=\/wp\/v2\/types\/post"}],"author":[{"embeddable":true,"href":"https:\/\/cebem.org\/index.php?rest_route=\/wp\/v2\/users\/14"}],"replies":[{"embeddable":true,"href":"https:\/\/cebem.org\/index.php?rest_route=%2Fwp%2Fv2%2Fcomments&post=12222"}],"version-history":[{"count":4,"href":"https:\/\/cebem.org\/index.php?rest_route=\/wp\/v2\/posts\/12222\/revisions"}],"predecessor-version":[{"id":12285,"href":"https:\/\/cebem.org\/index.php?rest_route=\/wp\/v2\/posts\/12222\/revisions\/12285"}],"wp:featuredmedia":[{"embeddable":true,"href":"https:\/\/cebem.org\/index.php?rest_route=\/wp\/v2\/media\/12224"}],"wp:attachment":[{"href":"https:\/\/cebem.org\/index.php?rest_route=%2Fwp%2Fv2%2Fmedia&parent=12222"}],"wp:term":[{"taxonomy":"category","embeddable":true,"href":"https:\/\/cebem.org\/index.php?rest_route=%2Fwp%2Fv2%2Fcategories&post=12222"},{"taxonomy":"post_tag","embeddable":true,"href":"https:\/\/cebem.org\/index.php?rest_route=%2Fwp%2Fv2%2Ftags&post=12222"}],"curies":[{"name":"wp","href":"https:\/\/api.w.org\/{rel}","templated":true}]}}