
{"id":12116,"date":"2023-01-26T11:24:07","date_gmt":"2023-01-26T15:24:07","guid":{"rendered":"https:\/\/cebem.org\/?p=12116"},"modified":"2023-01-26T11:25:31","modified_gmt":"2023-01-26T15:25:31","slug":"curso-de-formacion-continua-diseno-de-politicas-publicas-locales","status":"publish","type":"post","link":"https:\/\/cebem.org\/?p=12116","title":{"rendered":"Curso de Formaci\u00f3n Continua &#8211; Dise\u00f1o de pol\u00edticas p\u00fablicas locales."},"content":{"rendered":"<div class=\"wp-block-image is-style-default\">\n<figure class=\"aligncenter size-full is-resized\"><img data-recalc-dims=\"1\" fetchpriority=\"high\" decoding=\"async\" src=\"https:\/\/i0.wp.com\/cebem.org\/wp-content\/uploads\/2023\/01\/KE7lhm-PIEZAS-CURSO-POLITICAS-LOCALES-2-2.png?resize=511%2C512&#038;ssl=1\" alt=\"\" class=\"wp-image-12119\" width=\"511\" height=\"512\" srcset=\"https:\/\/i0.wp.com\/cebem.org\/wp-content\/uploads\/2023\/01\/KE7lhm-PIEZAS-CURSO-POLITICAS-LOCALES-2-2.png?w=681&amp;ssl=1 681w, https:\/\/i0.wp.com\/cebem.org\/wp-content\/uploads\/2023\/01\/KE7lhm-PIEZAS-CURSO-POLITICAS-LOCALES-2-2.png?resize=300%2C300&amp;ssl=1 300w, https:\/\/i0.wp.com\/cebem.org\/wp-content\/uploads\/2023\/01\/KE7lhm-PIEZAS-CURSO-POLITICAS-LOCALES-2-2.png?resize=150%2C150&amp;ssl=1 150w, https:\/\/i0.wp.com\/cebem.org\/wp-content\/uploads\/2023\/01\/KE7lhm-PIEZAS-CURSO-POLITICAS-LOCALES-2-2.png?resize=600%2C601&amp;ssl=1 600w\" sizes=\"(max-width: 511px) 100vw, 511px\" \/><\/figure>\n<\/div>\n\n\n<p class=\"has-text-align-justify\">El curso introduce a los estudiantes en el estudio de las pol\u00edticas p\u00fablicas a trav\u00e9s de las teor\u00edas del dise\u00f1o de pol\u00edticas. Con un inter\u00e9s pr\u00e1ctico, se abordan los problemas de las pol\u00edticas a nivel local, as\u00ed como sus oportunidades y restricciones. El dise\u00f1o de pol\u00edticas se comprende a lo largo de una actividad cu\u00e1druple de toma de decisiones que combina diferentes modelos de causalidad, instrumentaci\u00f3n, evaluaci\u00f3n e intervenci\u00f3n. En ese sentido, no se trata solo de entender como un determinado instrumento de pol\u00edtica o una organizaci\u00f3n responden de forma aislada a un problema, sino que se analizar\u00e1 al dise\u00f1o como un sistema abierto de m\u00faltiples partes en donde intervienen actores, instituciones y factores contextuales para producir un resultado. Al finalizar el curso, los estudiantes contar\u00e1n con el conocimiento y estrategias necesarios para intervenir en las diferentes actividades del proceso del dise\u00f1o de pol\u00edticas.<\/p>\n\n\n\n<p><strong>Modalidad: <\/strong>Virtual<\/p>\n\n\n\n<p><strong>Inscripciones<\/strong>: hasta el 22 de febrero de 2023<br><strong>Inicio<\/strong>: 28 de febrero de 2023<br><strong>Finalizaci\u00f3n<\/strong>: 12 de abril de 2023<\/p>\n\n\n\n<p><strong>Horario:<\/strong><br>Martes y jueves de 18h00 a 20h00 (hora de Ecuador)<br>N\u00famero de horas que certifica: 50 horas<\/p>\n\n\n\n<p><strong>Costo: <\/strong>$90 d\u00f3lares americanos.<\/p>\n\n\n\n<h4 class=\"wp-block-heading\">Mayor informaci\u00f3n: formacioncontinua@flacso.edu.ec<\/h4>\n\n\n\n<h4 class=\"wp-block-heading\">Registro y pago de inscripcion: <a href=\"https:\/\/flacso.edu.ec\/posvinc\/registro.flacso?param=1\">https:\/\/flacso.edu.ec\/posvinc\/registro.flacso?param=1<\/a><\/h4>\n\n\n\n<p><\/p>\n","protected":false},"excerpt":{"rendered":"<p>El curso introduce a los estudiantes en el estudio de las pol\u00edticas p\u00fablicas a trav\u00e9s de las teor\u00edas del dise\u00f1o de pol\u00edticas. Con un inter\u00e9s pr\u00e1ctico, se abordan los problemas de las pol\u00edticas a nivel local, as\u00ed como sus oportunidades y restricciones. El dise\u00f1o de pol\u00edticas se comprende a lo largo de una actividad cu\u00e1druple &hellip; <\/p>\n<p><a class=\"more-link btn\" href=\"https:\/\/cebem.org\/?p=12116\">Seguir leyendo<\/a><\/p>\n","protected":false},"author":12,"featured_media":12119,"comment_status":"closed","ping_status":"closed","sticky":false,"template":"","format":"standard","meta":{"_jetpack_memberships_contains_paid_content":false,"footnotes":"","jetpack_publicize_message":"","jetpack_publicize_feature_enabled":true,"jetpack_social_post_already_shared":true,"jetpack_social_options":{"image_generator_settings":{"template":"highway","default_image_id":0,"font":"","enabled":false},"version":2}},"categories":[10],"tags":[1869,1870,392],"class_list":["post-12116","post","type-post","status-publish","format-standard","has-post-thumbnail","hentry","category-otros-cursos","tag-boletin-1-enero-2023-2","tag-convocatoria-curso-de-formacion-continua","tag-flacso-ecuador","item-wrap"],"jetpack_publicize_connections":[],"jetpack_featured_media_url":"https:\/\/i0.wp.com\/cebem.org\/wp-content\/uploads\/2023\/01\/KE7lhm-PIEZAS-CURSO-POLITICAS-LOCALES-2-2.png?fit=681%2C682&ssl=1","jetpack_sharing_enabled":true,"_links":{"self":[{"href":"https:\/\/cebem.org\/index.php?rest_route=\/wp\/v2\/posts\/12116","targetHints":{"allow":["GET"]}}],"collection":[{"href":"https:\/\/cebem.org\/index.php?rest_route=\/wp\/v2\/posts"}],"about":[{"href":"https:\/\/cebem.org\/index.php?rest_route=\/wp\/v2\/types\/post"}],"author":[{"embeddable":true,"href":"https:\/\/cebem.org\/index.php?rest_route=\/wp\/v2\/users\/12"}],"replies":[{"embeddable":true,"href":"https:\/\/cebem.org\/index.php?rest_route=%2Fwp%2Fv2%2Fcomments&post=12116"}],"version-history":[{"count":6,"href":"https:\/\/cebem.org\/index.php?rest_route=\/wp\/v2\/posts\/12116\/revisions"}],"predecessor-version":[{"id":12126,"href":"https:\/\/cebem.org\/index.php?rest_route=\/wp\/v2\/posts\/12116\/revisions\/12126"}],"wp:featuredmedia":[{"embeddable":true,"href":"https:\/\/cebem.org\/index.php?rest_route=\/wp\/v2\/media\/12119"}],"wp:attachment":[{"href":"https:\/\/cebem.org\/index.php?rest_route=%2Fwp%2Fv2%2Fmedia&parent=12116"}],"wp:term":[{"taxonomy":"category","embeddable":true,"href":"https:\/\/cebem.org\/index.php?rest_route=%2Fwp%2Fv2%2Fcategories&post=12116"},{"taxonomy":"post_tag","embeddable":true,"href":"https:\/\/cebem.org\/index.php?rest_route=%2Fwp%2Fv2%2Ftags&post=12116"}],"curies":[{"name":"wp","href":"https:\/\/api.w.org\/{rel}","templated":true}]}}