
{"id":11853,"date":"2022-11-29T13:16:31","date_gmt":"2022-11-29T17:16:31","guid":{"rendered":"https:\/\/cebem.org\/?p=11853"},"modified":"2022-11-29T13:16:32","modified_gmt":"2022-11-29T17:16:32","slug":"participamos-del-lanzamiento-guia-para-defensores-ambientales","status":"publish","type":"post","link":"https:\/\/cebem.org\/?p=11853","title":{"rendered":"Participamos del Lanzamiento Gu\u00eda para Defensores Ambientales"},"content":{"rendered":"\n<p>El d\u00eda 17 de noviembre desde el Observatorio Ambiental del CEBEM REDESMA participamos de la presentaci\u00f3n de la <em>\u201cGu\u00eda de capacitaci\u00f3n para defensores y defensoras ambientales sobre el Acuerdo de Escaz\u00fa.\u201d<\/em> Una actividad organizada por la ONG FIMA de Chile.<\/p>\n\n\n\n<figure class=\"wp-block-image size-full\"><img data-recalc-dims=\"1\" fetchpriority=\"high\" decoding=\"async\" width=\"750\" height=\"563\" src=\"https:\/\/i0.wp.com\/cebem.org\/wp-content\/uploads\/2022\/11\/Para-articulo.jpg?resize=750%2C563&#038;ssl=1\" alt=\"\" class=\"wp-image-11862\" srcset=\"https:\/\/i0.wp.com\/cebem.org\/wp-content\/uploads\/2022\/11\/Para-articulo.jpg?w=960&amp;ssl=1 960w, https:\/\/i0.wp.com\/cebem.org\/wp-content\/uploads\/2022\/11\/Para-articulo.jpg?resize=300%2C225&amp;ssl=1 300w, https:\/\/i0.wp.com\/cebem.org\/wp-content\/uploads\/2022\/11\/Para-articulo.jpg?resize=768%2C576&amp;ssl=1 768w, https:\/\/i0.wp.com\/cebem.org\/wp-content\/uploads\/2022\/11\/Para-articulo.jpg?resize=600%2C450&amp;ssl=1 600w, https:\/\/i0.wp.com\/cebem.org\/wp-content\/uploads\/2022\/11\/Para-articulo.jpg?resize=750%2C563&amp;ssl=1 750w\" sizes=\"(max-width: 750px) 100vw, 750px\" \/><\/figure>\n\n\n\n<p>En el marco del evento virtual se present\u00f3 a grandes rasgos el documento de trabajo desarrollado en conjunto por la ONG FIMA, Red de Empoderamiento Jur\u00eddico y DAR (Derecho, Ambiente y Recursos Naturales).<\/p>\n\n\n\n<p>El objetivo general de la gu\u00eda es \u201c<em>orientar a las y los defensores ambientales en el proceso de capacitaci\u00f3n y difusi\u00f3n de conocimientos sobre el Acuerdo de Escaz\u00fa, sus principios, mecanismos de aplicaci\u00f3n y las oportunidades que brinda.<\/em>\u201d<\/p>\n\n\n\n<p>En ese marco, se espera representar un apoyo en el desarrollo de las capacidades de los grupos de defensa del ambiente, de forma que puedan conocer y utilizar el Acuerdo de Escaz\u00fa, as\u00ed como identificar herramientas para demandar su aplicaci\u00f3n e implementaci\u00f3n a nivel nacional y local, para hacer frente a las injusticias ambientales en la regi\u00f3n.<\/p>\n\n\n\n<p>Es necesaria la formaci\u00f3n en torno al Acuerdo de Escaz\u00fa para contribuir a la compresi\u00f3n de su contenido y fomentar la participaci\u00f3n. Aspira el documento a convertirse en un recurso para la capacitaci\u00f3n \u201c<em>de l\u00edderes comunitarios; defensoras y defensores ambientales; organizaciones de base, campesinas, afrodescendientes o ind\u00edgenas; docentes; dirigentes juveniles; educadores; monitores comunitarios; capacitadores; y todas aquellas personas que deseen transferir conocimientos y t\u00e9cnicas en torno al Acuerdo de Escaz\u00fa, tanto en espacios educativos formales como no formales, y que se puedan beneficiar de acciones emprendidas con base a Escaz\u00fa.\u201d<\/em><\/p>\n\n\n\n<p>La gu\u00eda se organiza:<\/p>\n\n\n\n<ul class=\"wp-block-list\">\n<li>La primera parte de capacitaci\u00f3n para defensores ambientales donde se desarrolla algunos conceptos clave a tener en cuenta al momento de realizar un taller de capacitaci\u00f3n, con el fin de facilitar su organizaci\u00f3n previa.<\/li>\n\n\n\n<li>Seguidamente, se introducen los derechos de acceso enmarcados en el Acuerdo de Escaz\u00fa, centr\u00e1ndose en el acceso a la informaci\u00f3n ambiental, el acceso a la participaci\u00f3n p\u00fablica en los procesos de toma de decisiones en asuntos ambientales, el acceso a la justicia en asuntos ambientales y las medidas de protecci\u00f3n para defensores ambientales.<\/li>\n\n\n\n<li>Cada cap\u00edtulo brinda sugerencias de metodolog\u00edas y herramientas para capacitar a los defensores, ya sea de forma presencial o virtual.<\/li>\n<\/ul>\n\n\n\n<p>Pueden descargar el documento para su consulta en: <a href=\"https:\/\/www.fima.cl\/2022\/11\/11\/guia-de-capacitacion-para-defensores-y-defensoras-ambientales-sobre-el-acuerdo-de-escazu\/\">https:\/\/www.fima.cl\/2022\/11\/11\/guia-de-capacitacion-para-defensores-y-defensoras-ambientales-sobre-el-acuerdo-de-escazu\/<\/a><\/p>\n\n\n\n<p>El Observatorio Ambiental del CEBEM REDESMA ha generado una serie de infograf\u00edas que incluyen la normativa de acceso a la informaci\u00f3n ambiental. Pueden consultarlo en: <a href=\"https:\/\/cebem.org\/?page_id=10810\">https:\/\/cebem.org\/?page_id=10810<\/a><\/p>\n\n\n\n<p>*Texto elaborado por Lorena G. Coria para proyecto del Observatorio Ambiental del CEBEM REDESMA<\/p>\n","protected":false},"excerpt":{"rendered":"<p>El d\u00eda 17 de noviembre desde el Observatorio Ambiental del CEBEM REDESMA participamos de la presentaci\u00f3n de la \u201cGu\u00eda de capacitaci\u00f3n para defensores y defensoras ambientales sobre el Acuerdo de Escaz\u00fa.\u201d<\/p>\n","protected":false},"author":14,"featured_media":11863,"comment_status":"closed","ping_status":"closed","sticky":false,"template":"","format":"standard","meta":{"_jetpack_memberships_contains_paid_content":false,"footnotes":"","jetpack_publicize_message":"","jetpack_publicize_feature_enabled":true,"jetpack_social_post_already_shared":true,"jetpack_social_options":{"image_generator_settings":{"template":"highway","default_image_id":0,"font":"","enabled":false},"version":2}},"categories":[1],"tags":[1478],"class_list":["post-11853","post","type-post","status-publish","format-standard","has-post-thumbnail","hentry","category-noticias","tag-observatorio-ambiental-cebem-redesma","item-wrap"],"jetpack_publicize_connections":[],"jetpack_featured_media_url":"https:\/\/i0.wp.com\/cebem.org\/wp-content\/uploads\/2022\/11\/Diapositiva1.jpg?fit=960%2C720&ssl=1","jetpack_sharing_enabled":true,"_links":{"self":[{"href":"https:\/\/cebem.org\/index.php?rest_route=\/wp\/v2\/posts\/11853","targetHints":{"allow":["GET"]}}],"collection":[{"href":"https:\/\/cebem.org\/index.php?rest_route=\/wp\/v2\/posts"}],"about":[{"href":"https:\/\/cebem.org\/index.php?rest_route=\/wp\/v2\/types\/post"}],"author":[{"embeddable":true,"href":"https:\/\/cebem.org\/index.php?rest_route=\/wp\/v2\/users\/14"}],"replies":[{"embeddable":true,"href":"https:\/\/cebem.org\/index.php?rest_route=%2Fwp%2Fv2%2Fcomments&post=11853"}],"version-history":[{"count":3,"href":"https:\/\/cebem.org\/index.php?rest_route=\/wp\/v2\/posts\/11853\/revisions"}],"predecessor-version":[{"id":11866,"href":"https:\/\/cebem.org\/index.php?rest_route=\/wp\/v2\/posts\/11853\/revisions\/11866"}],"wp:featuredmedia":[{"embeddable":true,"href":"https:\/\/cebem.org\/index.php?rest_route=\/wp\/v2\/media\/11863"}],"wp:attachment":[{"href":"https:\/\/cebem.org\/index.php?rest_route=%2Fwp%2Fv2%2Fmedia&parent=11853"}],"wp:term":[{"taxonomy":"category","embeddable":true,"href":"https:\/\/cebem.org\/index.php?rest_route=%2Fwp%2Fv2%2Fcategories&post=11853"},{"taxonomy":"post_tag","embeddable":true,"href":"https:\/\/cebem.org\/index.php?rest_route=%2Fwp%2Fv2%2Ftags&post=11853"}],"curies":[{"name":"wp","href":"https:\/\/api.w.org\/{rel}","templated":true}]}}