
{"id":1184,"date":"2016-07-07T18:46:16","date_gmt":"2016-07-07T22:46:16","guid":{"rendered":"http:\/\/cebem.org\/?p=1184"},"modified":"2016-07-07T18:46:16","modified_gmt":"2016-07-07T22:46:16","slug":"vi-congreso-cubano-de-desarrollo-local","status":"publish","type":"post","link":"https:\/\/cebem.org\/?p=1184","title":{"rendered":"VI Congreso Cubano de Desarrollo Local"},"content":{"rendered":"<p>La Universidad de Granma, convoca a: profesores, investigadores, profesionales, estudiantes y empresarios de la comunidad nacional e internacional a participar en el 6to Congreso Cubano de Desarrollo Local a efectuarse <strong>del 28 al 30 de marzo del 2017<\/strong>, <strong>en el Hotel Sierra Maestra de la ciudad de Bayamo, provincia Granma, Cuba.<\/strong> Mediante conferencias magistrales, paneles y mesas redondas, pretendemos dar a conocer los avances cient\u00edficos de alcance internacional en diversas \u00e1reas del saber, intercambiar experiencias y fortalecer las relaciones en el campo de la investigaci\u00f3n y la innovaci\u00f3n tecnol\u00f3gica.<\/p>\n<p><strong>Coordinador:<\/strong> Dr. Ibrahin Amhed Le\u00f3n Tellez<\/p>\n<p><strong>Correo electr\u00f3nico:<\/strong> <a href=\"mailto:ileont@udg.co.cu\">ileont@udg.co.cu<\/a><\/p>\n<p><strong>L\u00edneas tem\u00e1ticas:<\/strong><\/p>\n<ul>\n<li>La gesti\u00f3n estrat\u00e9gica del desarrollo local. La planificaci\u00f3n, los proyectos y las iniciativas de desarrollo local.<\/li>\n<li>La administraci\u00f3n p\u00fablica y el sistema institucional. Gobernabilidad y pol\u00edticas p\u00fablicas.<\/li>\n<li>Las finanzas p\u00fablicas y la gesti\u00f3n del financiamiento para el desarrollo.<\/li>\n<li>Los sistemas urbanos, la planificaci\u00f3n urban\u00edstica y el desarrollo de ciudades. Las relaciones centro \u2013 periferia.<\/li>\n<li>Programas de desarrollo rural. Pol\u00edticas e iniciativas de desarrollo rural sustentable. Pol\u00edticas agrarias y campesinado.<\/li>\n<li>La gesti\u00f3n comunitaria del desarrollo. La gesti\u00f3n participativa y el control popular. Las comunidades auto-gestionadas.<\/li>\n<li>El papel de las agencias de desarrollo local. La cooperaci\u00f3n internacional para el desarrollo, retos, perspectivas y experiencias pr\u00e1cticas.<\/li>\n<li>La econom\u00eda social y el desarrollo local. El fomento y desarrollo de cooperativas. La econom\u00eda popular y solidaria y los negocios familiares.<\/li>\n<li>Empresa y desarrollo local. La responsabilidad social empresarial. Los polos de desarrollo, las cadenas productivas, los sistemas productivos locales y los entornos innovadores.<\/li>\n<li>Los procesos de emprendimiento, la creaci\u00f3n y posicionamiento de las PyMES.<\/li>\n<li>Los sistemas integrales de gesti\u00f3n estrat\u00e9gica. La administraci\u00f3n financiera empresarial. El perfeccionamiento de los procesos contables para la toma de decisiones. La gesti\u00f3n de la calidad, la gesti\u00f3n log\u00edstica y el marketing.<\/li>\n<li>La gesti\u00f3n del conocimiento y la innovaci\u00f3n en funci\u00f3n del desarrollo local. Universidad y desarrollo local. El impacto del trabajo extensionista y de vinculaci\u00f3n social. La cooperaci\u00f3n internacional entre universidades para el desarrollo.<\/li>\n<li>Los m\u00e9todos y herramientas de an\u00e1lisis territorial y la medici\u00f3n del desarrollo. Econometr\u00eda espacial. Los sistemas de indicadores para el an\u00e1lisis territorial y las tecnolog\u00edas de gobierno electr\u00f3nico. El uso de sistema de informaci\u00f3n geogr\u00e1fica.<\/li>\n<\/ul>\n<h4><strong><a href=\"http:\/\/www.udg.co.cu\/\" target=\"_blank\">M\u00e1s informaci\u00f3n<\/a><\/strong><\/h4>\n<p>&nbsp;<\/p>\n","protected":false},"excerpt":{"rendered":"<p>La Universidad de Granma, convoca a: profesores, investigadores, profesionales, estudiantes y empresarios de la comunidad nacional e internacional a participar en el 6to Congreso Cubano de Desarrollo Local a efectuarse del 28 al 30 de marzo del 2017, en el Hotel Sierra Maestra de la ciudad de Bayamo, provincia Granma, Cuba. Mediante conferencias magistrales, paneles &hellip; <\/p>\n<p><a class=\"more-link btn\" href=\"https:\/\/cebem.org\/?p=1184\">Seguir leyendo<\/a><\/p>\n","protected":false},"author":2,"featured_media":1185,"comment_status":"closed","ping_status":"closed","sticky":false,"template":"","format":"standard","meta":{"_jetpack_memberships_contains_paid_content":false,"footnotes":"","jetpack_publicize_message":"","jetpack_publicize_feature_enabled":true,"jetpack_social_post_already_shared":true,"jetpack_social_options":{"image_generator_settings":{"template":"highway","default_image_id":0,"font":"","enabled":false},"version":2}},"categories":[34],"tags":[42,15,64,65],"class_list":["post-1184","post","type-post","status-publish","format-standard","has-post-thumbnail","hentry","category-eventos","tag-boletin-5-junio-2016","tag-congreso","tag-cuba","tag-desarrollo-local","item-wrap"],"jetpack_publicize_connections":[],"jetpack_featured_media_url":"https:\/\/i0.wp.com\/cebem.org\/wp-content\/uploads\/2016\/07\/congreso-cubano.jpg?fit=794%2C1123&ssl=1","jetpack_sharing_enabled":true,"_links":{"self":[{"href":"https:\/\/cebem.org\/index.php?rest_route=\/wp\/v2\/posts\/1184","targetHints":{"allow":["GET"]}}],"collection":[{"href":"https:\/\/cebem.org\/index.php?rest_route=\/wp\/v2\/posts"}],"about":[{"href":"https:\/\/cebem.org\/index.php?rest_route=\/wp\/v2\/types\/post"}],"author":[{"embeddable":true,"href":"https:\/\/cebem.org\/index.php?rest_route=\/wp\/v2\/users\/2"}],"replies":[{"embeddable":true,"href":"https:\/\/cebem.org\/index.php?rest_route=%2Fwp%2Fv2%2Fcomments&post=1184"}],"version-history":[{"count":1,"href":"https:\/\/cebem.org\/index.php?rest_route=\/wp\/v2\/posts\/1184\/revisions"}],"predecessor-version":[{"id":1186,"href":"https:\/\/cebem.org\/index.php?rest_route=\/wp\/v2\/posts\/1184\/revisions\/1186"}],"wp:featuredmedia":[{"embeddable":true,"href":"https:\/\/cebem.org\/index.php?rest_route=\/wp\/v2\/media\/1185"}],"wp:attachment":[{"href":"https:\/\/cebem.org\/index.php?rest_route=%2Fwp%2Fv2%2Fmedia&parent=1184"}],"wp:term":[{"taxonomy":"category","embeddable":true,"href":"https:\/\/cebem.org\/index.php?rest_route=%2Fwp%2Fv2%2Fcategories&post=1184"},{"taxonomy":"post_tag","embeddable":true,"href":"https:\/\/cebem.org\/index.php?rest_route=%2Fwp%2Fv2%2Ftags&post=1184"}],"curies":[{"name":"wp","href":"https:\/\/api.w.org\/{rel}","templated":true}]}}