
{"id":11800,"date":"2022-11-04T13:02:14","date_gmt":"2022-11-04T17:02:14","guid":{"rendered":"https:\/\/cebem.org\/?p=11800"},"modified":"2022-11-07T10:04:43","modified_gmt":"2022-11-07T14:04:43","slug":"claves-para-la-transicion-energetica","status":"publish","type":"post","link":"https:\/\/cebem.org\/?p=11800","title":{"rendered":"Claves para la transici\u00f3n energ\u00e9tica"},"content":{"rendered":"<div class=\"wp-block-image\">\n<figure class=\"aligncenter size-full\"><img data-recalc-dims=\"1\" decoding=\"async\" width=\"300\" height=\"86\" src=\"https:\/\/i0.wp.com\/cebem.org\/wp-content\/uploads\/2022\/08\/suelo_solar1.png?resize=300%2C86&#038;ssl=1\" alt=\"\" class=\"wp-image-11426\"\/><\/figure>\n<\/div>\n\n\n<p>En este Bolet\u00edn Solar del 3 de Noviembre podr\u00e1 encontrar, Noticias y negocios sobre energ\u00edas renovables.<\/p>\n\n\n\n<h4 class=\"wp-block-heading\"><em>Integraci\u00f3n renovable<\/em><br>Pa\u00edses andinos acuerdan intensificar integraci\u00f3n el\u00e9ctrica regional a trav\u00e9s de la generaci\u00f3n con fuentes de energ\u00eda renovable<\/h4>\n\n\n\n<p>Los representantes de los ministerios de Minas y Energ\u00eda de Bolivia, Per\u00fa, Chile, Ecuador y Colombia acordaron avanzar en la generaci\u00f3n el\u00e9ctrica con fuentes de energ\u00eda renovable y la aplicaci\u00f3n de pr\u00e1cticas de eficiencia energ\u00e9tica.  <a href=\"https:\/\/suelosolar.com\/newsolares\/newsol.asp?id=14650&amp;lct=13948&amp;ejm=983\" data-type=\"URL\" data-id=\"https:\/\/suelosolar.com\/newsolares\/newsol.asp?id=14650&amp;lct=13948&amp;ejm=983\" target=\"_blank\" rel=\"noreferrer noopener\">Ver mas<\/a>. <\/p>\n\n\n\n<h4 class=\"wp-block-heading\"><em>Futuro de Empleos de Futuro<\/em><br>Mesa p\u00fablico-privada se compromete a fortalecer la formaci\u00f3n de trabajadores para la transici\u00f3n energ\u00e9tica en Chile<\/h4>\n\n\n\n<figure class=\"wp-block-table\"><table><tbody><tr><td>Instancia liderada por el Ministerio de Energ\u00eda y en la que participan l\u00edderes de la industria y la academia sostuvo reuni\u00f3n anual en la que establecieron nuevos compromisos para el periodo 2023.<\/td><\/tr><\/tbody><\/table><\/figure>\n\n\n\n<p>Ver la noticia en el sigte Link: <a href=\"https:\/\/suelosolar.com\/newsolares\/newsol.asp?id=14651&amp;lct=13948&amp;ejm=983\">https:\/\/suelosolar.com\/newsolares\/newsol.asp?id=14651&amp;lct=13948&amp;ejm=983<\/a><\/p>\n\n\n\n<h4 class=\"wp-block-heading\">Estas noticias y muchas mas las puede ver en el Bolet\u00edn Solar en la siguiente direcci\u00f3n electr\u00f3nica: <a href=\"https:\/\/suelosolar.com\/boletin-solar\/3-XI-2022\/983\" data-type=\"URL\" data-id=\"https:\/\/suelosolar.com\/boletin-solar\/3-XI-2022\/983\">https:\/\/suelosolar.com\/boletin-solar\/3-XI-2022\/983<\/a>.<\/h4>\n\n\n\n<p><\/p>\n\n\n\n<p><\/p>\n\n\n\n<p><\/p>\n\n\n\n<p><br><\/p>\n","protected":false},"excerpt":{"rendered":"<p>Boletin NewSolares LatAm 3-XI-22.<br \/>\nMedioambiente y empleo: claves para la transici\u00f3n energ\u00e9tica.<\/p>\n","protected":false},"author":15,"featured_media":11426,"comment_status":"closed","ping_status":"closed","sticky":false,"template":"","format":"standard","meta":{"_jetpack_memberships_contains_paid_content":false,"footnotes":"","jetpack_publicize_message":"","jetpack_publicize_feature_enabled":true,"jetpack_social_post_already_shared":true,"jetpack_social_options":{"image_generator_settings":{"template":"highway","default_image_id":0,"font":"","enabled":false},"version":2}},"categories":[5],"tags":[1847,1824,1823],"class_list":["post-11800","post","type-post","status-publish","format-standard","has-post-thumbnail","hentry","category-boletin","tag-boletin-11-noviembre-2022","tag-energias-renovables-2","tag-noticias-suelo-solare","item-wrap"],"jetpack_publicize_connections":[],"jetpack_featured_media_url":"https:\/\/i0.wp.com\/cebem.org\/wp-content\/uploads\/2022\/08\/suelo_solar1.png?fit=300%2C86&ssl=1","jetpack_sharing_enabled":true,"_links":{"self":[{"href":"https:\/\/cebem.org\/index.php?rest_route=\/wp\/v2\/posts\/11800","targetHints":{"allow":["GET"]}}],"collection":[{"href":"https:\/\/cebem.org\/index.php?rest_route=\/wp\/v2\/posts"}],"about":[{"href":"https:\/\/cebem.org\/index.php?rest_route=\/wp\/v2\/types\/post"}],"author":[{"embeddable":true,"href":"https:\/\/cebem.org\/index.php?rest_route=\/wp\/v2\/users\/15"}],"replies":[{"embeddable":true,"href":"https:\/\/cebem.org\/index.php?rest_route=%2Fwp%2Fv2%2Fcomments&post=11800"}],"version-history":[{"count":1,"href":"https:\/\/cebem.org\/index.php?rest_route=\/wp\/v2\/posts\/11800\/revisions"}],"predecessor-version":[{"id":11801,"href":"https:\/\/cebem.org\/index.php?rest_route=\/wp\/v2\/posts\/11800\/revisions\/11801"}],"wp:featuredmedia":[{"embeddable":true,"href":"https:\/\/cebem.org\/index.php?rest_route=\/wp\/v2\/media\/11426"}],"wp:attachment":[{"href":"https:\/\/cebem.org\/index.php?rest_route=%2Fwp%2Fv2%2Fmedia&parent=11800"}],"wp:term":[{"taxonomy":"category","embeddable":true,"href":"https:\/\/cebem.org\/index.php?rest_route=%2Fwp%2Fv2%2Fcategories&post=11800"},{"taxonomy":"post_tag","embeddable":true,"href":"https:\/\/cebem.org\/index.php?rest_route=%2Fwp%2Fv2%2Ftags&post=11800"}],"curies":[{"name":"wp","href":"https:\/\/api.w.org\/{rel}","templated":true}]}}