
{"id":11769,"date":"2022-10-25T10:17:54","date_gmt":"2022-10-25T14:17:54","guid":{"rendered":"https:\/\/cebem.org\/?p=11769"},"modified":"2022-10-25T10:17:55","modified_gmt":"2022-10-25T14:17:55","slug":"dia-internacional-contra-el-cambio-climatico","status":"publish","type":"post","link":"https:\/\/cebem.org\/?p=11769","title":{"rendered":"D\u00eda Internacional contra el Cambio Clim\u00e1tico"},"content":{"rendered":"\n<p>El 24 de octubre se defini\u00f3 como fecha conmemorativa de la Lucha contra el Cambio Clim\u00e1tico.<\/p>\n\n\n\n<p>El Cambio Clim\u00e1tico es un proceso complejo que forma parte de la crisis ambiental. Se encuentra configurado por la aportaci\u00f3n y confluencia de una diversidad de actividades antr\u00f3picas que emiten los denominados Gases de Efectos Invernaderos (GEI). Cada pa\u00eds y cada regi\u00f3n configura hist\u00f3rica y actualmente su propia matriz de emisi\u00f3n: desde actividades agr\u00edcolas, ganaderas, forestales, industriales, asociadas a residuos hasta las actividades asociadas a la generaci\u00f3n de energ\u00eda. Asimismo, el sistema natural tambi\u00e9n emite los GEI, vale de ejemplo, los procesos de descomposici\u00f3n de la materia org\u00e1nica y las erupciones volc\u00e1nicas.<\/p>\n\n\n\n<p class=\"has-text-align-right\"><em>\u201cEl Cambio Clim\u00e1tico, es definido por el IPCC como la variaci\u00f3n del estado del clima, identificable mediante la modificaci\u00f3n del valor medio o en la variabilidad de sus componentes, por ejemplo, en lo cambios en el valor medio de la temperatura. Estos cambios, deben ser persistentes durante largos per\u00edodos de tiempo (decenios o m\u00e1s). El cambio clim\u00e1tico puede deberse a procesos internos naturales o a forzamientos externos como las modulaciones de los ciclos solares, erupciones volc\u00e1nicas o cambios antrop\u00f3genos (causados por el hombre) persistentes de la composici\u00f3n de la atm\u00f3sfera o del uso del suelo.\u201d<\/em><\/p>\n\n\n\n<figure class=\"wp-block-image size-full\"><img data-recalc-dims=\"1\" fetchpriority=\"high\" decoding=\"async\" width=\"750\" height=\"498\" src=\"https:\/\/i0.wp.com\/cebem.org\/wp-content\/uploads\/2022\/10\/image-4.png?resize=750%2C498&#038;ssl=1\" alt=\"\" class=\"wp-image-11771\" srcset=\"https:\/\/i0.wp.com\/cebem.org\/wp-content\/uploads\/2022\/10\/image-4.png?w=960&amp;ssl=1 960w, https:\/\/i0.wp.com\/cebem.org\/wp-content\/uploads\/2022\/10\/image-4.png?resize=300%2C199&amp;ssl=1 300w, https:\/\/i0.wp.com\/cebem.org\/wp-content\/uploads\/2022\/10\/image-4.png?resize=768%2C510&amp;ssl=1 768w, https:\/\/i0.wp.com\/cebem.org\/wp-content\/uploads\/2022\/10\/image-4.png?resize=600%2C399&amp;ssl=1 600w, https:\/\/i0.wp.com\/cebem.org\/wp-content\/uploads\/2022\/10\/image-4.png?resize=750%2C498&amp;ssl=1 750w\" sizes=\"(max-width: 750px) 100vw, 750px\" \/><\/figure>\n\n\n\n<p>El Cambio Clim\u00e1tico es configurado por una serie de problemas ambientales pero a la vez incide en la din\u00e1mica ambiental complejizando los escenarios problem\u00e1ticos. Las instancias de planificaci\u00f3n hoy deben incluir los escenarios de cambio de cambio clim\u00e1tico para el correcto dise\u00f1o de medidas de mitigaci\u00f3n y adaptaci\u00f3n. Dichas medida incluyen diferentes niveles de responsabilidad conforme los actores sociales, desde las comunidades locales, los actores industriales y empresariales, el sector agr\u00edcola-ganadero y forestal, el tercer sector y los actores gubernamentales.<\/p>\n\n\n\n<p>Compartimos la Infograf\u00eda de CEPAL que resume las principales conclusiones que nos dejo el documento \u00abLa Emergencia del Cambio Clim\u00e1tico en Am\u00e9rica Latina y el Caribe\u00bb<\/p>\n\n\n\n<figure class=\"wp-block-image size-large\"><img data-recalc-dims=\"1\" decoding=\"async\" width=\"750\" height=\"414\" src=\"https:\/\/i0.wp.com\/cebem.org\/wp-content\/uploads\/2022\/10\/image-5.png?resize=750%2C414&#038;ssl=1\" alt=\"\" class=\"wp-image-11772\" srcset=\"https:\/\/i0.wp.com\/cebem.org\/wp-content\/uploads\/2022\/10\/image-5.png?resize=1024%2C565&amp;ssl=1 1024w, https:\/\/i0.wp.com\/cebem.org\/wp-content\/uploads\/2022\/10\/image-5.png?resize=300%2C165&amp;ssl=1 300w, https:\/\/i0.wp.com\/cebem.org\/wp-content\/uploads\/2022\/10\/image-5.png?resize=768%2C424&amp;ssl=1 768w, https:\/\/i0.wp.com\/cebem.org\/wp-content\/uploads\/2022\/10\/image-5.png?resize=600%2C331&amp;ssl=1 600w, https:\/\/i0.wp.com\/cebem.org\/wp-content\/uploads\/2022\/10\/image-5.png?resize=750%2C414&amp;ssl=1 750w, https:\/\/i0.wp.com\/cebem.org\/wp-content\/uploads\/2022\/10\/image-5.png?w=1280&amp;ssl=1 1280w\" sizes=\"(max-width: 750px) 100vw, 750px\" \/><\/figure>\n\n\n\n<p>Fuente: CEPAL. Disponible en: https:\/\/www.cepal.org\/es\/infografias\/la-emergencia-cambio-climatico-america-latina-caribe<\/p>\n\n\n\n<p>*Texto elaborado por Lorena G. Coria para Proyecto \u201cObservatorio Ambiental del CEBEM REDESMA\u201d<\/p>\n","protected":false},"excerpt":{"rendered":"<p>El 24 de octubre se defini\u00f3 como fecha conmemorativa de la Lucha contra el Cambio Clim\u00e1tico<\/p>\n","protected":false},"author":14,"featured_media":11771,"comment_status":"closed","ping_status":"closed","sticky":false,"template":"","format":"standard","meta":{"_jetpack_memberships_contains_paid_content":false,"footnotes":"","jetpack_publicize_message":"","jetpack_publicize_feature_enabled":true,"jetpack_social_post_already_shared":true,"jetpack_social_options":{"image_generator_settings":{"template":"highway","default_image_id":0,"font":"","enabled":false},"version":2}},"categories":[1],"tags":[1462,1034,1478],"class_list":["post-11769","post","type-post","status-publish","format-standard","has-post-thumbnail","hentry","category-noticias","tag-calendario-ambiental","tag-educacion-ambiental","tag-observatorio-ambiental-cebem-redesma","item-wrap"],"jetpack_publicize_connections":[],"jetpack_featured_media_url":"https:\/\/i0.wp.com\/cebem.org\/wp-content\/uploads\/2022\/10\/image-4.png?fit=960%2C638&ssl=1","jetpack_sharing_enabled":true,"_links":{"self":[{"href":"https:\/\/cebem.org\/index.php?rest_route=\/wp\/v2\/posts\/11769","targetHints":{"allow":["GET"]}}],"collection":[{"href":"https:\/\/cebem.org\/index.php?rest_route=\/wp\/v2\/posts"}],"about":[{"href":"https:\/\/cebem.org\/index.php?rest_route=\/wp\/v2\/types\/post"}],"author":[{"embeddable":true,"href":"https:\/\/cebem.org\/index.php?rest_route=\/wp\/v2\/users\/14"}],"replies":[{"embeddable":true,"href":"https:\/\/cebem.org\/index.php?rest_route=%2Fwp%2Fv2%2Fcomments&post=11769"}],"version-history":[{"count":2,"href":"https:\/\/cebem.org\/index.php?rest_route=\/wp\/v2\/posts\/11769\/revisions"}],"predecessor-version":[{"id":11775,"href":"https:\/\/cebem.org\/index.php?rest_route=\/wp\/v2\/posts\/11769\/revisions\/11775"}],"wp:featuredmedia":[{"embeddable":true,"href":"https:\/\/cebem.org\/index.php?rest_route=\/wp\/v2\/media\/11771"}],"wp:attachment":[{"href":"https:\/\/cebem.org\/index.php?rest_route=%2Fwp%2Fv2%2Fmedia&parent=11769"}],"wp:term":[{"taxonomy":"category","embeddable":true,"href":"https:\/\/cebem.org\/index.php?rest_route=%2Fwp%2Fv2%2Fcategories&post=11769"},{"taxonomy":"post_tag","embeddable":true,"href":"https:\/\/cebem.org\/index.php?rest_route=%2Fwp%2Fv2%2Ftags&post=11769"}],"curies":[{"name":"wp","href":"https:\/\/api.w.org\/{rel}","templated":true}]}}