
{"id":11753,"date":"2022-10-21T11:16:03","date_gmt":"2022-10-21T15:16:03","guid":{"rendered":"https:\/\/cebem.org\/?p=11753"},"modified":"2022-10-21T11:16:04","modified_gmt":"2022-10-21T15:16:04","slug":"dia-mundial-del-ahorro-de-energia","status":"publish","type":"post","link":"https:\/\/cebem.org\/?p=11753","title":{"rendered":"D\u00eda Mundial del Ahorro de Energ\u00eda"},"content":{"rendered":"\n<p>Todos los a\u00f1os el 21 de octubre se conmemora el \u00abD\u00eda Mundial del Ahorro de Energ\u00eda\u00bb. &nbsp;Una iniciativa impulsada por el Foro Energ\u00e9tico Mundial (WorldEnergyForum) desde el a\u00f1o 2012.<\/p>\n\n\n\n<p>Tiene como fin, instalar en la agenda cotidiana algunos temas de importancia para la comunidad en general: necesidad de ahorro de energ\u00eda, visibilizar el impacto ambiental que trae el consumo energ\u00e9tico y promover el acceso universal a la energ\u00eda.<\/p>\n\n\n\n<p>Las pr\u00e1cticas de ahorro permiten avanzar con diferentes audiencias: comunidad en general, el sector educativo, el sector empresarial y los actores gubernamentales en cuanto al dise\u00f1o de las pol\u00edticas p\u00fablicas. Este \u00faltimo punto de importancia para muchos pa\u00edses que requieren complementar y avanzar en el marco normativo ambiental.<\/p>\n\n\n\n<figure class=\"wp-block-image size-full\"><img data-recalc-dims=\"1\" fetchpriority=\"high\" decoding=\"async\" width=\"750\" height=\"466\" src=\"https:\/\/i0.wp.com\/cebem.org\/wp-content\/uploads\/2022\/10\/image-2.png?resize=750%2C466&#038;ssl=1\" alt=\"\" class=\"wp-image-11755\" srcset=\"https:\/\/i0.wp.com\/cebem.org\/wp-content\/uploads\/2022\/10\/image-2.png?w=960&amp;ssl=1 960w, https:\/\/i0.wp.com\/cebem.org\/wp-content\/uploads\/2022\/10\/image-2.png?resize=300%2C187&amp;ssl=1 300w, https:\/\/i0.wp.com\/cebem.org\/wp-content\/uploads\/2022\/10\/image-2.png?resize=768%2C478&amp;ssl=1 768w, https:\/\/i0.wp.com\/cebem.org\/wp-content\/uploads\/2022\/10\/image-2.png?resize=600%2C373&amp;ssl=1 600w, https:\/\/i0.wp.com\/cebem.org\/wp-content\/uploads\/2022\/10\/image-2.png?resize=750%2C466&amp;ssl=1 750w\" sizes=\"(max-width: 750px) 100vw, 750px\" \/><\/figure>\n\n\n\n<p>El sector energ\u00e9tico reviste de importancia en el marco del proceso de Cambio Clim\u00e1tico. La matriz de emisi\u00f3n de gases de efecto invernadero (principal responsable de la configuraci\u00f3n del Cambio Clim\u00e1tico) &nbsp;a nivel mundial muestra el sector energ\u00e9tico como responsable de las emisiones. Para el a\u00f1o 2019 el sector energ\u00e9tico origin\u00f3 el 73,2% de las emisiones, seguido por la agricultura y usos de suelo (18.4%), industrias (5.2%) y residuos(3.2%).<\/p>\n\n\n\n<p>La importancia del tema energ\u00e9tico se ve reflejada en el mismo avance hacia el Desarrollo Sustentable. As\u00ed el tema forma parte de la Agenda 2030, en el marco del ODS 7\u2014Garantizar el acceso a una energ\u00eda asequible, fiable, sostenible y moderna para todos.<\/p>\n\n\n\n<p>Para promover la sensibilizaci\u00f3n sobre el tema compartimos desde la galer\u00eda de recursos de educaci\u00f3n ambiental del Ministerio de Transici\u00f3n Ecol\u00f3gica espa\u00f1ol la \u201cGu\u00eda de ahorro energ\u00e9tico dom\u00e9stico de la oficina de l&#8217;Energia. 15 medidas para convertirte en un\/a expert@ del ahorro energ\u00e9tico\u201d que permitir\u00e1 avanzar sobre los siguientes interrogantes: <em>\u00bfCu\u00e1nto consumen mis electrodom\u00e9sticos? \u00bfDurante cu\u00e1ntas horas los uso? \u00bfEst\u00e1 mi vivienda bien aislada? \u00bfUtilizo la climatizaci\u00f3n de forma eficiente? \u00bfPuedo cambiar alg\u00fan h\u00e1bito que me ayude a ahorrar energ\u00eda?. Estas y otras preguntas sobre el uso de la energ\u00eda en la vivienda, son las que han respondido desde la \u201cOficina de l\u2019Energia\u201d ret\u00e1ndonos a pasar a la acci\u00f3n.<\/em><\/p>\n\n\n\n<figure class=\"wp-block-image size-full\"><img data-recalc-dims=\"1\" decoding=\"async\" width=\"750\" height=\"563\" src=\"https:\/\/i0.wp.com\/cebem.org\/wp-content\/uploads\/2022\/10\/Diapositiva1-2.jpg?resize=750%2C563&#038;ssl=1\" alt=\"\" class=\"wp-image-11754\" srcset=\"https:\/\/i0.wp.com\/cebem.org\/wp-content\/uploads\/2022\/10\/Diapositiva1-2.jpg?w=960&amp;ssl=1 960w, https:\/\/i0.wp.com\/cebem.org\/wp-content\/uploads\/2022\/10\/Diapositiva1-2.jpg?resize=300%2C225&amp;ssl=1 300w, https:\/\/i0.wp.com\/cebem.org\/wp-content\/uploads\/2022\/10\/Diapositiva1-2.jpg?resize=768%2C576&amp;ssl=1 768w, https:\/\/i0.wp.com\/cebem.org\/wp-content\/uploads\/2022\/10\/Diapositiva1-2.jpg?resize=600%2C450&amp;ssl=1 600w, https:\/\/i0.wp.com\/cebem.org\/wp-content\/uploads\/2022\/10\/Diapositiva1-2.jpg?resize=750%2C563&amp;ssl=1 750w\" sizes=\"(max-width: 750px) 100vw, 750px\" \/><\/figure>\n\n\n\n<p>Descargar el material  en: <a href=\"https:\/\/climaienergia.com\/wp-content\/uploads\/2021\/05\/pptOE_GUI-AhoE_Mayo2021cast_vf_web.pdf\">https:\/\/climaienergia.com\/wp-content\/uploads\/2021\/05\/pptOE_GUI-AhoE_Mayo2021cast_vf_web.pdf<\/a><\/p>\n\n\n\n<p>Fuentes consultadas<\/p>\n\n\n\n<ul class=\"wp-block-list\"><li>LATITUD 4\u00b435. Infograf\u00eda: Emisiones globales de gases de efecto invernadero por sector. Disponible en : <a href=\"https:\/\/latitud435.com\/2020\/12\/infografia-emisiones-globales-de-gases-de-efecto-invernadero-por-sector\/\">https:\/\/latitud435.com\/2020\/12\/infografia-emisiones-globales-de-gases-de-efecto-invernadero-por-sector\/<\/a><\/li><li>Ministerio de Transici\u00f3n Ecol\u00f3gica. Disponible en: <a href=\"https:\/\/www.miteco.gob.es\/es\/ceneam\/recursos\/materiales\/guia-ahorro-energetico-domestico.aspx\">https:\/\/www.miteco.gob.es\/es\/ceneam\/recursos\/materiales\/guia-ahorro-energetico-domestico.aspx<\/a><\/li><\/ul>\n\n\n\n<p>*Texto desarrollado por Lorena G. Coria en el marco del Proyecto del Observatorio Ambiental del CEBEM REDESMA.<\/p>\n","protected":false},"excerpt":{"rendered":"<p>21 de octubre se conmemora el \u00abD\u00eda Mundial del Ahorro de Energ\u00eda\u00bb. \u00a0Una iniciativa impulsada por el Foro Energ\u00e9tico Mundial (WorldEnergyForum) desde el a\u00f1o 2012.<\/p>\n","protected":false},"author":14,"featured_media":11755,"comment_status":"closed","ping_status":"closed","sticky":false,"template":"","format":"standard","meta":{"_jetpack_memberships_contains_paid_content":false,"footnotes":"","jetpack_publicize_message":"","jetpack_publicize_feature_enabled":true,"jetpack_social_post_already_shared":true,"jetpack_social_options":{"image_generator_settings":{"template":"highway","default_image_id":0,"font":"","enabled":false},"version":2}},"categories":[1],"tags":[1462,1774,1478],"class_list":["post-11753","post","type-post","status-publish","format-standard","has-post-thumbnail","hentry","category-noticias","tag-calendario-ambiental","tag-educacion-ambiental-2","tag-observatorio-ambiental-cebem-redesma","item-wrap"],"jetpack_publicize_connections":[],"jetpack_featured_media_url":"https:\/\/i0.wp.com\/cebem.org\/wp-content\/uploads\/2022\/10\/image-2.png?fit=960%2C597&ssl=1","jetpack_sharing_enabled":true,"_links":{"self":[{"href":"https:\/\/cebem.org\/index.php?rest_route=\/wp\/v2\/posts\/11753","targetHints":{"allow":["GET"]}}],"collection":[{"href":"https:\/\/cebem.org\/index.php?rest_route=\/wp\/v2\/posts"}],"about":[{"href":"https:\/\/cebem.org\/index.php?rest_route=\/wp\/v2\/types\/post"}],"author":[{"embeddable":true,"href":"https:\/\/cebem.org\/index.php?rest_route=\/wp\/v2\/users\/14"}],"replies":[{"embeddable":true,"href":"https:\/\/cebem.org\/index.php?rest_route=%2Fwp%2Fv2%2Fcomments&post=11753"}],"version-history":[{"count":3,"href":"https:\/\/cebem.org\/index.php?rest_route=\/wp\/v2\/posts\/11753\/revisions"}],"predecessor-version":[{"id":11759,"href":"https:\/\/cebem.org\/index.php?rest_route=\/wp\/v2\/posts\/11753\/revisions\/11759"}],"wp:featuredmedia":[{"embeddable":true,"href":"https:\/\/cebem.org\/index.php?rest_route=\/wp\/v2\/media\/11755"}],"wp:attachment":[{"href":"https:\/\/cebem.org\/index.php?rest_route=%2Fwp%2Fv2%2Fmedia&parent=11753"}],"wp:term":[{"taxonomy":"category","embeddable":true,"href":"https:\/\/cebem.org\/index.php?rest_route=%2Fwp%2Fv2%2Fcategories&post=11753"},{"taxonomy":"post_tag","embeddable":true,"href":"https:\/\/cebem.org\/index.php?rest_route=%2Fwp%2Fv2%2Ftags&post=11753"}],"curies":[{"name":"wp","href":"https:\/\/api.w.org\/{rel}","templated":true}]}}