
{"id":1173,"date":"2016-07-07T07:33:40","date_gmt":"2016-07-07T11:33:40","guid":{"rendered":"http:\/\/cebem.org\/?p=1173"},"modified":"2016-07-27T17:22:53","modified_gmt":"2016-07-27T21:22:53","slug":"encuentro-de-la-red-celso-furtado-de-investigacion-en-comunicacion-cultura-y-desarrollo","status":"publish","type":"post","link":"https:\/\/cebem.org\/?p=1173","title":{"rendered":"Encuentro de la Red Celso Furtado de Investigaci\u00f3n en Comunicaci\u00f3n, Cultura y Desarrollo."},"content":{"rendered":"<p><strong>4 de octubre, Mexico-DF\u00a0<\/strong><\/p>\n<p><strong>Pre-congreso<\/strong><\/p>\n<p><strong>XIII ALAIC 2016 <\/strong><a href=\"http:\/\/alaic2016.cua.uam.mx\" target=\"_blank\">XIII Congreso Latinoamericano de Investigadores de la Comunicaci\u00f3n<\/a><\/p>\n<ol>\n<li><strong>Coordinador<\/strong>: Cesar Bola\u00f1o (UFS \u2013 Universidade Federal de Sergipe, Brasil) \u00a0 \u00a0 \u00a0 \u00a0 \u00a0 \u00a0 \u00a0 \u00a0 \u00a0 \u00a0 \u00a0 \u00a0 \u00a0\u00a0 <a href=\"mailto:bolano.ufs@gmail.com\"><strong>bolano.ufs@gmail.com<\/strong><\/a><\/li>\n<\/ol>\n<ol start=\"2\">\n<li><strong>Nombre del encuentro propuesto:\u00a0<\/strong>\u201cEncuentro de la Red Celso Furtado de\u00a0Investigaci\u00f3n en Comunicaci\u00f3n, Cultura y Desarrollo\u201d<\/li>\n<\/ol>\n<ol start=\"3\">\n<li><strong>Car\u00e1cter y fecha:\u00a0<\/strong>Pre-congreso, 4 de outubro de 2016<\/li>\n<\/ol>\n<p><strong>Objetivos:<\/strong><\/p>\n<p>Constituir una red de investigadores interesados en retomar la contribuci\u00f3n de Celso Furtado al pensamiento social latinoamericano, con el objetivo de formular un amplio programa de investigaci\u00f3n interdisciplinar sobre Comunicaci\u00f3n, Cultura y Desarrollo, al interior del campo comunicacional y en las fronteras para, con ello, avanzar en la construcci\u00f3n de un pensamiento comunicacional cr\u00edtico, que contribuya a la definici\u00f3n de un nuevo patr\u00f3n de desarrollo, entendido este siguiendo al autor, como una ampliaci\u00f3n de los horizontes de expectativas de las m\u00e1s amplias masas.<\/p>\n<p><strong>Objetivos Espec\u00edficos:<\/strong><\/p>\n<ul>\n<li>Organizar un primer encuentro de investigadores, en el marco del XXIII Congreso de la Asociaci\u00f3n Latinoamericana de Investigadores da Comunicaci\u00f3n (ALAIC), M\u00e9xico-DF 2016, sobre la relaci\u00f3n entre Comunicaci\u00f3n, Cultura y Desarrollo, buscando crear un espacio de discusi\u00f3n entre el estructuralismo hist\u00f3rico y el pensamiento comunicacional cr\u00edtico en Am\u00e9rica Latina.<\/li>\n<li>Socializar con los investigadores participantes la idea de crear la Red Celso Furtado de Investigaci\u00f3n en Comunicaci\u00f3n, Cultura y Desarrollo, la cual podr\u00eda integrar tambi\u00e9n las instituciones invitadas a participar de esta primera iniciativa y otras que se plantear\u00edan posteriormente.<\/li>\n<\/ul>\n<p><strong>Entidades y personas participantes de la red:<\/strong><\/p>\n<p><strong>Coordinadores Asistentes<\/strong>: Mauricio Herrera-Jaramillo (Colombia), Carol Mu\u00f1oz Nieves (Cuba).<\/p>\n<p><strong>Coordinadores Asociados<\/strong>: Verlane Arag\u00e3o Santos (UFS), Ruy Sardinha Lopes (USP),\u00a0Carlos\u00a0Ant\u00f4nio Brand\u00e3o (UFRJ)<strong>.<\/strong><\/p>\n<p><strong>Comit\u00e9 Cient\u00edfico:<\/strong><\/p>\n<p>Alain Herscovici (UFES)<\/p>\n<p>Claudia Leit\u00e3o (UECE)<\/p>\n<p>Rosa\u00a0Freire\u00a0d\u2019Aguiar (CICEF)<\/p>\n<p>Anita Simis (UNESP)<\/p>\n<p>Silvia Lago (UBA)<\/p>\n<p>Marcos Dantas (UFRJ)<\/p>\n<p>Ingrid Sarti (UFRJ)<\/p>\n<p>Gabriel Kapl\u00fan (Universidad de la Rep\u00fablica de Uruguay)<\/p>\n<p>Gustavo Cimadevilla (Universidad Nacional de R\u00edo Cuarto)<\/p>\n<p>Fernando Mattos (UFF)<\/p>\n<p>Pedro Jorge Braumann (Escola Superior de Comunica\u00e7\u00e3o Social, Instituto Polit\u00e9cnico de Lisboa).<\/p>\n<p><strong>Instituciones vinculadas:<\/strong><\/p>\n<p>Centro Internacional Celso Furtado para el Desarrollo (CICEF).<\/p>\n<p>Rede Economia Pol\u00edtica das Tecnologias da Informa\u00e7\u00e3o e da Comunica\u00e7\u00e3o (EPTIC).<\/p>\n<p>Uni\u00e3o Latina de Economia Pol\u00edtica da Informa\u00e7\u00e3o, da Comunica\u00e7\u00e3o e da Cultura \u2013 Cap\u00edtulo Brasil (ULEPICC-Brasil).<\/p>\n<p>Sociedade Brasileira de Economia Pol\u00edtica (SEP).<\/p>\n<p><strong>Grupos de investigaci\u00f3n y laboratorios acad\u00e9micos participantes:<\/strong><\/p>\n<p>Comunica\u00e7\u00e3o, Economia Pol\u00edtica e Sociedade, grupo vinculado ao Observat\u00f3rio de Economia e Comunica\u00e7\u00e3o da UFS (OBSCOM\/CEPOS).<\/p>\n<p>Grupo de Estudos em Economia da Cultura, da Informa\u00e7\u00e3o, do Conhecimento e da Comunica\u00e7\u00e3o (GECICC\/UFES).<\/p>\n<p>Programa de Investigaciones sobre la Sociedad de la Informaci\u00f3n (SocInfo) del Instituto Gino Germani Universidad de Buenos Aires (UBA).<\/p>\n<p>Grupo Pol\u00edtica e Economia da Informa\u00e7\u00e3o e Comunica\u00e7\u00e3o (PEIC), da Escola de Comunica\u00e7\u00e3o da Universidade Federal do Rio de Janeiro (ECO\/UFRJ).<\/p>\n<p><strong>Din\u00e1mica del Encuentro:<\/strong><\/p>\n<p>El encuentro constara de una mesa de inauguraci\u00f3n en que el coordinador har\u00e1 una breve presentaci\u00f3n de la propuesta de la red, seguida de un panel tem\u00e1tico, en el periodo de la ma\u00f1ana. Por la tarde ser\u00e1 el espacio para las presentaciones de trabajos previamente seleccionados por el Comit\u00e9 Cient\u00edfico. Al final se tendr\u00e1 espacio para una plenaria en que nominar\u00e1 la Comisi\u00f3n Provisional de constituci\u00f3n de la Red. Eventualmente ser\u00e1 incluido un segundo panel tem\u00e1tico en el per\u00edodo da tarde.<\/p>\n<p><strong>Resumen da Propuesta para divulgaci\u00f3n<\/strong><\/p>\n<p>La contribuci\u00f3n de Celso Furtado a la constituci\u00f3n y desarrollo de las denominadas Ciencias de la Comunicaci\u00f3n permaneci\u00f3 en la sombra hasta nuestros d\u00edas. S\u00f3lo recientemente \u2013a partir de diversos estudios estimulados por el valioso trabajo del Centro Internacional Celso Furtado para el Desarrollo (CICEF), as\u00ed como por iniciativas como los Coloquios Celso Furtado organizados por la Secretaria de Econom\u00edas Creativa del Ministerio de Cultura- ese vac\u00edo empieza a ser llenado, aunque a\u00fan estamos lejos de asimilar en su plenitud, dicha contribuci\u00f3n fundamental, que abarca desde las formulaciones te\u00f3ricas m\u00e1s abstractas hasta las propuestas de pol\u00edticas culturales publicas efectivas, entendidas como parte de las pol\u00edticas sociales, con el objetivo de superar el atraso, convirtiendo a la cultura en eje estructural de las pol\u00edticas de desarrollo, de aquel \u201cverdadero desarrollo\u201d, que implica la necesidad de una autonom\u00eda cultural que garantice, bajo un horizonte de expectativas renovadas, la reconversi\u00f3n de la l\u00f3gica perversa entre medios y fines caracter\u00edstica del subdesarrollo.<\/p>\n<p>Este encuentro y la iniciativa de crear la\u00a0<strong>Red<\/strong>\u00a0<strong>Celso Furtado de Investigaci\u00f3n en Comunicaci\u00f3n, Cultura y Desarrollo<\/strong>de car\u00e1cter interdisciplinar contribuir\u00e1 a problematizar el legado intelectual del autor al colocarlo en dialogo con la trayectoria intelectual que el campo de la Comunicaci\u00f3n latinoamericana gener\u00f3, bajo la premisa de promover un pensamiento cr\u00edtico y aut\u00f3nomo. En este marco, se esperan contribuciones orientadas por los objetivos del encuentro.<\/p>\n<p>Textos de entre 2.000 y 4.000 palabras deber\u00e1n ser enviados a la coordinaci\u00f3n del evento:\u00a0<a href=\"mailto:bolano.ufs@gmail.com\"><strong>bolano.ufs@gmail.com<\/strong><\/a><strong>\u00a0hasta el d\u00eda 20 de agosto de 2016.<\/strong><\/p>\n<h4><strong><a href=\"http:\/\/www.centrocelsofurtado.org.br\/interna.php?&amp;ID_M=1444\" target=\"_blank\">M\u00e1s informaci\u00f3n<\/a><\/strong><\/h4>\n","protected":false},"excerpt":{"rendered":"<p>4 de octubre, Mexico-DF\u00a0 Pre-congreso XIII ALAIC 2016 XIII Congreso Latinoamericano de Investigadores de la Comunicaci\u00f3n Coordinador: Cesar Bola\u00f1o (UFS \u2013 Universidade Federal de Sergipe, Brasil) \u00a0 \u00a0 \u00a0 \u00a0 \u00a0 \u00a0 \u00a0 \u00a0 \u00a0 \u00a0 \u00a0 \u00a0 \u00a0\u00a0 bolano.ufs@gmail.com Nombre del encuentro propuesto:\u00a0\u201cEncuentro de la Red Celso Furtado de\u00a0Investigaci\u00f3n en Comunicaci\u00f3n, Cultura y Desarrollo\u201d &hellip; <\/p>\n<p><a class=\"more-link btn\" href=\"https:\/\/cebem.org\/?p=1173\">Seguir leyendo<\/a><\/p>\n","protected":false},"author":2,"featured_media":1269,"comment_status":"closed","ping_status":"closed","sticky":false,"template":"","format":"standard","meta":{"_jetpack_memberships_contains_paid_content":false,"footnotes":"","jetpack_publicize_message":"","jetpack_publicize_feature_enabled":true,"jetpack_social_post_already_shared":true,"jetpack_social_options":{"image_generator_settings":{"template":"highway","default_image_id":0,"font":"","enabled":false},"version":2}},"categories":[34],"tags":[42,57,58,13,59],"class_list":["post-1173","post","type-post","status-publish","format-standard","has-post-thumbnail","hentry","category-eventos","tag-boletin-5-junio-2016","tag-comunicacion","tag-cultura","tag-evento","tag-mexico","item-wrap"],"jetpack_publicize_connections":[],"jetpack_featured_media_url":"https:\/\/i0.wp.com\/cebem.org\/wp-content\/uploads\/2016\/07\/460912_270642163025432_1321569154_o.jpg?fit=2048%2C853&ssl=1","jetpack_sharing_enabled":true,"_links":{"self":[{"href":"https:\/\/cebem.org\/index.php?rest_route=\/wp\/v2\/posts\/1173","targetHints":{"allow":["GET"]}}],"collection":[{"href":"https:\/\/cebem.org\/index.php?rest_route=\/wp\/v2\/posts"}],"about":[{"href":"https:\/\/cebem.org\/index.php?rest_route=\/wp\/v2\/types\/post"}],"author":[{"embeddable":true,"href":"https:\/\/cebem.org\/index.php?rest_route=\/wp\/v2\/users\/2"}],"replies":[{"embeddable":true,"href":"https:\/\/cebem.org\/index.php?rest_route=%2Fwp%2Fv2%2Fcomments&post=1173"}],"version-history":[{"count":1,"href":"https:\/\/cebem.org\/index.php?rest_route=\/wp\/v2\/posts\/1173\/revisions"}],"predecessor-version":[{"id":1175,"href":"https:\/\/cebem.org\/index.php?rest_route=\/wp\/v2\/posts\/1173\/revisions\/1175"}],"wp:featuredmedia":[{"embeddable":true,"href":"https:\/\/cebem.org\/index.php?rest_route=\/wp\/v2\/media\/1269"}],"wp:attachment":[{"href":"https:\/\/cebem.org\/index.php?rest_route=%2Fwp%2Fv2%2Fmedia&parent=1173"}],"wp:term":[{"taxonomy":"category","embeddable":true,"href":"https:\/\/cebem.org\/index.php?rest_route=%2Fwp%2Fv2%2Fcategories&post=1173"},{"taxonomy":"post_tag","embeddable":true,"href":"https:\/\/cebem.org\/index.php?rest_route=%2Fwp%2Fv2%2Ftags&post=1173"}],"curies":[{"name":"wp","href":"https:\/\/api.w.org\/{rel}","templated":true}]}}