
{"id":11717,"date":"2022-10-13T12:48:29","date_gmt":"2022-10-13T16:48:29","guid":{"rendered":"https:\/\/cebem.org\/?p=11717"},"modified":"2022-10-24T12:09:03","modified_gmt":"2022-10-24T16:09:03","slug":"webinar-sesion-informativa-cooperacion-internacional-y-proyectos-ambientales","status":"publish","type":"post","link":"https:\/\/cebem.org\/?p=11717","title":{"rendered":"Webinar Sesi\u00f3n informativa: \u201cCooperaci\u00f3n Internacional y Proyectos Ambientales.\u201d"},"content":{"rendered":"\n<h3 class=\"has-text-align-center wp-block-heading\"><strong>SSi deseas mejorar el conocimiento, habilidades, ademas gestionar programas, proyectos y recursos de la cooperaci\u00f3n internacional con fin de promover el desarrollo sostenible y enfrentar los actuales desaf\u00edos sociales y ambientales territoriales<\/strong>.<\/h3>\n\n\n\n<h3 class=\"has-text-align-center wp-block-heading\"><strong> Este Webinar es para ti. \u00a1No te lo puedes perder!<\/strong><\/h3>\n\n\n<div class=\"wp-block-image\">\n<figure class=\"aligncenter size-large is-resized\"><img data-recalc-dims=\"1\" fetchpriority=\"high\" decoding=\"async\" src=\"https:\/\/i0.wp.com\/cebem.org\/wp-content\/uploads\/2022\/03\/curso-cooperacion-internacional-2022-nueva-fecha.jpg?resize=512%2C512&#038;ssl=1\" alt=\"\" class=\"wp-image-9732\" width=\"512\" height=\"512\" srcset=\"https:\/\/i0.wp.com\/cebem.org\/wp-content\/uploads\/2022\/03\/curso-cooperacion-internacional-2022-nueva-fecha.jpg?resize=1024%2C1024&amp;ssl=1 1024w, https:\/\/i0.wp.com\/cebem.org\/wp-content\/uploads\/2022\/03\/curso-cooperacion-internacional-2022-nueva-fecha.jpg?resize=300%2C300&amp;ssl=1 300w, https:\/\/i0.wp.com\/cebem.org\/wp-content\/uploads\/2022\/03\/curso-cooperacion-internacional-2022-nueva-fecha.jpg?resize=150%2C150&amp;ssl=1 150w, https:\/\/i0.wp.com\/cebem.org\/wp-content\/uploads\/2022\/03\/curso-cooperacion-internacional-2022-nueva-fecha.jpg?resize=768%2C768&amp;ssl=1 768w, https:\/\/i0.wp.com\/cebem.org\/wp-content\/uploads\/2022\/03\/curso-cooperacion-internacional-2022-nueva-fecha.jpg?resize=600%2C600&amp;ssl=1 600w, https:\/\/i0.wp.com\/cebem.org\/wp-content\/uploads\/2022\/03\/curso-cooperacion-internacional-2022-nueva-fecha.jpg?resize=750%2C750&amp;ssl=1 750w, https:\/\/i0.wp.com\/cebem.org\/wp-content\/uploads\/2022\/03\/curso-cooperacion-internacional-2022-nueva-fecha.jpg?w=1280&amp;ssl=1 1280w\" sizes=\"(max-width: 512px) 100vw, 512px\" \/><\/figure>\n<\/div>\n\n\n<ul class=\"wp-block-list\"><li><strong>Fecha<\/strong>: Mi\u00e9rcoles 19 de Octubre, 2022<\/li><li><strong>Hora: <\/strong>19:00 &#8211; 19:45 pm (Hora Boliviana)<\/li><li><strong>Evento Libre y Gratuito (con cupos limitados)<\/strong><\/li><\/ul>\n\n\n\n<h3 class=\"has-vivid-purple-color has-text-color wp-block-heading\"><strong>DIRIGIDO A:<\/strong><\/h3>\n\n\n\n<ul class=\"wp-block-list\"><li>Gestores y t\u00e9cnicos del orden p\u00fablico y privado.<\/li><li>Personas asociados a los temas de gesti\u00f3n ambiental.<\/li><li>Miembros de organizaciones no gubernamentales.<\/li><li>P\u00fablico en general con inter\u00e9s en la tem\u00e1tica.<\/li><\/ul>\n\n\n\n<div class=\"wp-block-buttons is-layout-flex wp-block-buttons-is-layout-flex\">\n<div class=\"wp-block-button\"><a class=\"wp-block-button__link\" href=\"https:\/\/forms.gle\/w97SUHM2PmABT6uZ8\" target=\"_blank\" rel=\"noreferrer noopener\">RESERVA TU CUPO AQU\u00cd<\/a><\/div>\n<\/div>\n\n\n\n<h3 class=\"has-vivid-purple-color has-text-color wp-block-heading\"><strong>MODALIDAD:<\/strong><\/h3>\n\n\n\n<ul class=\"wp-block-list\"><li>V\u00eda Plataforma ZOOM<\/li><\/ul>\n\n\n\n<figure class=\"wp-block-pullquote\"><blockquote><p>Esta es una sesi\u00f3n gratuita e informativa del curso:<br><a rel=\"noreferrer noopener\" href=\"https:\/\/cebem.org\/?p=11049\" target=\"_blank\">\u201c\u201c<\/a><a href=\"https:\/\/cebem.org\/?p=11597\" data-type=\"URL\" data-id=\"https:\/\/cebem.org\/?p=11597\" target=\"_blank\" rel=\"noreferrer noopener\">Cooperaci\u00f3n Internacional y Proyectos Ambientales<\/a><a rel=\"noreferrer noopener\" href=\"https:\/\/cebem.org\/?p=11049\" target=\"_blank\">\u201d<\/a><\/p><cite>S<\/cite><\/blockquote><\/figure>\n\n\n\n<h3 class=\"has-vivid-purple-color has-text-color wp-block-heading\"><strong>CONSULTA POR MAS INFORMACI\u00d3N:<\/strong><\/h3>\n\n\n\n<p>Beatriz Herrera: <a href=\"mailto:beatriz@cebem.org\" target=\"_blank\" rel=\"noreferrer noopener\">beatriz@cebem.org<\/a><br>WhatsApp: <a href=\"https:\/\/api.whatsapp.com\/send?phone=59170522053&amp;text=Hola%20me%20interesa%20el%20Webinar%20introductorio%20y%20Sesi%C3%B3n%20informativa:%20%E2%80%9CEvaluaci%C3%B3n%20y%20Linea%20de%20Base%20de%20programas%20y%20proyectos%20de%20desarrollo\" target=\"_blank\" rel=\"noreferrer noopener\">70522053<\/a><\/p>\n","protected":false},"excerpt":{"rendered":"<p>Mi\u00e9rcoles 19 de Octubre 2022, horas 19:00 \u2013 19:45 (Hora Boliviana).<br \/>\nEvento: Libre y Gratuito por ZOOM<\/p>\n","protected":false},"author":15,"featured_media":9732,"comment_status":"closed","ping_status":"closed","sticky":false,"template":"","format":"standard","meta":{"_jetpack_memberships_contains_paid_content":false,"footnotes":"","jetpack_publicize_message":"","jetpack_publicize_feature_enabled":true,"jetpack_social_post_already_shared":true,"jetpack_social_options":{"image_generator_settings":{"template":"highway","default_image_id":0,"font":"","enabled":false},"version":2}},"categories":[595,4],"tags":[147],"class_list":["post-11717","post","type-post","status-publish","format-standard","has-post-thumbnail","hentry","category-curso-tutoriado","category-cursos-culminados-cebem","tag-webinar","item-wrap"],"jetpack_publicize_connections":[],"jetpack_featured_media_url":"https:\/\/i0.wp.com\/cebem.org\/wp-content\/uploads\/2022\/03\/curso-cooperacion-internacional-2022-nueva-fecha.jpg?fit=1280%2C1280&ssl=1","jetpack_sharing_enabled":true,"_links":{"self":[{"href":"https:\/\/cebem.org\/index.php?rest_route=\/wp\/v2\/posts\/11717","targetHints":{"allow":["GET"]}}],"collection":[{"href":"https:\/\/cebem.org\/index.php?rest_route=\/wp\/v2\/posts"}],"about":[{"href":"https:\/\/cebem.org\/index.php?rest_route=\/wp\/v2\/types\/post"}],"author":[{"embeddable":true,"href":"https:\/\/cebem.org\/index.php?rest_route=\/wp\/v2\/users\/15"}],"replies":[{"embeddable":true,"href":"https:\/\/cebem.org\/index.php?rest_route=%2Fwp%2Fv2%2Fcomments&post=11717"}],"version-history":[{"count":1,"href":"https:\/\/cebem.org\/index.php?rest_route=\/wp\/v2\/posts\/11717\/revisions"}],"predecessor-version":[{"id":11718,"href":"https:\/\/cebem.org\/index.php?rest_route=\/wp\/v2\/posts\/11717\/revisions\/11718"}],"wp:featuredmedia":[{"embeddable":true,"href":"https:\/\/cebem.org\/index.php?rest_route=\/wp\/v2\/media\/9732"}],"wp:attachment":[{"href":"https:\/\/cebem.org\/index.php?rest_route=%2Fwp%2Fv2%2Fmedia&parent=11717"}],"wp:term":[{"taxonomy":"category","embeddable":true,"href":"https:\/\/cebem.org\/index.php?rest_route=%2Fwp%2Fv2%2Fcategories&post=11717"},{"taxonomy":"post_tag","embeddable":true,"href":"https:\/\/cebem.org\/index.php?rest_route=%2Fwp%2Fv2%2Ftags&post=11717"}],"curies":[{"name":"wp","href":"https:\/\/api.w.org\/{rel}","templated":true}]}}