
{"id":11685,"date":"2022-10-07T10:56:59","date_gmt":"2022-10-07T14:56:59","guid":{"rendered":"https:\/\/cebem.org\/?p=11685"},"modified":"2022-10-07T10:57:00","modified_gmt":"2022-10-07T14:57:00","slug":"se-llevo-con-exito-el-seminario-virtual-sobre-la-propuesta-del-comite-interinstitucional-de-santa-cruz-al-ine","status":"publish","type":"post","link":"https:\/\/cebem.org\/?p=11685","title":{"rendered":"Se llev\u00f3 con \u00e9xito el Seminario Virtual sobre la Propuesta del Comit\u00e9 Interinstitucional de Santa Cruz al INE"},"content":{"rendered":"\n<p>El d\u00eda de 5 de octubre  se llevo a cabo el Seminario sobre la  la<em> \u00abPropuesta del Comit\u00e9 Interinstitucional de Santa Cruz al INE\u00bb<\/em>, expositora Dem\u00f3grafa: Melvy Vargas \u2013 UAGRM, que es coordinadora del comit\u00e9 t\u00e9cnico.<\/p>\n\n\n\n<p>Se tuvo una asistencia de 43 participantes, se expuso temas muy importantes como ser:<\/p>\n\n\n\n<ul class=\"wp-block-list\"><li>Propuesta de Viabilidad T\u00e9cnica  de la Comisi\u00f3n Interinstitucional Impulsora del Censo<\/li><li>Documento Enviado  al INE-Comisi\u00f3n Interinstitucional<\/li><li>Justificaci\u00f3n de la Postergaci\u00f3n<\/li><li>Propuesta de Cronograma de Actividades &#8211; CPV 2023<\/li><\/ul>\n\n\n\n<p>Agradecemos la participaci\u00f3n de todos los participantes y estaremos continuando con estos espacios.<\/p>\n\n\n\n<div class=\"wp-block-jetpack-slideshow aligncenter\" data-autoplay=\"true\" data-delay=\"3\" data-effect=\"slide\"><div class=\"wp-block-jetpack-slideshow_container swiper-container\"><ul class=\"wp-block-jetpack-slideshow_swiper-wrapper swiper-wrapper\"><li class=\"wp-block-jetpack-slideshow_slide swiper-slide\"><figure><img data-recalc-dims=\"1\" fetchpriority=\"high\" decoding=\"async\" width=\"750\" height=\"394\" alt=\"\" class=\"wp-block-jetpack-slideshow_image wp-image-11686\" data-id=\"11686\" src=\"https:\/\/i0.wp.com\/cebem.org\/wp-content\/uploads\/2022\/10\/imagenSemi1.png?resize=750%2C394&#038;ssl=1\" srcset=\"https:\/\/i0.wp.com\/cebem.org\/wp-content\/uploads\/2022\/10\/imagenSemi1.png?resize=1024%2C538&amp;ssl=1 1024w, https:\/\/i0.wp.com\/cebem.org\/wp-content\/uploads\/2022\/10\/imagenSemi1.png?resize=300%2C158&amp;ssl=1 300w, https:\/\/i0.wp.com\/cebem.org\/wp-content\/uploads\/2022\/10\/imagenSemi1.png?resize=768%2C403&amp;ssl=1 768w, https:\/\/i0.wp.com\/cebem.org\/wp-content\/uploads\/2022\/10\/imagenSemi1.png?resize=600%2C315&amp;ssl=1 600w, https:\/\/i0.wp.com\/cebem.org\/wp-content\/uploads\/2022\/10\/imagenSemi1.png?resize=750%2C394&amp;ssl=1 750w, https:\/\/i0.wp.com\/cebem.org\/wp-content\/uploads\/2022\/10\/imagenSemi1.png?w=1348&amp;ssl=1 1348w\" sizes=\"(max-width: 750px) 100vw, 750px\" \/><\/figure><\/li><li class=\"wp-block-jetpack-slideshow_slide swiper-slide\"><figure><img data-recalc-dims=\"1\" decoding=\"async\" width=\"750\" height=\"398\" alt=\"\" class=\"wp-block-jetpack-slideshow_image wp-image-11687\" data-id=\"11687\" src=\"https:\/\/i0.wp.com\/cebem.org\/wp-content\/uploads\/2022\/10\/imagenSemi2.jpg?resize=750%2C398&#038;ssl=1\" srcset=\"https:\/\/i0.wp.com\/cebem.org\/wp-content\/uploads\/2022\/10\/imagenSemi2.jpg?resize=1024%2C543&amp;ssl=1 1024w, https:\/\/i0.wp.com\/cebem.org\/wp-content\/uploads\/2022\/10\/imagenSemi2.jpg?resize=300%2C159&amp;ssl=1 300w, https:\/\/i0.wp.com\/cebem.org\/wp-content\/uploads\/2022\/10\/imagenSemi2.jpg?resize=768%2C407&amp;ssl=1 768w, https:\/\/i0.wp.com\/cebem.org\/wp-content\/uploads\/2022\/10\/imagenSemi2.jpg?resize=600%2C318&amp;ssl=1 600w, https:\/\/i0.wp.com\/cebem.org\/wp-content\/uploads\/2022\/10\/imagenSemi2.jpg?resize=750%2C398&amp;ssl=1 750w, https:\/\/i0.wp.com\/cebem.org\/wp-content\/uploads\/2022\/10\/imagenSemi2.jpg?w=1366&amp;ssl=1 1366w\" sizes=\"(max-width: 750px) 100vw, 750px\" \/><\/figure><\/li><li class=\"wp-block-jetpack-slideshow_slide swiper-slide\"><figure><img data-recalc-dims=\"1\" decoding=\"async\" width=\"750\" height=\"382\" alt=\"\" class=\"wp-block-jetpack-slideshow_image wp-image-11688\" data-id=\"11688\" src=\"https:\/\/i0.wp.com\/cebem.org\/wp-content\/uploads\/2022\/10\/imagenSemi3.jpg?resize=750%2C382&#038;ssl=1\" srcset=\"https:\/\/i0.wp.com\/cebem.org\/wp-content\/uploads\/2022\/10\/imagenSemi3.jpg?resize=1024%2C522&amp;ssl=1 1024w, https:\/\/i0.wp.com\/cebem.org\/wp-content\/uploads\/2022\/10\/imagenSemi3.jpg?resize=300%2C153&amp;ssl=1 300w, https:\/\/i0.wp.com\/cebem.org\/wp-content\/uploads\/2022\/10\/imagenSemi3.jpg?resize=768%2C391&amp;ssl=1 768w, https:\/\/i0.wp.com\/cebem.org\/wp-content\/uploads\/2022\/10\/imagenSemi3.jpg?resize=600%2C306&amp;ssl=1 600w, https:\/\/i0.wp.com\/cebem.org\/wp-content\/uploads\/2022\/10\/imagenSemi3.jpg?resize=750%2C382&amp;ssl=1 750w, https:\/\/i0.wp.com\/cebem.org\/wp-content\/uploads\/2022\/10\/imagenSemi3.jpg?w=1366&amp;ssl=1 1366w\" sizes=\"(max-width: 750px) 100vw, 750px\" \/><\/figure><\/li><li class=\"wp-block-jetpack-slideshow_slide swiper-slide\"><figure><img data-recalc-dims=\"1\" loading=\"lazy\" decoding=\"async\" width=\"750\" height=\"387\" alt=\"\" class=\"wp-block-jetpack-slideshow_image wp-image-11689\" data-id=\"11689\" src=\"https:\/\/i0.wp.com\/cebem.org\/wp-content\/uploads\/2022\/10\/imagenSemi4.jpg?resize=750%2C387&#038;ssl=1\" srcset=\"https:\/\/i0.wp.com\/cebem.org\/wp-content\/uploads\/2022\/10\/imagenSemi4.jpg?resize=1024%2C528&amp;ssl=1 1024w, https:\/\/i0.wp.com\/cebem.org\/wp-content\/uploads\/2022\/10\/imagenSemi4.jpg?resize=300%2C155&amp;ssl=1 300w, https:\/\/i0.wp.com\/cebem.org\/wp-content\/uploads\/2022\/10\/imagenSemi4.jpg?resize=768%2C396&amp;ssl=1 768w, https:\/\/i0.wp.com\/cebem.org\/wp-content\/uploads\/2022\/10\/imagenSemi4.jpg?resize=600%2C309&amp;ssl=1 600w, https:\/\/i0.wp.com\/cebem.org\/wp-content\/uploads\/2022\/10\/imagenSemi4.jpg?resize=750%2C387&amp;ssl=1 750w, https:\/\/i0.wp.com\/cebem.org\/wp-content\/uploads\/2022\/10\/imagenSemi4.jpg?w=1366&amp;ssl=1 1366w\" sizes=\"(max-width: 750px) 100vw, 750px\" \/><\/figure><\/li><\/ul><a class=\"wp-block-jetpack-slideshow_button-prev swiper-button-prev swiper-button-white\" role=\"button\"><\/a><a class=\"wp-block-jetpack-slideshow_button-next swiper-button-next swiper-button-white\" role=\"button\"><\/a><a aria-label=\"Pause Slideshow\" class=\"wp-block-jetpack-slideshow_button-pause\" role=\"button\"><\/a><div class=\"wp-block-jetpack-slideshow_pagination swiper-pagination swiper-pagination-white\"><\/div><\/div><\/div>\n\n\n\n<div class=\"wp-block-media-text is-stacked-on-mobile\" style=\"grid-template-columns:15% auto\"><figure class=\"wp-block-media-text__media\"><img data-recalc-dims=\"1\" loading=\"lazy\" decoding=\"async\" width=\"200\" height=\"199\" src=\"https:\/\/i0.wp.com\/cebem.org\/wp-content\/uploads\/2022\/06\/logo-video.png?resize=200%2C199&#038;ssl=1\" alt=\"\" class=\"wp-image-10976 size-full\" srcset=\"https:\/\/i0.wp.com\/cebem.org\/wp-content\/uploads\/2022\/06\/logo-video.png?w=200&amp;ssl=1 200w, https:\/\/i0.wp.com\/cebem.org\/wp-content\/uploads\/2022\/06\/logo-video.png?resize=150%2C150&amp;ssl=1 150w\" sizes=\"(max-width: 200px) 100vw, 200px\" \/><\/figure><div class=\"wp-block-media-text__content\">\n<p class=\"has-small-font-size\">En el siguiente enlace puede ver la grabaci\u00f3n del evento:<\/p>\n\n\n\n<p><a href=\"https:\/\/drive.google.com\/file\/d\/1U4cdQzswTmIKoJEezSDOfDbuHpw7uuvR\/view?usp=sharing\" target=\"_blank\" rel=\"noreferrer noopener\">https:\/\/drive.google.com\/file\/d\/1U4cdQzswTmIKoJEezSDOfDbuHpw7uuvR\/view?usp=sharing<\/a><\/p>\n<\/div><\/div>\n","protected":false},"excerpt":{"rendered":"<p>El d\u00eda de 05 de octubre se llevo a cabo el Seminario sobre la Propuesta del Comit\u00e9 Interinstitucional de Santa Cruz al INE, con la coordinar\u00e1 del comit\u00e9 t\u00e9cnico Dem\u00f3grafa: Melvy Vargas \u2013 UAGRM, se tuvo una asistencia de 43 participantes.<\/p>\n","protected":false},"author":15,"featured_media":11686,"comment_status":"closed","ping_status":"closed","sticky":false,"template":"","format":"standard","meta":{"_jetpack_memberships_contains_paid_content":false,"footnotes":"","jetpack_publicize_message":"","jetpack_publicize_feature_enabled":true,"jetpack_social_post_already_shared":true,"jetpack_social_options":{"image_generator_settings":{"template":"highway","default_image_id":0,"font":"","enabled":false},"version":2}},"categories":[1785,1543],"tags":[38,1544,744],"class_list":["post-11685","post","type-post","status-publish","format-standard","has-post-thumbnail","hentry","category-capacitaciones-censo","category-rutacenso","tag-curso","tag-la-ruta-del-censo-2022","tag-seminario-virtual","item-wrap"],"jetpack_publicize_connections":[],"jetpack_featured_media_url":"https:\/\/i0.wp.com\/cebem.org\/wp-content\/uploads\/2022\/10\/imagenSemi1.png?fit=1348%2C708&ssl=1","jetpack_sharing_enabled":true,"_links":{"self":[{"href":"https:\/\/cebem.org\/index.php?rest_route=\/wp\/v2\/posts\/11685","targetHints":{"allow":["GET"]}}],"collection":[{"href":"https:\/\/cebem.org\/index.php?rest_route=\/wp\/v2\/posts"}],"about":[{"href":"https:\/\/cebem.org\/index.php?rest_route=\/wp\/v2\/types\/post"}],"author":[{"embeddable":true,"href":"https:\/\/cebem.org\/index.php?rest_route=\/wp\/v2\/users\/15"}],"replies":[{"embeddable":true,"href":"https:\/\/cebem.org\/index.php?rest_route=%2Fwp%2Fv2%2Fcomments&post=11685"}],"version-history":[{"count":2,"href":"https:\/\/cebem.org\/index.php?rest_route=\/wp\/v2\/posts\/11685\/revisions"}],"predecessor-version":[{"id":11691,"href":"https:\/\/cebem.org\/index.php?rest_route=\/wp\/v2\/posts\/11685\/revisions\/11691"}],"wp:featuredmedia":[{"embeddable":true,"href":"https:\/\/cebem.org\/index.php?rest_route=\/wp\/v2\/media\/11686"}],"wp:attachment":[{"href":"https:\/\/cebem.org\/index.php?rest_route=%2Fwp%2Fv2%2Fmedia&parent=11685"}],"wp:term":[{"taxonomy":"category","embeddable":true,"href":"https:\/\/cebem.org\/index.php?rest_route=%2Fwp%2Fv2%2Fcategories&post=11685"},{"taxonomy":"post_tag","embeddable":true,"href":"https:\/\/cebem.org\/index.php?rest_route=%2Fwp%2Fv2%2Ftags&post=11685"}],"curies":[{"name":"wp","href":"https:\/\/api.w.org\/{rel}","templated":true}]}}