
{"id":11583,"date":"2022-09-20T12:01:23","date_gmt":"2022-09-20T16:01:23","guid":{"rendered":"https:\/\/cebem.org\/?p=11583"},"modified":"2022-10-24T12:13:15","modified_gmt":"2022-10-24T16:13:15","slug":"curso-de-actualizacion-profesional-formulacion-y-gerenciamiento-de-indicadores-estrategicos-y-tacticos-kpis-modalidad-sincronica-2da-version","status":"publish","type":"post","link":"https:\/\/cebem.org\/?p=11583","title":{"rendered":"Curso de actualizaci\u00f3n profesional: Formulaci\u00f3n y gerenciamiento de indicadores estrat\u00e9gicos y t\u00e1cticos &#8211; KPIS Modalidad Sincr\u00f3nica &#8211; (2da versi\u00f3n)"},"content":{"rendered":"\n<h3 class=\"has-text-align-center wp-block-heading\" id=\"modalidad-sincronica-via-zoom\"> <strong><em>Modalidad Sincr\u00f3nica v\u00eda ZOOM<\/em><\/strong> <\/h3>\n\n\n\n<h3 class=\"has-text-align-center wp-block-heading\" id=\"4-5-y-6-de-febrero-de-2022\">20, 21 y 22 de octubre<strong> de 2022<\/strong><\/h3>\n\n\n\n<div class=\"wp-block-columns is-layout-flex wp-container-core-columns-is-layout-9d6595d7 wp-block-columns-is-layout-flex\">\n<div class=\"wp-block-column is-layout-flow wp-block-column-is-layout-flow\" style=\"flex-basis:60%\"><div class=\"wp-block-image\">\n<figure class=\"aligncenter size-large\"><img data-recalc-dims=\"1\" fetchpriority=\"high\" decoding=\"async\" width=\"750\" height=\"375\" src=\"https:\/\/i0.wp.com\/cebem.org\/wp-content\/uploads\/2022\/09\/portada-KIT-Eve-1024x512.jpg?resize=750%2C375&#038;ssl=1\" alt=\"\" class=\"wp-image-11588\" srcset=\"https:\/\/i0.wp.com\/cebem.org\/wp-content\/uploads\/2022\/09\/portada-KIT-Eve-scaled.jpg?resize=1024%2C512&amp;ssl=1 1024w, https:\/\/i0.wp.com\/cebem.org\/wp-content\/uploads\/2022\/09\/portada-KIT-Eve-scaled.jpg?resize=300%2C150&amp;ssl=1 300w, https:\/\/i0.wp.com\/cebem.org\/wp-content\/uploads\/2022\/09\/portada-KIT-Eve-scaled.jpg?resize=768%2C384&amp;ssl=1 768w, https:\/\/i0.wp.com\/cebem.org\/wp-content\/uploads\/2022\/09\/portada-KIT-Eve-scaled.jpg?resize=600%2C300&amp;ssl=1 600w, https:\/\/i0.wp.com\/cebem.org\/wp-content\/uploads\/2022\/09\/portada-KIT-Eve-scaled.jpg?resize=1536%2C768&amp;ssl=1 1536w, https:\/\/i0.wp.com\/cebem.org\/wp-content\/uploads\/2022\/09\/portada-KIT-Eve-scaled.jpg?resize=2048%2C1024&amp;ssl=1 2048w, https:\/\/i0.wp.com\/cebem.org\/wp-content\/uploads\/2022\/09\/portada-KIT-Eve-scaled.jpg?resize=750%2C375&amp;ssl=1 750w, https:\/\/i0.wp.com\/cebem.org\/wp-content\/uploads\/2022\/09\/portada-KIT-Eve-scaled.jpg?resize=375%2C187&amp;ssl=1 375w, https:\/\/i0.wp.com\/cebem.org\/wp-content\/uploads\/2022\/09\/portada-KIT-Eve-scaled.jpg?w=2250&amp;ssl=1 2250w\" sizes=\"(max-width: 750px) 100vw, 750px\" \/><\/figure>\n<\/div><\/div>\n\n\n\n<div class=\"wp-block-column is-layout-flow wp-block-column-is-layout-flow\" style=\"flex-basis:50%\">\n<p class=\"has-text-align-center\"><strong>Objetivo Central del Curso<\/strong><\/p>\n\n\n\n<p class=\"has-text-align-center\">Desarrollar capacidades en la formulaci\u00f3n y gerenciamiento de indicadores estrat\u00e9gicos y t\u00e1cticos y el manejo de mecanismos y Dashboards que permitan fortalecer el gerenciamiento estrat\u00e9gico y la toma de decisiones basada en KPIs primarios y secundarios.<\/p>\n<\/div>\n<\/div>\n\n\n\n<h4 class=\"has-vivid-purple-color has-text-color wp-block-heading\" id=\"contenido\">RELEVANCIA:<\/h4>\n\n\n\n<p>Un buen gerenciamiento sea en el \u00e1mbito p\u00fablico, privado o tercer sector tanto a nivel estrat\u00e9gico, como t\u00e1ctico u operativo es fundamental y va de la mano de un manejo adecuado de indicadores que informen la gesti\u00f3n y permitan medir los objetivos sean estrat\u00e9gicos, t\u00e1cticos y\/o de programas y proyectos.<\/p>\n\n\n\n<p><strong>La toma de decisiones, a partir de indicadores es crucial para mejorar la direcci\u00f3n o gerenciamiento estrat\u00e9gico basado en KPIs primarios y secundarios.<\/strong><\/p>\n\n\n\n<p>Un conocido clich\u00e9 <strong>destaca que lo que no se puede medir,<\/strong> no se puede monitorear ni evaluar <strong>y por tanto no se puede mejorar.<\/strong><\/p>\n\n\n\n<p>La gesti\u00f3n y el manejo de indicadores es fundamental en las organizaciones, y las que van a la vanguardia<strong>, gerencian indicadores que les permiten ver el avance organizacional pero tambi\u00e9n reconducir procesos para orientarlos a una mejora continua. <\/strong>Las organizaciones vanguardistas manejan \u201ctableros o dashboard\u201d estrat\u00e9gicos o t\u00e1cticos que dan cuenta de las grandes transformaciones que est\u00e1n logrando.<\/p>\n\n\n\n<p><strong>En este curso, no solo fortalecer\u00e1s capacidades en conceptos b\u00e1sicos de un indicador: tipolog\u00edas, su formulaci\u00f3n y alcance, sino estar\u00e1s en condici\u00f3n de adaptar los dashboards basados en indicadores de gesti\u00f3n para adecuarlos a tus necesidades.<\/strong>&nbsp;&nbsp;&nbsp;<\/p>\n\n\n\n<h4 class=\"has-vivid-purple-color has-text-color wp-block-heading\" id=\"contenido\"><strong>ENFOQUE DEL CURSO:<\/strong><\/h4>\n\n\n\n<p>El curso est\u00e1 orientado a aportar bases te\u00f3ricas, pr\u00e1cticas y metodol\u00f3gicas \u00fatiles para enfrentar los desaf\u00edos que implica el gerenciamiento de indicadores &nbsp;y en consecuencia los procesos de monitoreo y evaluaci\u00f3n basados en indicadores de gesti\u00f3n.<\/p>\n\n\n\n<p>Se parte del entendimiento b\u00e1sico de lo que se considera un indicador, para posteriormente plantear el gerenciamiento y mediciones de desempe\u00f1o <strong>enfatizando en indicadores clave de desempe\u00f1o (Key Performance Indicators) de nivel primario y secundario y sus determinantes para escenarios del \u00e1mbito privado, p\u00fablico, tercer sector, programas y proyectos<\/strong>.<\/p>\n\n\n\n<p><strong>El curso combinara la modalidad asincr\u00f3nica basada en pr\u00e1cticas, test auto evaluativos y revisi\u00f3n de documentaci\u00f3n central; con sesiones en modalidad sincr\u00f3nica orientadas a proporcionar contenido condensado fundamental vinculado a las tem\u00e1ticas del curso.<\/strong><\/p>\n\n\n\n<h4 class=\"has-vivid-purple-color has-text-color wp-block-heading\" id=\"contenido\"><strong>CONTENIDO TEM\u00c1TICO:<\/strong><\/h4>\n\n\n\t\t\t\t\t\t<style>\r\n\t\t\t\t\r\n\t\t\t\t\t#tab_container_11585 {\r\n\toverflow:hidden;\r\n\tdisplay:block;\r\n\twidth:100%;\r\n\tborder:0px solid #ddd;\r\n\tmargin-bottom:30px;\r\n\t}\r\n\r\n#tab_container_11585 .tab-content{\r\n\tpadding:20px;\r\n\tborder: 1px solid #e6e6e6 !important;\r\n\tmargin-top: 0px;\r\n\tbackground-color:#ffffff !important;\r\n\tcolor: #000000 !important;\r\n\tfont-size:16px !important;\r\n\tfont-family: Open Sans !important;\r\n\t\r\n\t\tborder: 1px solid #e6e6e6 !important;\r\n\t}\r\n#tab_container_11585 .wpsm_nav-tabs {\r\n    border-bottom: 0px solid #ddd;\r\n}\r\n#tab_container_11585 .wpsm_nav-tabs > li.active > a, #tab_container_11585 .wpsm_nav-tabs > li.active > a:hover, #tab_container_11585 .wpsm_nav-tabs > li.active > a:focus {\r\n\tcolor: #000000 !important;\r\n\tcursor: default;\r\n\tbackground-color: #ffffff !important;\r\n\tborder: 1px solid #e6e6e6 !important;\r\n}\r\n\r\n#tab_container_11585 .wpsm_nav-tabs > li > a {\r\n    margin-right: 0px !important; \r\n    line-height: 1.42857143 !important;\r\n    border: 1px solid #d5d5d5 !important;\r\n    border-radius: 0px 0px 0 0 !important; \r\n\tbackground-color: #e8e8e8 !important;\r\n\tcolor: #000000 !important;\r\n\tpadding: 15px 18px 15px 18px !important;\r\n\ttext-decoration: none !important;\r\n\tfont-size: 14px !important;\r\n\ttext-align:center !important;\r\n\tfont-family: Open Sans !important;\r\n}\r\n#tab_container_11585 .wpsm_nav-tabs > li > a:focus {\r\noutline: 0px !important;\r\n}\r\n\r\n#tab_container_11585 .wpsm_nav-tabs > li > a:before {\r\n\tdisplay:none !important;\r\n}\r\n#tab_container_11585 .wpsm_nav-tabs > li > a:after {\r\n\tdisplay:none !important ;\r\n}\r\n#tab_container_11585 .wpsm_nav-tabs > li{\r\npadding:0px !important ;\r\nmargin:0px;\r\n}\r\n\r\n#tab_container_11585 .wpsm_nav-tabs > li > a:hover , #tab_container_11585 .wpsm_nav-tabs > li > a:focus {\r\n    color: #000000 !important;\r\n    background-color: #e8e8e8 !important;\r\n\tborder: 1px solid #d5d5d5 !important;\r\n\t\r\n}\r\n#tab_container_11585 .wpsm_nav-tabs > li > a .fa{\r\n\r\nmargin-right:5px !important;\r\n\r\nmargin-left:5px !important;\r\n\r\n\r\n}\r\n\r\n\t\t#tab_container_11585 .wpsm_nav-tabs a{\r\n\t\t\tbackground-image: none;\r\n\t\t\tbackground-position: 0 0;\r\n\t\t\tbackground-repeat: repeat-x;\r\n\t\t}\r\n\t\t\t\r\n\r\n\r\n#tab_container_11585 .wpsm_nav-tabs > li {\r\n    float: left;\r\n    margin-bottom: -1px !important;\r\n\tmargin-right:0px !important; \r\n}\r\n\r\n\r\n#tab_container_11585 .tab-content{\r\noverflow:hidden !important;\r\n}\r\n\r\n\r\n@media (min-width: 769px) {\r\n\r\n\t#tab_container_11585 .wpsm_nav-tabs > li{\r\n\t\tfloat:left !important ;\r\n\t\t\t\tmargin-right:-1px !important;\r\n\t\t\t\t\t}\r\n\t#tab_container_11585 .wpsm_nav-tabs{\r\n\t\tfloat:none !important;\r\n\t\tmargin:0px !important;\r\n\t}\r\n\r\n\t#tab_container_11585 .wpsm_nav-tabs > li {\r\n\t\t\t\t\r\n\t}\r\n\t#tab_container_11585 .wpsm_nav{\r\n\t\t\t}\r\n\r\n}\r\n\r\n\r\n\r\n@media (max-width: 768px) {\r\n\t#tab_container_11585 .wpsm_nav-tabs > li {\r\n\t\t\t\t\r\n\t}\r\n\t#tab_container_11585 .wpsm_nav{\r\n\t\t\t}\r\n}\r\n\r\n\r\n\t.wpsm_nav-tabs li:before{\r\n\t\tdisplay:none !important;\r\n\t}\r\n\r\n\t@media (max-width: 768px) {\r\n\t\t\t\t\r\n\t\t\t\t.wpsm_nav-tabs{\r\n\t\t\tmargin-left:0px !important;\r\n\t\t\tmargin-right:0px !important; \r\n\t\t\t\r\n\t\t}\r\n\t\t\t\t#tab_container_11585 .wpsm_nav-tabs > li{\r\n\t\t\tfloat:none !important;\r\n\t\t}\r\n\t\t\t\r\n\t}\t\t\t\t<\/style>\r\n\t\t\t\t<div id=\"tab_container_11585\" >\r\n\t \r\n\t\t\t\t\t<ul class=\"wpsm_nav wpsm_nav-tabs\" role=\"tablist\" id=\"myTab_11585\">\r\n\t\t\t\t\t\t\t\r\n\t\t\t\t\t\t\t<li role=\"presentation\"  class=\"active\"  onclick=\"do_resize()\">\r\n\t\t\t\t\t\t\t\t<a href=\"#tabs_desc_11585_1\" aria-controls=\"tabs_desc_11585_1\" role=\"tab\" data-toggle=\"tab\">\r\n\t\t\t\t\t\t\t\t\t\r\n\t\t\t\t\t\t\t\t\t\t\t\t\t\t\t\t\t\t\t\t\t\t\t\t\t\t\t\t\t\t\t\t\t\t\t\t\t\t\t\t\t\t\t\t\t\t\t\t\t\r\n\t\t\t\t\t\t\t\t\t\t\t\t\t\t\t\t\t\t\r\n\t\t\t\t\t\t\t\t\t<span>Tema #1<\/span>\r\n\t\t\t\t\t\t\t\t\t\r\n\t\t\t\t\t\t\t\t\t\t\t\t\t\t\t\t\t\t\r\n\t\t\t\t\t\t\t\t\t\t\t\t\t\t\t\t\t\t\t\t\r\n\t\t\t\t\t\t\t\t\t\r\n\t\t\t\t\t\t\t\t<\/a>\r\n\t\t\t\t\t\t\t<\/li>\r\n\t\t\t\t\t\t\t\r\n\t\t\t\t\t\t\t<li role=\"presentation\"  onclick=\"do_resize()\">\r\n\t\t\t\t\t\t\t\t<a href=\"#tabs_desc_11585_2\" aria-controls=\"tabs_desc_11585_2\" role=\"tab\" data-toggle=\"tab\">\r\n\t\t\t\t\t\t\t\t\t\r\n\t\t\t\t\t\t\t\t\t\t\t\t\t\t\t\t\t\t\t\t\t\t\t\t\t\t\t\t\t\t\t\t\t\t\t\t\t\t\t\t\t\t\t\t\t\t\t\t\t\r\n\t\t\t\t\t\t\t\t\t\t\t\t\t\t\t\t\t\t\r\n\t\t\t\t\t\t\t\t\t<span>Tema # 2<\/span>\r\n\t\t\t\t\t\t\t\t\t\r\n\t\t\t\t\t\t\t\t\t\t\t\t\t\t\t\t\t\t\r\n\t\t\t\t\t\t\t\t\t\t\t\t\t\t\t\t\t\t\t\t\r\n\t\t\t\t\t\t\t\t\t\r\n\t\t\t\t\t\t\t\t<\/a>\r\n\t\t\t\t\t\t\t<\/li>\r\n\t\t\t\t\t\t\t\r\n\t\t\t\t\t\t\t<li role=\"presentation\"  onclick=\"do_resize()\">\r\n\t\t\t\t\t\t\t\t<a href=\"#tabs_desc_11585_3\" aria-controls=\"tabs_desc_11585_3\" role=\"tab\" data-toggle=\"tab\">\r\n\t\t\t\t\t\t\t\t\t\r\n\t\t\t\t\t\t\t\t\t\t\t\t\t\t\t\t\t\t\t\t\t\t\t\t\t\t\t\t\t\t\t\t\t\t\t\t\t\t\t\t\t\t\t\t\t\t\t\t\t\r\n\t\t\t\t\t\t\t\t\t\t\t\t\t\t\t\t\t\t\r\n\t\t\t\t\t\t\t\t\t<span>Tema #3<\/span>\r\n\t\t\t\t\t\t\t\t\t\r\n\t\t\t\t\t\t\t\t\t\t\t\t\t\t\t\t\t\t\r\n\t\t\t\t\t\t\t\t\t\t\t\t\t\t\t\t\t\t\t\t\r\n\t\t\t\t\t\t\t\t\t\r\n\t\t\t\t\t\t\t\t<\/a>\r\n\t\t\t\t\t\t\t<\/li>\r\n\t\t\t\t\t\t\t\t\t\t\t <\/ul>\r\n\r\n\t\t\t\t\t  <!-- Tab panes -->\r\n\t\t\t\t\t  <div class=\"tab-content\" id=\"tab-content_11585\">\r\n\t\t\t\t\t\t\t\t\t\t\t\t <div role=\"tabpanel\" class=\"tab-pane  in active \" id=\"tabs_desc_11585_1\">\r\n\t\t\t\t\t\t\t\t<p style=\"text-align: center\"><strong>\u00a0Indicadores: Marco conceptual, formulaci\u00f3n y alcance.<\/strong><\/p>\r\n\r\n<ul>\r\n \t<li>Indicadores: Concepto y entendimiento de un Indicador.<\/li>\r\n \t<li>Indicadores: Tipolog\u00edas<\/li>\r\n \t<li>Formulaci\u00f3n de indicadores: Dimensiones y variables para su formulaci\u00f3n.<\/li>\r\n \t<li>Formulaci\u00f3n de Indicadores: est\u00e1ndares para una correcta formulaci\u00f3n<\/li>\r\n \t<li>Niveles organizacionales: Estrat\u00e9gicos, t\u00e1cticos, operativos, y su relaci\u00f3n con los indicadores<\/li>\r\n \t<li>Niveles estrat\u00e9gicos: Corporativo, negocio y funcional, e indicadores<\/li>\r\n \t<li>Indicadores clave de desempe\u00f1o (KPIs) Primarios y secundarios<\/li>\r\n \t<li>Ejercicios y din\u00e1micas pr\u00e1cticas.<\/li>\r\n<\/ul>\t\t\t\t\t\t <\/div>\r\n\t\t\t\t\t\t\t\t\t\t\t\t <div role=\"tabpanel\" class=\"tab-pane \" id=\"tabs_desc_11585_2\">\r\n\t\t\t\t\t\t\t\t<p style=\"text-align: center\"><strong>Gerenciamiento de Indicadores Estrat\u00e9gicos y T\u00e1cticos<\/strong><\/p>\r\n\r\n<ul>\r\n \t<li>Gerenciamiento estrat\u00e9gico: Concepto y alcance<\/li>\r\n \t<li>Gerenciamiento y su relaci\u00f3n con Indicadores (KPIs)<\/li>\r\n \t<li>Indicadores y toma de decisiones<\/li>\r\n \t<li>Business Intelligence (Inteligencia de Negocios)<\/li>\r\n \t<li>Ejercicios y din\u00e1micas pr\u00e1cticas<\/li>\r\n<\/ul>\t\t\t\t\t\t <\/div>\r\n\t\t\t\t\t\t\t\t\t\t\t\t <div role=\"tabpanel\" class=\"tab-pane \" id=\"tabs_desc_11585_3\">\r\n\t\t\t\t\t\t\t\t<p style=\"text-align: center\"><strong> Mecanismos y tableros para la gesti\u00f3n de indicadores<\/strong><\/p>\r\n\r\n<ul>\r\n \t<li>Mecanismos para la gesti\u00f3n de indicadores<\/li>\r\n \t<li>Matriz de indicadores \/ Tableros<\/li>\r\n \t<li>Semaforizaci\u00f3n \u2013 Est\u00e1ndares<\/li>\r\n \t<li>Dashboarding<\/li>\r\n<\/ul>\t\t\t\t\t\t <\/div>\r\n\t\t\t\t\t\t\t\r\n\t\t\t\t\t <\/div>\r\n\t\t\t\t\t \r\n\t\t\t\t <\/div>\r\n <script>\r\n\t\tjQuery(function () {\r\n\t\t\tjQuery('#myTab_11585 a:first').tab('show')\r\n\t\t});\r\n\t\t\r\n\t\t\t\tjQuery(function(){\r\n\t\t\tvar b=\"fadeIn\";\r\n\t\t\tvar c;\r\n\t\t\tvar a;\r\n\t\t\td(jQuery(\"#myTab_11585 a\"),jQuery(\"#tab-content_11585\"));function d(e,f,g){\r\n\t\t\t\te.click(function(i){\r\n\t\t\t\t\ti.preventDefault();\r\n\t\t\t\t\tjQuery(this).tab(\"show\");\r\n\t\t\t\t\tvar h=jQuery(this).data(\"easein\");\r\n\t\t\t\t\tif(c){c.removeClass(a);}\r\n\t\t\t\t\tif(h){f.find(\"div.active\").addClass(\"animated \"+h);a=h;}\r\n\t\t\t\t\telse{if(g){f.find(\"div.active\").addClass(\"animated \"+g);a=g;}else{f.find(\"div.active\").addClass(\"animated \"+b);a=b;}}c=f.find(\"div.active\");\r\n\t\t\t\t});\r\n\t\t\t}\r\n\t\t});\r\n\t\t\r\n\r\n\t\tfunction do_resize(){\r\n\r\n\t\t\tvar width=jQuery( '.tab-content .tab-pane iframe' ).width();\r\n\t\t\tvar height=jQuery( '.tab-content .tab-pane iframe' ).height();\r\n\r\n\t\t\tvar toggleSize = true;\r\n\t\t\tjQuery('iframe').animate({\r\n\t\t\t    width: toggleSize ? width : 640,\r\n\t\t\t    height: toggleSize ? height : 360\r\n\t\t\t  }, 250);\r\n\r\n\t\t\t  toggleSize = !toggleSize;\r\n\t\t}\r\n\r\n\r\n\t<\/script>\r\n\t\t\t\t\r\n\t\t\t\n\n\n\n<h4 class=\"has-vivid-purple-color has-text-color wp-block-heading\" id=\"contenido\">CRONOGRAMA:<\/h4>\n\n\n\n<p><strong>Sesiones Sincr\u00f3nicas:<\/strong><\/p>\n\n\n\n<ul class=\"wp-block-list\" id=\"block-dfcc306f-abe1-4546-8f5c-0a2565bf5e13\"><li>Jueves 20 de octubre de 2022,&nbsp; de 19:00 \u2013 21:30<\/li><li>Viernes 21 de octubre de 2022, de 19:00&nbsp; \u2013 21:30<\/li><li>S\u00e1bado 22 de octubre de 2022, de 9:30 &#8211; 12:30<\/li><\/ul>\n\n\n\n<p><strong>Sesiones Asincr\u00f3nicas (en plataforma):<\/strong><\/p>\n\n\n\n<ul class=\"wp-block-list\"><li>Del 17 al 20 de octubre 2022.<\/li><li>Pr\u00e1cticas, autoevaluaciones y din\u00e1micas auto dirigidas (Centrales a los prop\u00f3sitos del curso).<\/li><li>El participante deber\u00e1 cumplir con las pr\u00e1cticas auto dirigidas para habilitarse y aprovechar mejor las sesiones en modalidad sincr\u00f3nica.<\/li><\/ul>\n\n\n\n<h4 class=\"has-vivid-purple-color has-text-color wp-block-heading\"><strong>METODOLOG\u00cdA:<\/strong><\/h4>\n\n\n\n<ul class=\"wp-block-list\"><li><strong>Ejercicios de implementaci\u00f3n y an\u00e1lisis.<\/strong><\/li><\/ul>\n\n\n\n<p>Escenarios simulados para favorecer la inserci\u00f3n de los profesionales en escenarios reales simulados. Fomenta el an\u00e1lisis individual y grupal en situaciones de toma de decisi\u00f3n real.<\/p>\n\n\n\n<ul class=\"wp-block-list\"><li><strong>Design Thinking<\/strong><\/li><\/ul>\n\n\n\n<p>Brinda un enfoque creativo y de pensamiento lateral, que convierte las sesiones en an\u00e1lisis creativos y pr\u00e1cticas para asimilar mejor el conocimiento.<\/p>\n\n\n\n<ul class=\"wp-block-list\"><li><strong>Sesiones explicativas<\/strong><\/li><\/ul>\n\n\n\n<p>Seleccionamos, analizamos y condensamos contenido actualizado del tema.<\/p>\n\n\n\n<ul class=\"wp-block-list\"><li><strong>Aula Invertida<\/strong><\/li><\/ul>\n\n\n\n<p>Permite aprovechar de forma \u00f3ptima el tiempo ya que el participante puede estudiar de forma individual y en sus tiempos y aprovechar mejor las sesiones explicativas.<\/p>\n\n\n\n<h4 class=\"has-vivid-purple-color has-text-color wp-block-heading\"><strong>DIRIGIDO A:<\/strong><\/h4>\n\n\n\n<ul class=\"wp-block-list\"><li>Gerentes, directores, jefes, responsables, coordinadores, analistas de informaci\u00f3n, etc., que formen parte de procesos de gerenciamiento, planificaci\u00f3n, implementaci\u00f3n, seguimiento, evaluaci\u00f3n, an\u00e1lisis y toma decisiones con especial \u00e9nfasis en los niveles estrat\u00e9gicos, t\u00e1ctico y correspondencia a nivel operativo.<\/li><li>Personal de diferentes \u00e1reas funcionales de organizaciones del tercer sector, sector p\u00fablico y privado.<\/li><li>Personal vinculado a programas y proyectos interesados en fortalecer capacidades e indicadores de gesti\u00f3n y su gerenciamiento.<\/li><\/ul>\n\n\n\n<h4 class=\"has-vivid-purple-color has-text-color wp-block-heading\"><strong>MODALIDAD:<\/strong><\/h4>\n\n\n\n<ul class=\"wp-block-list\"><li>Orientaci\u00f3n te\u00f3rico \u2013 pr\u00e1ctica.<\/li><li>V\u00edas sesiones zoom y jornadas interactivas<\/li><li>Plataforma online \u201cCampus Cebem\u201d para acceso a recursos y pr\u00e1cticas en sesiones asincr\u00f3nicas<\/li><\/ul>\n\n\n\n<h4 class=\"has-vivid-purple-color has-text-color wp-block-heading\"><strong>SERVICIOSINCLUIDOS PARA LAS Y LOS PARTICIPANTES:<\/strong><\/h4>\n\n\n\n<ul class=\"wp-block-list\"><li>Bibliograf\u00eda central en formato digital.<\/li><li>Presentaciones centrales en formato digital<\/li><li>Tutor\u00eda y asesoramiento permanente<\/li><li>Certificaci\u00f3n por CEBEM \/ Docente&nbsp;<\/li><\/ul>\n\n\n\n<h4 class=\"has-vivid-purple-color has-text-color wp-block-heading\" id=\"facilitadora\"><strong>FACILITADORA<\/strong>:<\/h4>\n\n\n<div class=\"wp-block-image\">\n<figure class=\"alignleft size-large is-resized\"><img data-recalc-dims=\"1\" decoding=\"async\" src=\"https:\/\/i0.wp.com\/cebem.org\/wp-content\/uploads\/2018\/04\/Evelin-troche.jpg?resize=160%2C125&#038;ssl=1\" alt=\"\" class=\"wp-image-3374\" width=\"160\" height=\"125\" srcset=\"https:\/\/i0.wp.com\/cebem.org\/wp-content\/uploads\/2018\/04\/Evelin-troche.jpg?w=330&amp;ssl=1 330w, https:\/\/i0.wp.com\/cebem.org\/wp-content\/uploads\/2018\/04\/Evelin-troche.jpg?resize=300%2C234&amp;ssl=1 300w\" sizes=\"(max-width: 160px) 100vw, 160px\" \/><\/figure>\n<\/div>\n\n\n<p class=\"has-text-align-justify\"><strong>Evelin Troche Araujo,<\/strong> Consultora, Asesora Senior y Economista de profesi\u00f3n, cuenta con alrededor 20 a\u00f1os de experiencia en el sector del desarrollo socio econ\u00f3mico, liderando y gerenciando procesos, programas y proyectos de desarrollo socio econ\u00f3mico en organizaciones sociales y privadas en las \u00e1reas de planificaci\u00f3n y direcci\u00f3n estrat\u00e9gica, operaciones, dise\u00f1o (planeaci\u00f3n), monitoreo y evaluaci\u00f3n, gerencia por resultados, gerencia de programas y proyectos, gerenciamiento de procesos estrat\u00e9gicos institucionales, gesti\u00f3n de la calidad e innovaci\u00f3n, liderazgo organizacional, entre otros campos. Cuenta adem\u00e1s con amplia experiencia en el manejo del ciclo de gesti\u00f3n del aprendizaje, desarrollo de capacidades y competencias, y metodolog\u00edas relacionadas. Se ha desempe\u00f1ado y desempe\u00f1a tambi\u00e9n como docente y facilitadora (desarrollo de capacidades y competencias).<\/p>\n\n\n\n<p class=\"has-text-align-justify\"><strong>Evelin Troche<\/strong> ha realizado estudios de Postgrado en varios campos multidisciplinarios, destacando entre ellos, Direcci\u00f3n y Administraci\u00f3n de Empresas, EEN;&nbsp;Experto en Management Empresarial, EEN; Pensamiento Estrat\u00e9gico para Directores Ejecutivos, University of Cambridge, Liderazgo Organizacional en Instituto Tecnol\u00f3gico y de Estudios Superiores de Monterrey (ITSEM, M\u00e9xico); Educaci\u00f3n Superior, Universidad Del Valle; Certificada en Project Management for Development Professionals \u2013 PMD Pro, APMG Group International, entre otros.&nbsp;<\/p>\n\n\n\n<h4 class=\"has-vivid-purple-color has-text-color wp-block-heading\" id=\"inversion\"><strong>INVERSI\u00d3N:<\/strong><\/h4>\n\n\n\n<p> Para Bolivia Bs. 480 (bolivianos) y para fuera de Bolivia $us. 70 (d\u00f3lares) por participante. <\/p>\n\n\n\t\t\t\t\t\t<style>\r\n\t\t\t\t\r\n\t\t\t\t\t#tab_container_11587 {\r\n\toverflow:hidden;\r\n\tdisplay:block;\r\n\twidth:100%;\r\n\tborder:0px solid #ddd;\r\n\tmargin-bottom:30px;\r\n\t}\r\n\r\n#tab_container_11587 .tab-content{\r\n\tpadding:20px;\r\n\tborder: 1px solid #e6e6e6 !important;\r\n\tmargin-top: 0px;\r\n\tbackground-color:#ffffff !important;\r\n\tcolor: #000000 !important;\r\n\tfont-size:15px !important;\r\n\tfont-family: Arial !important;\r\n\t\r\n\t\tborder: 1px solid #e6e6e6 !important;\r\n\t}\r\n#tab_container_11587 .wpsm_nav-tabs {\r\n    border-bottom: 0px solid #ddd;\r\n}\r\n#tab_container_11587 .wpsm_nav-tabs > li.active > a, #tab_container_11587 .wpsm_nav-tabs > li.active > a:hover, #tab_container_11587 .wpsm_nav-tabs > li.active > a:focus {\r\n\tcolor: #000000 !important;\r\n\tcursor: default;\r\n\tbackground-color: #ffffff !important;\r\n\tborder: 1px solid #e6e6e6 !important;\r\n}\r\n\r\n#tab_container_11587 .wpsm_nav-tabs > li > a {\r\n    margin-right: 0px !important; \r\n    line-height: 1.42857143 !important;\r\n    border: 1px solid #0080d0 !important;\r\n    border-radius: 0px 0px 0 0 !important; \r\n\tbackground-color: #0693e3 !important;\r\n\tcolor: #ffffff !important;\r\n\tpadding: 15px 18px 15px 18px !important;\r\n\ttext-decoration: none !important;\r\n\tfont-size: 14px !important;\r\n\ttext-align:center !important;\r\n\tfont-family: Arial !important;\r\n}\r\n#tab_container_11587 .wpsm_nav-tabs > li > a:focus {\r\noutline: 0px !important;\r\n}\r\n\r\n#tab_container_11587 .wpsm_nav-tabs > li > a:before {\r\n\tdisplay:none !important;\r\n}\r\n#tab_container_11587 .wpsm_nav-tabs > li > a:after {\r\n\tdisplay:none !important ;\r\n}\r\n#tab_container_11587 .wpsm_nav-tabs > li{\r\npadding:0px !important ;\r\nmargin:0px;\r\n}\r\n\r\n#tab_container_11587 .wpsm_nav-tabs > li > a:hover , #tab_container_11587 .wpsm_nav-tabs > li > a:focus {\r\n    color: #ffffff !important;\r\n    background-color: #0693e3 !important;\r\n\tborder: 1px solid #0080d0 !important;\r\n\t\r\n}\r\n#tab_container_11587 .wpsm_nav-tabs > li > a .fa{\r\n\r\nmargin-right:5px !important;\r\n\r\nmargin-left:5px !important;\r\n\r\n\r\n}\r\n\r\n\t\t#tab_container_11587 .wpsm_nav-tabs a{\r\n\t\t\tbackground-image: none;\r\n\t\t\tbackground-position: 0 0;\r\n\t\t\tbackground-repeat: repeat-x;\r\n\t\t}\r\n\t\t\t\r\n\r\n\r\n#tab_container_11587 .wpsm_nav-tabs > li {\r\n    float: left;\r\n    margin-bottom: -1px !important;\r\n\tmargin-right:0px !important; \r\n}\r\n\r\n\r\n#tab_container_11587 .tab-content{\r\noverflow:hidden !important;\r\n}\r\n\r\n\r\n@media (min-width: 769px) {\r\n\r\n\t#tab_container_11587 .wpsm_nav-tabs > li{\r\n\t\tfloat:left !important ;\r\n\t\t\t\tmargin-right:-1px !important;\r\n\t\t\t\t\t}\r\n\t#tab_container_11587 .wpsm_nav-tabs{\r\n\t\tfloat:none !important;\r\n\t\tmargin:0px !important;\r\n\t}\r\n\r\n\t#tab_container_11587 .wpsm_nav-tabs > li {\r\n\t\t\t\t\r\n\t}\r\n\t#tab_container_11587 .wpsm_nav{\r\n\t\t\t}\r\n\r\n}\r\n\r\n\r\n\r\n@media (max-width: 768px) {\r\n\t#tab_container_11587 .wpsm_nav-tabs > li {\r\n\t\t\t\t\r\n\t}\r\n\t#tab_container_11587 .wpsm_nav{\r\n\t\t\t}\r\n}\r\n\r\n\r\n\t.wpsm_nav-tabs li:before{\r\n\t\tdisplay:none !important;\r\n\t}\r\n\r\n\t@media (max-width: 768px) {\r\n\t\t\t\t\r\n\t\t\t\t.wpsm_nav-tabs{\r\n\t\t\tmargin-left:0px !important;\r\n\t\t\tmargin-right:0px !important; \r\n\t\t\t\r\n\t\t}\r\n\t\t\t\t#tab_container_11587 .wpsm_nav-tabs > li{\r\n\t\t\tfloat:none !important;\r\n\t\t}\r\n\t\t\t\r\n\t}\t\t\t\t<\/style>\r\n\t\t\t\t<div id=\"tab_container_11587\" >\r\n\t \r\n\t\t\t\t\t<ul class=\"wpsm_nav wpsm_nav-tabs\" role=\"tablist\" id=\"myTab_11587\">\r\n\t\t\t\t\t\t\t\r\n\t\t\t\t\t\t\t<li role=\"presentation\"  class=\"active\"  onclick=\"do_resize()\">\r\n\t\t\t\t\t\t\t\t<a href=\"#tabs_desc_11587_1\" aria-controls=\"tabs_desc_11587_1\" role=\"tab\" data-toggle=\"tab\">\r\n\t\t\t\t\t\t\t\t\t\r\n\t\t\t\t\t\t\t\t\t\t\t\t\t\t\t\t\t\t\t\t\t\t\t\t\t\t\t\t\t\t\t\t\t\t\t\t\t\t\t\t\t\t\t\t\t\t\t\t\t\r\n\t\t\t\t\t\t\t\t\t\t\t\t\t\t\t\t\t\t\r\n\t\t\t\t\t\t\t\t\t<span>PAGO TARJETA DE D\u00c9BITO\/CR\u00c9DITO<\/span>\r\n\t\t\t\t\t\t\t\t\t\r\n\t\t\t\t\t\t\t\t\t\t\t\t\t\t\t\t\t\t\r\n\t\t\t\t\t\t\t\t\t\t\t\t\t\t\t\t\t\t\t\t\r\n\t\t\t\t\t\t\t\t\t\r\n\t\t\t\t\t\t\t\t<\/a>\r\n\t\t\t\t\t\t\t<\/li>\r\n\t\t\t\t\t\t\t\r\n\t\t\t\t\t\t\t<li role=\"presentation\"  onclick=\"do_resize()\">\r\n\t\t\t\t\t\t\t\t<a href=\"#tabs_desc_11587_2\" aria-controls=\"tabs_desc_11587_2\" role=\"tab\" data-toggle=\"tab\">\r\n\t\t\t\t\t\t\t\t\t\r\n\t\t\t\t\t\t\t\t\t\t\t\t\t\t\t\t\t\t\t\t\t\t\t\t\t\t\t\t\t\t\t\t\t\t\t\t\t\t\t\t\t\t\t\t\t\t\t\t\t\r\n\t\t\t\t\t\t\t\t\t\t\t\t\t\t\t\t\t\t\r\n\t\t\t\t\t\t\t\t\t<span>DEP\u00d3SITO BANCARIO<\/span>\r\n\t\t\t\t\t\t\t\t\t\r\n\t\t\t\t\t\t\t\t\t\t\t\t\t\t\t\t\t\t\r\n\t\t\t\t\t\t\t\t\t\t\t\t\t\t\t\t\t\t\t\t\r\n\t\t\t\t\t\t\t\t\t\r\n\t\t\t\t\t\t\t\t<\/a>\r\n\t\t\t\t\t\t\t<\/li>\r\n\t\t\t\t\t\t\t\r\n\t\t\t\t\t\t\t<li role=\"presentation\"  onclick=\"do_resize()\">\r\n\t\t\t\t\t\t\t\t<a href=\"#tabs_desc_11587_3\" aria-controls=\"tabs_desc_11587_3\" role=\"tab\" data-toggle=\"tab\">\r\n\t\t\t\t\t\t\t\t\t\r\n\t\t\t\t\t\t\t\t\t\t\t\t\t\t\t\t\t\t\t\t\t\t\t\t\t\t\t\t\t\t\t\t\t\t\t\t\t\t\t\t\t\t\t\t\t\t\t\t\t\r\n\t\t\t\t\t\t\t\t\t\t\t\t\t\t\t\t\t\t\r\n\t\t\t\t\t\t\t\t\t<span>PRODEM o FIE<\/span>\r\n\t\t\t\t\t\t\t\t\t\r\n\t\t\t\t\t\t\t\t\t\t\t\t\t\t\t\t\t\t\r\n\t\t\t\t\t\t\t\t\t\t\t\t\t\t\t\t\t\t\t\t\r\n\t\t\t\t\t\t\t\t\t\r\n\t\t\t\t\t\t\t\t<\/a>\r\n\t\t\t\t\t\t\t<\/li>\r\n\t\t\t\t\t\t\t\r\n\t\t\t\t\t\t\t<li role=\"presentation\"  onclick=\"do_resize()\">\r\n\t\t\t\t\t\t\t\t<a href=\"#tabs_desc_11587_4\" aria-controls=\"tabs_desc_11587_4\" role=\"tab\" data-toggle=\"tab\">\r\n\t\t\t\t\t\t\t\t\t\r\n\t\t\t\t\t\t\t\t\t\t\t\t\t\t\t\t\t\t\t\t\t\t\t\t\t\t\t\t\t\t\t\t\t\t\t\t\t\t\t\t\t\t\t\t\t\t\t\t\t\r\n\t\t\t\t\t\t\t\t\t\t\t\t\t\t\t\t\t\t\r\n\t\t\t\t\t\t\t\t\t<span>EFECTIVO<\/span>\r\n\t\t\t\t\t\t\t\t\t\r\n\t\t\t\t\t\t\t\t\t\t\t\t\t\t\t\t\t\t\r\n\t\t\t\t\t\t\t\t\t\t\t\t\t\t\t\t\t\t\t\t\r\n\t\t\t\t\t\t\t\t\t\r\n\t\t\t\t\t\t\t\t<\/a>\r\n\t\t\t\t\t\t\t<\/li>\r\n\t\t\t\t\t\t\t\t\t\t\t <\/ul>\r\n\r\n\t\t\t\t\t  <!-- Tab panes -->\r\n\t\t\t\t\t  <div class=\"tab-content\" id=\"tab-content_11587\">\r\n\t\t\t\t\t\t\t\t\t\t\t\t <div role=\"tabpanel\" class=\"tab-pane  in active \" id=\"tabs_desc_11587_1\">\r\n\t\t\t\t\t\t\t\t<p style=\"text-align: center\" align=\"center\">Realice su inversi\u00f3n de manera segura mediante nuestra pasarela de pago con su tarjeta de d\u00e9bito o cr\u00e9dito<\/p>\r\n<p align=\"center\"><a href=\"https:\/\/i0.wp.com\/cebem.org\/wp-content\/uploads\/2021\/09\/logo-visa-mastercard.png?ssl=1\"><img data-recalc-dims=\"1\" decoding=\"async\" class=\"size-full wp-image-8995 aligncenter\" src=\"https:\/\/i0.wp.com\/cebem.org\/wp-content\/uploads\/2021\/09\/logo-visa-mastercard.png?resize=300%2C110&#038;ssl=1\" alt=\"\" width=\"300\" height=\"110\" \/><\/a><\/p>\r\n\r\n<div class=\"has-text-align-center\">\r\n<div class=\"wp-block-button\" style=\"text-align: center\"><a class=\"wp-block-button__link\" href=\"https:\/\/links.libelula.bo\/Pay\/ed5fed2e-88eb-4d60-ae3b-b5c885d8385a\" target=\"_blank\" rel=\"noreferrer noopener\">PAGAR AQU\u00cd en bolivianos\r\n480 Bs<\/a><\/div>\r\n<div class=\"wp-block-button\" style=\"text-align: center\"><a class=\"wp-block-button__link\" href=\"https:\/\/links.libelula.bo\/Pay\/b429a084-27ac-4cd8-bff1-44587e3cbc45\" target=\"_blank\" rel=\"noreferrer noopener\">PAGAR AQU\u00cd en dolares\r\n70 $us<\/a><\/div>\r\n<\/div>\t\t\t\t\t\t <\/div>\r\n\t\t\t\t\t\t\t\t\t\t\t\t <div role=\"tabpanel\" class=\"tab-pane \" id=\"tabs_desc_11587_2\">\r\n\t\t\t\t\t\t\t\t<p style=\"text-align: center\"><img data-recalc-dims=\"1\" loading=\"lazy\" decoding=\"async\" class=\"aligncenter wp-image-7043\" src=\"https:\/\/i0.wp.com\/cebem.org\/wp-content\/uploads\/2020\/04\/Logo_Banco_BISA.png?resize=250%2C75&#038;ssl=1\" alt=\"\" width=\"250\" height=\"75\" srcset=\"https:\/\/i0.wp.com\/cebem.org\/wp-content\/uploads\/2020\/04\/Logo_Banco_BISA.png?w=600&amp;ssl=1 600w, https:\/\/i0.wp.com\/cebem.org\/wp-content\/uploads\/2020\/04\/Logo_Banco_BISA.png?resize=300%2C90&amp;ssl=1 300w\" sizes=\"(max-width: 250px) 100vw, 250px\" \/><\/p>\r\n<p style=\"text-align: center\"><strong>En bolivianos - BS<br>\r\n<\/strong>Cuenta corriente: 130861-001-9<br>\r\nTitular de la cuenta: Cebem\u200b<br>\r\nNIT: 1006059021<\/p>\r\n<p style=\"text-align: center\"><strong>En d\u00f3lares - U$<br>\r\n<\/strong>Cuenta corriente: 130861-206-2<br>\r\nTitular de la cuenta: Cebem\u200b<br>\r\nNIT: 1006059021<\/p>\r\n<em>Posterior al pago enviar una foto de la constancia de transferencia al correo beatriz@cebem.org indicando su nombre y el nombre del curso al cual se ha inscrito.<\/em>\t\t\t\t\t\t <\/div>\r\n\t\t\t\t\t\t\t\t\t\t\t\t <div role=\"tabpanel\" class=\"tab-pane \" id=\"tabs_desc_11587_3\">\r\n\t\t\t\t\t\t\t\t<p style=\"text-align: center\"><a href=\"https:\/\/i0.wp.com\/cebem.org\/wp-content\/uploads\/2020\/04\/logo-prodem.png?ssl=1\"><img data-recalc-dims=\"1\" loading=\"lazy\" decoding=\"async\" class=\"aligncenter wp-image-7050\" src=\"https:\/\/i0.wp.com\/cebem.org\/wp-content\/uploads\/2020\/04\/logo-prodem.png?resize=250%2C68&#038;ssl=1\" alt=\"\" width=\"250\" height=\"68\" srcset=\"https:\/\/i0.wp.com\/cebem.org\/wp-content\/uploads\/2020\/04\/logo-prodem.png?w=600&amp;ssl=1 600w, https:\/\/i0.wp.com\/cebem.org\/wp-content\/uploads\/2020\/04\/logo-prodem.png?resize=300%2C82&amp;ssl=1 300w\" sizes=\"(max-width: 250px) 100vw, 250px\" \/><\/a>\r\n<a href=\"https:\/\/i0.wp.com\/cebem.org\/wp-content\/uploads\/2020\/04\/logo-banco-fie.jpg?ssl=1\"><img data-recalc-dims=\"1\" loading=\"lazy\" decoding=\"async\" class=\"aligncenter wp-image-7045\" src=\"https:\/\/i0.wp.com\/cebem.org\/wp-content\/uploads\/2020\/04\/logo-banco-fie.jpg?resize=250%2C84&#038;ssl=1\" alt=\"\" width=\"250\" height=\"84\" srcset=\"https:\/\/i0.wp.com\/cebem.org\/wp-content\/uploads\/2020\/04\/logo-banco-fie.jpg?w=757&amp;ssl=1 757w, https:\/\/i0.wp.com\/cebem.org\/wp-content\/uploads\/2020\/04\/logo-banco-fie.jpg?resize=300%2C100&amp;ssl=1 300w, https:\/\/i0.wp.com\/cebem.org\/wp-content\/uploads\/2020\/04\/logo-banco-fie.jpg?resize=600%2C201&amp;ssl=1 600w, https:\/\/i0.wp.com\/cebem.org\/wp-content\/uploads\/2020\/04\/logo-banco-fie.jpg?resize=750%2C253&amp;ssl=1 750w\" sizes=\"(max-width: 250px) 100vw, 250px\" \/><\/a><\/p>\r\n<p style=\"text-align: center\">(para el interior de Bolivia)<br>\r\n<strong>Destinatario:<\/strong> Cinda Beatriz Herrera Rodr\u00edguez<br>\r\n<strong> CI:<\/strong> 2234285 LP\u200b<\/p>\r\n<em>Posterior al pago enviar una foto de la constancia de transferencia al correo beatriz@cebem.org indicando su nombre y el nombre del curso al cual se ha inscrito.<\/em>\t\t\t\t\t\t <\/div>\r\n\t\t\t\t\t\t\t\t\t\t\t\t <div role=\"tabpanel\" class=\"tab-pane \" id=\"tabs_desc_11587_4\">\r\n\t\t\t\t\t\t\t\t<p style=\"text-align: center\"><strong>De LUNES a VIERNES<\/strong><\/p>\r\n<p style=\"text-align: center\"><strong>De 9 de la ma\u00f1ana hasta las 13:00 horas<\/strong><\/p>\r\n<p style=\"text-align: center\">Calle Macario Pinilla # 2588 esq. Av. Arce, Edificio Arcadia, Mezzanine, Of. 101 - La Paz, Bolivia<\/p>\r\n<p style=\"text-align: center\">Tel\u00e9fono: +591 2431818 - Celular: +591 73027636 - Casilla No 9205<\/p>\r\n<p style=\"text-align: center\"><\/p>\t\t\t\t\t\t <\/div>\r\n\t\t\t\t\t\t\t\r\n\t\t\t\t\t <\/div>\r\n\t\t\t\t\t \r\n\t\t\t\t <\/div>\r\n <script>\r\n\t\tjQuery(function () {\r\n\t\t\tjQuery('#myTab_11587 a:first').tab('show')\r\n\t\t});\r\n\t\t\r\n\t\t\t\tjQuery(function(){\r\n\t\t\tvar b=\"fadeIn\";\r\n\t\t\tvar c;\r\n\t\t\tvar a;\r\n\t\t\td(jQuery(\"#myTab_11587 a\"),jQuery(\"#tab-content_11587\"));function d(e,f,g){\r\n\t\t\t\te.click(function(i){\r\n\t\t\t\t\ti.preventDefault();\r\n\t\t\t\t\tjQuery(this).tab(\"show\");\r\n\t\t\t\t\tvar h=jQuery(this).data(\"easein\");\r\n\t\t\t\t\tif(c){c.removeClass(a);}\r\n\t\t\t\t\tif(h){f.find(\"div.active\").addClass(\"animated \"+h);a=h;}\r\n\t\t\t\t\telse{if(g){f.find(\"div.active\").addClass(\"animated \"+g);a=g;}else{f.find(\"div.active\").addClass(\"animated \"+b);a=b;}}c=f.find(\"div.active\");\r\n\t\t\t\t});\r\n\t\t\t}\r\n\t\t});\r\n\t\t\r\n\r\n\t\tfunction do_resize(){\r\n\r\n\t\t\tvar width=jQuery( '.tab-content .tab-pane iframe' ).width();\r\n\t\t\tvar height=jQuery( '.tab-content .tab-pane iframe' ).height();\r\n\r\n\t\t\tvar toggleSize = true;\r\n\t\t\tjQuery('iframe').animate({\r\n\t\t\t    width: toggleSize ? width : 640,\r\n\t\t\t    height: toggleSize ? height : 360\r\n\t\t\t  }, 250);\r\n\r\n\t\t\t  toggleSize = !toggleSize;\r\n\t\t}\r\n\r\n\r\n\t<\/script>\r\n\t\t\t\t\r\n\t\t\t\n\n\n\n<h3 class=\"has-text-align-center wp-block-heading\" id=\"block-d6305b82-a6e5-4c19-a919-454d89a8372b\">\u00bfTe interesa participar del curso?<\/h3>\n\n\n\n<div class=\"wp-block-buttons is-horizontal is-content-justification-center is-layout-flex wp-container-core-buttons-is-layout-499968f5 wp-block-buttons-is-layout-flex\">\n<div class=\"wp-block-button\"><a class=\"wp-block-button__link has-black-color has-light-green-cyan-background-color has-text-color has-background\" href=\"https:\/\/forms.gle\/STJaQo9uBJA7pk1D6\" style=\"border-radius:5px\" target=\"_blank\" rel=\"noreferrer noopener\">REALIZA TU  PRE-INSCRIPCI\u00d3N<\/a><\/div>\n<\/div>\n\n\n\n<h3 class=\"has-text-align-center wp-block-heading\" id=\"finaliza-el-curso-y-obten-tu-certificado\">\u00a1Finaliza el curso y obt\u00e9n tu CERTIFICADO!<br><img data-recalc-dims=\"1\" loading=\"lazy\" decoding=\"async\" src=\"https:\/\/i0.wp.com\/cebem.org\/wp-content\/uploads\/2020\/11\/ejemplo-certificado-2020.jpg?resize=455%2C321&#038;ssl=1\" alt=\"La imagen tiene un atributo ALT vac\u00edo; su nombre de archivo es ejemplo-certificado-2020.jpg\" width=\"455\" height=\"321\"><br><\/h3>\n\n\n\n<p>Se otorgar\u00e1 un&nbsp;<strong>CERTIFICADO<\/strong> <strong>DIGITAL<\/strong>&nbsp;al finalizar el curso y completando las actividades, esto lo recibir\u00e1 directamente a su correo electr\u00f3nico.<br><\/p>\n\n\n\n<h4 class=\"has-vivid-purple-color has-text-color wp-block-heading\" id=\"block-ae2b1ae1-1cfb-4c8f-834c-4a77fc8b1428\"><strong>\u00bfTIENES ALGUNA CONSULTA? ESCR\u00cdBENOS:<\/strong><\/h4>\n\n\n\n<div class=\"wp-block-columns is-layout-flex wp-container-core-columns-is-layout-9d6595d7 wp-block-columns-is-layout-flex\">\n<div class=\"wp-block-column is-layout-flow wp-block-column-is-layout-flow\"><div class=\"wp-block-image\">\n<figure class=\"aligncenter is-resized\" id=\"block-03a03a78-c7b6-4921-9eef-537a891cf30c\"><img data-recalc-dims=\"1\" loading=\"lazy\" decoding=\"async\" src=\"https:\/\/i0.wp.com\/cebem.org\/wp-content\/uploads\/2019\/07\/envelope-3152053_960_720.png?resize=71%2C54&#038;ssl=1\" alt=\"La imagen tiene un atributo ALT vac\u00edo; su nombre de archivo es envelope-3152053_960_720.png\" width=\"71\" height=\"54\"\/><\/figure>\n<\/div>\n\n\n<p class=\"has-text-align-center\" id=\"block-ad3c28f6-942a-4847-9bc2-f1f8cb5f179f\"><a href=\"mailto:beatriz@cebem.org\"><strong>beatriz@cebem.org<\/strong><\/a><\/p>\n<\/div>\n\n\n\n<div class=\"wp-block-column is-layout-flow wp-block-column-is-layout-flow\"><div class=\"wp-block-image\">\n<figure class=\"aligncenter is-resized\" id=\"block-ab0ee5bb-071a-4e1f-aaf9-6b3653d31dc2\"><img data-recalc-dims=\"1\" loading=\"lazy\" decoding=\"async\" src=\"https:\/\/i0.wp.com\/cebem.org\/wp-content\/uploads\/2019\/07\/Whatsapp_icon-icons.png?resize=66%2C66&#038;ssl=1\" alt=\"La imagen tiene un atributo ALT vac\u00edo; su nombre de archivo es Whatsapp_icon-icons.png\" width=\"66\" height=\"66\"\/><\/figure>\n<\/div>\n\n\n<p class=\"has-text-align-center\" id=\"block-f8faf0af-f3fd-4dee-84b3-68a6e9ba01c2\"><a href=\"https:\/\/api.whatsapp.com\/send?phone=59170522053&amp;text=Me%20interesa%20el%20Curso%20Teor%C3%ADa%20del%20Cambio%20en%20la%20Gesti%C3%B3n%20y%20Formulaci%C3%B3n\" target=\"_blank\" rel=\"noreferrer noopener\"><strong>WhatsApp:<\/strong>&nbsp;+591 70522053<\/a><\/p>\n<\/div>\n<\/div>\n\n\n\n<p><\/p>\n","protected":false},"excerpt":{"rendered":"<p>Inicio 20 de Octubre de 2022, Curso de actualizaci\u00f3n profesional, Desarrollar capacidades en la formulaci\u00f3n y gerenciamiento de indicadores estrat\u00e9gicos y t\u00e1cticos y el manejo de mecanismos y Dashboards que permitan fortalecer el gerenciamiento estrat\u00e9gico y la toma de decisiones basada en KPIs primarios y secundarios.<\/p>\n","protected":false},"author":15,"featured_media":11588,"comment_status":"closed","ping_status":"closed","sticky":false,"template":"","format":"standard","meta":{"_jetpack_memberships_contains_paid_content":false,"footnotes":"","jetpack_publicize_message":"","jetpack_publicize_feature_enabled":false,"jetpack_social_post_already_shared":true,"jetpack_social_options":{"image_generator_settings":{"template":"highway","default_image_id":0,"font":"","enabled":false},"version":2}},"categories":[4],"tags":[1828,38,1391],"class_list":["post-11583","post","type-post","status-publish","format-standard","has-post-thumbnail","hentry","category-cursos-culminados-cebem","tag-boletin-9-septiembre-2022-2","tag-curso","tag-zoom","nodate","item-wrap"],"jetpack_publicize_connections":[],"jetpack_featured_media_url":"https:\/\/i0.wp.com\/cebem.org\/wp-content\/uploads\/2022\/09\/portada-KIT-Eve-scaled.jpg?fit=2560%2C1280&ssl=1","jetpack_sharing_enabled":true,"_links":{"self":[{"href":"https:\/\/cebem.org\/index.php?rest_route=\/wp\/v2\/posts\/11583","targetHints":{"allow":["GET"]}}],"collection":[{"href":"https:\/\/cebem.org\/index.php?rest_route=\/wp\/v2\/posts"}],"about":[{"href":"https:\/\/cebem.org\/index.php?rest_route=\/wp\/v2\/types\/post"}],"author":[{"embeddable":true,"href":"https:\/\/cebem.org\/index.php?rest_route=\/wp\/v2\/users\/15"}],"replies":[{"embeddable":true,"href":"https:\/\/cebem.org\/index.php?rest_route=%2Fwp%2Fv2%2Fcomments&post=11583"}],"version-history":[{"count":5,"href":"https:\/\/cebem.org\/index.php?rest_route=\/wp\/v2\/posts\/11583\/revisions"}],"predecessor-version":[{"id":11592,"href":"https:\/\/cebem.org\/index.php?rest_route=\/wp\/v2\/posts\/11583\/revisions\/11592"}],"wp:featuredmedia":[{"embeddable":true,"href":"https:\/\/cebem.org\/index.php?rest_route=\/wp\/v2\/media\/11588"}],"wp:attachment":[{"href":"https:\/\/cebem.org\/index.php?rest_route=%2Fwp%2Fv2%2Fmedia&parent=11583"}],"wp:term":[{"taxonomy":"category","embeddable":true,"href":"https:\/\/cebem.org\/index.php?rest_route=%2Fwp%2Fv2%2Fcategories&post=11583"},{"taxonomy":"post_tag","embeddable":true,"href":"https:\/\/cebem.org\/index.php?rest_route=%2Fwp%2Fv2%2Ftags&post=11583"}],"curies":[{"name":"wp","href":"https:\/\/api.w.org\/{rel}","templated":true}]}}