
{"id":11476,"date":"2022-09-01T11:01:39","date_gmt":"2022-09-01T15:01:39","guid":{"rendered":"https:\/\/cebem.org\/?p=11476"},"modified":"2022-09-01T11:01:41","modified_gmt":"2022-09-01T15:01:41","slug":"sendas-de-turismo-comunitario-retoma-sus-actividades","status":"publish","type":"post","link":"https:\/\/cebem.org\/?p=11476","title":{"rendered":"Sendas de Turismo Comunitario retoma sus Actividades"},"content":{"rendered":"\n<p class=\"has-text-align-center\"><strong>Reactivando su Plataforma Virtual, con el prop\u00f3sito de continuar con el objetivo por el cual naci\u00f3.<\/strong><\/p>\n\n\n\n<p><a href=\"https:\/\/www.facebook.com\/hashtag\/sendasdeturismocomunitario\" target=\"_blank\" rel=\"noreferrer noopener\"><strong>Sendas de Turismo Comunitario<\/strong><\/a><strong> renueva su imagen, con la determinaci\u00f3n de aportar mucho m\u00e1s a todos sus seguidores y usuarios ; y con el apoyo de varios colaboradores trabajaran en promover el turismo comunitario en Bolivia. \u201cCon pasi\u00f3n, responsabilidad y colaboraci\u00f3n construyamos juntos Sendas m\u00e1s grandes, agradables y participativas\u201d<\/strong><\/p>\n\n\n\n<figure class=\"wp-block-image size-full\"><img data-recalc-dims=\"1\" fetchpriority=\"high\" decoding=\"async\" width=\"750\" height=\"285\" src=\"https:\/\/i0.wp.com\/cebem.org\/wp-content\/uploads\/2022\/09\/banner-sendas.jpg?resize=750%2C285&#038;ssl=1\" alt=\"\" class=\"wp-image-11478\" srcset=\"https:\/\/i0.wp.com\/cebem.org\/wp-content\/uploads\/2022\/09\/banner-sendas.jpg?w=820&amp;ssl=1 820w, https:\/\/i0.wp.com\/cebem.org\/wp-content\/uploads\/2022\/09\/banner-sendas.jpg?resize=300%2C114&amp;ssl=1 300w, https:\/\/i0.wp.com\/cebem.org\/wp-content\/uploads\/2022\/09\/banner-sendas.jpg?resize=768%2C292&amp;ssl=1 768w, https:\/\/i0.wp.com\/cebem.org\/wp-content\/uploads\/2022\/09\/banner-sendas.jpg?resize=600%2C228&amp;ssl=1 600w, https:\/\/i0.wp.com\/cebem.org\/wp-content\/uploads\/2022\/09\/banner-sendas.jpg?resize=750%2C285&amp;ssl=1 750w\" sizes=\"(max-width: 750px) 100vw, 750px\" \/><\/figure>\n\n\n\n<p><strong>\u00bfQUE ES SENDAS DE TURISMO COMUNITARIO?<\/strong><\/p>\n\n\n\n<p>Es un proyecto de CEBEM (Centro Boliviano de Estudios Multidisciplinarios), que nace a ra\u00edz del Foro de Turismo Comunitario efectuado el 2018. Con el objetivo de compartir y difundir nuestros emprendimientos en turismo, enfocados desde la mirada y los intereses de la comunidad. Puesto que el Turismo comunitario es el escenario apropiado para el desarrollo local por las oportunidades de inclusi\u00f3n social y econ\u00f3mica de su poblaci\u00f3n. Compartir es una oportunidad de reconocimiento y revalorizaci\u00f3n de la cultura, patrimonio vivo de los pueblos y de las riquezas locales: recursos naturales, monumentos hist\u00f3ricos, entre muchos otros objetos tur\u00edsticos.<\/p>\n\n\n\n<p><strong>CONOCE MAS SOBRE SENDAS:<\/strong><\/p>\n\n\n\n<p>Debido a la pandemia Covid 19, el sector tur\u00edstico fue mayormente afectado en todo el mundo, con respecto al turismo comunitario en Bolivia fueron afectados a mayor escala; los Emprendimientos de turismo comunitario, donde se vieron obligados a migrar a otras actividades econ\u00f3micas que desarrollaban a la par del turismo de acuerdo a una investigaci\u00f3n por (UNIFRANZ, 2021). Sin embargo, de manera virtual Sendas de Turismo Comunitario estuvo apoyando a la comunidad de Puka Puka &#8211; TICOF con sus eventos virtuales<\/p>\n\n\n\n<p>&#8211; 1er Festival de artes compartidas que se efectu\u00f3 el 13 de diciembre del 2020<\/p>\n\n\n\n<p>&#8211; Gran Pujllay y Pukara que se efectu\u00f3 en fecha 20 y 21 de marzo del 2021.<\/p>\n\n\n\n<p>As\u00ed tambi\u00e9n, estuvo trabajando en la renovaci\u00f3n de la imagen y redise\u00f1o de la plataforma virtual para ofrecer mayor dinamismo, facilidad y comodidad en el acceso a sus diferentes pesta\u00f1as. Como tambi\u00e9n en la planificaci\u00f3n de actividades que ser\u00e1n de apoyo e impulso a la reactivaci\u00f3n de los Emprendimientos de turismo comunitario, que muy pronto daremos a conocer.<\/p>\n\n\n\n<p>Nuestra misi\u00f3n es \u201cPromover la innovaci\u00f3n en turismo aportando al aprovechamiento de las potencialidades de comunidades, emprendimientos tur\u00edsticos comunitarios, organizaciones vinculadas a turismo generando una red de trabajo colaborativo en el marco del desarrollo sostenible\u201d.<\/p>\n\n\n\n<p><strong>\u00a1Para no perderte las ultimas novedades sobre Sendas de Turismo Comunitario, le invitamos a seguir la p\u00e1gina principal:<\/strong><\/p>\n\n\n\n<p><a href=\"https:\/\/turismocomunitario.cebem.org\/\" target=\"_blank\" rel=\"noreferrer noopener\">https:\/\/turismocomunitario.cebem.org\/<\/a><\/p>\n\n\n\n<p>Puedes Seguirlos por\u00a0<a href=\"https:\/\/www.facebook.com\/sendasdeturismocomunitario\" target=\"_blank\" rel=\"noreferrer noopener\">Facebook<\/a>\u00a0e\u00a0<a href=\"https:\/\/twitter.com\/SendasTurismo\" target=\"_blank\" rel=\"noreferrer noopener\">Twitter<\/a><\/p>\n","protected":false},"excerpt":{"rendered":"<p>Sendas de Turismo Comunitario renueva su imagen, con la determinaci\u00f3n de aportar mucho m\u00e1s a todos sus seguidores y usuarios.<\/p>\n","protected":false},"author":2,"featured_media":11478,"comment_status":"closed","ping_status":"closed","sticky":false,"template":"","format":"standard","meta":{"_jetpack_memberships_contains_paid_content":false,"footnotes":"","jetpack_publicize_message":"","jetpack_publicize_feature_enabled":true,"jetpack_social_post_already_shared":true,"jetpack_social_options":{"image_generator_settings":{"template":"highway","default_image_id":0,"font":"","enabled":false},"version":2}},"categories":[1],"tags":[1800,1826,144,987],"class_list":["post-11476","post","type-post","status-publish","format-standard","has-post-thumbnail","hentry","category-noticias","tag-boletin-8-agosto-2022","tag-sendas","tag-turismo","tag-turismo-comunitario","item-wrap"],"jetpack_publicize_connections":[],"jetpack_featured_media_url":"https:\/\/i0.wp.com\/cebem.org\/wp-content\/uploads\/2022\/09\/banner-sendas.jpg?fit=820%2C312&ssl=1","jetpack_sharing_enabled":true,"_links":{"self":[{"href":"https:\/\/cebem.org\/index.php?rest_route=\/wp\/v2\/posts\/11476","targetHints":{"allow":["GET"]}}],"collection":[{"href":"https:\/\/cebem.org\/index.php?rest_route=\/wp\/v2\/posts"}],"about":[{"href":"https:\/\/cebem.org\/index.php?rest_route=\/wp\/v2\/types\/post"}],"author":[{"embeddable":true,"href":"https:\/\/cebem.org\/index.php?rest_route=\/wp\/v2\/users\/2"}],"replies":[{"embeddable":true,"href":"https:\/\/cebem.org\/index.php?rest_route=%2Fwp%2Fv2%2Fcomments&post=11476"}],"version-history":[{"count":1,"href":"https:\/\/cebem.org\/index.php?rest_route=\/wp\/v2\/posts\/11476\/revisions"}],"predecessor-version":[{"id":11479,"href":"https:\/\/cebem.org\/index.php?rest_route=\/wp\/v2\/posts\/11476\/revisions\/11479"}],"wp:featuredmedia":[{"embeddable":true,"href":"https:\/\/cebem.org\/index.php?rest_route=\/wp\/v2\/media\/11478"}],"wp:attachment":[{"href":"https:\/\/cebem.org\/index.php?rest_route=%2Fwp%2Fv2%2Fmedia&parent=11476"}],"wp:term":[{"taxonomy":"category","embeddable":true,"href":"https:\/\/cebem.org\/index.php?rest_route=%2Fwp%2Fv2%2Fcategories&post=11476"},{"taxonomy":"post_tag","embeddable":true,"href":"https:\/\/cebem.org\/index.php?rest_route=%2Fwp%2Fv2%2Ftags&post=11476"}],"curies":[{"name":"wp","href":"https:\/\/api.w.org\/{rel}","templated":true}]}}