
{"id":11417,"date":"2022-08-26T12:43:31","date_gmt":"2022-08-26T16:43:31","guid":{"rendered":"https:\/\/cebem.org\/?p=11417"},"modified":"2022-08-26T12:43:32","modified_gmt":"2022-08-26T16:43:32","slug":"cartografia-renovable","status":"publish","type":"post","link":"https:\/\/cebem.org\/?p=11417","title":{"rendered":"Cartograf\u00eda renovable."},"content":{"rendered":"<div class=\"wp-block-image\">\n<figure class=\"aligncenter size-full\"><img data-recalc-dims=\"1\" decoding=\"async\" width=\"300\" height=\"86\" src=\"https:\/\/i0.wp.com\/cebem.org\/wp-content\/uploads\/2022\/08\/suelo_solar1.png?resize=300%2C86&#038;ssl=1\" alt=\"\" class=\"wp-image-11426\"\/><\/figure>\n<\/div>\n\n\n<p>En este Bolet\u00edn Solar del 23 de agosto podra encontrar, Noticias y negocios sobre energ\u00edas renovables.<\/p>\n\n\n\n<h4 class=\"wp-block-heading\">El Sol en el mapa<br>Gobierno Nacional de Bolivia presenta el Atlas E\u00f3lico y Solar y App para dispositivos m\u00f3viles INTiVITU que muestran potencial de Bolivia en energ\u00edas renovables<\/h4>\n\n\n\n<p>El Atlas E\u00f3lico y Solar de Bolivia y la aplicaci\u00f3n digital (app) INTiVITU muestran el potencial del pa\u00eds para generar electricidad aprovechando recurso e\u00f3lico y solar que tenemos en Bolivia, ayudando a la planificaci\u00f3n de proyectos de generaci\u00f3n.  <a rel=\"noreferrer noopener\" href=\"https:\/\/suelosolar.com\/newsolares\/newsol.asp?id=14464&amp;lct=13948&amp;ejm=951\" target=\"_blank\">Ver mas.<\/a> <\/p>\n\n\n\n<h4 class=\"wp-block-heading\">Ahorra energia con tu WEB<\/h4>\n\n\n\n<p>Energ\u00eda y Web: optimizar p\u00e1ginas para no hacer perder tiempo, kW, datos m\u00f3viles y usuari@s. Por Juan J. Alcolado.<\/p>\n\n\n\n<p>Ver la noticia en el sigte Link: <a rel=\"noreferrer noopener\" href=\"https:\/\/suelosolar.com\/noticias\/eficiencia-energetica\/espana\/3-8-2022\/energia-web-optimizar-paginas-no-hacer-perder-tiempo-kw-datos-moviles-usuaris\" target=\"_blank\">https:\/\/suelosolar.com\/noticias\/eficiencia-energetica\/espana\/3-8-2022\/energia-web-optimizar-paginas-no-hacer-perder-tiempo-kw-datos-moviles-usuaris<\/a><\/p>\n\n\n\n<h4 class=\"wp-block-heading\">Estas noticias y muchas mas las puede ver en el Boletin Solar en la siguiente direccion electr\u00f3nica: <a rel=\"noreferrer noopener\" href=\"https:\/\/suelosolar.com\/boletin-solar\/23-VIII-2022\/951\" target=\"_blank\">https:\/\/suelosolar.com\/boletin-solar\/23-VIII-2022\/951<\/a>.<\/h4>\n\n\n\n<p><\/p>\n\n\n\n<p><\/p>\n\n\n\n<p><\/p>\n\n\n\n<p><br><\/p>\n","protected":false},"excerpt":{"rendered":"<p>Boletin NewSolares LatAm 23-VIII-22.<br \/>\nNoticias y negocios sobre energias renovables<\/p>\n","protected":false},"author":12,"featured_media":11426,"comment_status":"closed","ping_status":"closed","sticky":false,"template":"","format":"standard","meta":{"_jetpack_memberships_contains_paid_content":false,"footnotes":"","jetpack_publicize_message":"","jetpack_publicize_feature_enabled":true,"jetpack_social_post_already_shared":true,"jetpack_social_options":{"image_generator_settings":{"template":"highway","default_image_id":0,"font":"","enabled":false},"version":2}},"categories":[5],"tags":[1800,1824,1823],"class_list":["post-11417","post","type-post","status-publish","format-standard","has-post-thumbnail","hentry","category-boletin","tag-boletin-8-agosto-2022","tag-energias-renovables-2","tag-noticias-suelo-solare","item-wrap"],"jetpack_publicize_connections":[],"jetpack_featured_media_url":"https:\/\/i0.wp.com\/cebem.org\/wp-content\/uploads\/2022\/08\/suelo_solar1.png?fit=300%2C86&ssl=1","jetpack_sharing_enabled":true,"_links":{"self":[{"href":"https:\/\/cebem.org\/index.php?rest_route=\/wp\/v2\/posts\/11417","targetHints":{"allow":["GET"]}}],"collection":[{"href":"https:\/\/cebem.org\/index.php?rest_route=\/wp\/v2\/posts"}],"about":[{"href":"https:\/\/cebem.org\/index.php?rest_route=\/wp\/v2\/types\/post"}],"author":[{"embeddable":true,"href":"https:\/\/cebem.org\/index.php?rest_route=\/wp\/v2\/users\/12"}],"replies":[{"embeddable":true,"href":"https:\/\/cebem.org\/index.php?rest_route=%2Fwp%2Fv2%2Fcomments&post=11417"}],"version-history":[{"count":3,"href":"https:\/\/cebem.org\/index.php?rest_route=\/wp\/v2\/posts\/11417\/revisions"}],"predecessor-version":[{"id":11455,"href":"https:\/\/cebem.org\/index.php?rest_route=\/wp\/v2\/posts\/11417\/revisions\/11455"}],"wp:featuredmedia":[{"embeddable":true,"href":"https:\/\/cebem.org\/index.php?rest_route=\/wp\/v2\/media\/11426"}],"wp:attachment":[{"href":"https:\/\/cebem.org\/index.php?rest_route=%2Fwp%2Fv2%2Fmedia&parent=11417"}],"wp:term":[{"taxonomy":"category","embeddable":true,"href":"https:\/\/cebem.org\/index.php?rest_route=%2Fwp%2Fv2%2Fcategories&post=11417"},{"taxonomy":"post_tag","embeddable":true,"href":"https:\/\/cebem.org\/index.php?rest_route=%2Fwp%2Fv2%2Ftags&post=11417"}],"curies":[{"name":"wp","href":"https:\/\/api.w.org\/{rel}","templated":true}]}}