
{"id":11396,"date":"2022-08-24T13:03:33","date_gmt":"2022-08-24T17:03:33","guid":{"rendered":"https:\/\/cebem.org\/?p=11396"},"modified":"2022-08-24T13:03:34","modified_gmt":"2022-08-24T17:03:34","slug":"compartimos-con-ustedes-el-enlace-de-video-sobre-el-seminario-denominado-la-postergacion-del-censo-y-sus-consecuencias-en-la-distribucion-de-la-renta","status":"publish","type":"post","link":"https:\/\/cebem.org\/?p=11396","title":{"rendered":"Compartimos con ustedes el enlace de video sobre el seminario denominado: La postergaci\u00f3n del Censo y sus Consecuencias en la Distribuci\u00f3n de la Renta"},"content":{"rendered":"\n<p>En el Aula Magna de la Carrera de Ciencia Pol\u00edtica y Gesti\u00f3n P\u00fablica de la Facultad de Derecho y Ciencias Pol\u00edticas se llev\u00f3 a cabo el seminario denominado: \u00abLa postergaci\u00f3n del Censo y sus Consecuencias en la Distribuci\u00f3n de la Renta\u00bb , con la participaci\u00f3n de: Lic. Diego Murillo, Dir. Instituto de Investigaciones en Ciencia Pol\u00edtica y Gesti\u00f3n P\u00fablica; Lic. Grover Alarc\u00f3n, Docente de la Carrera de Ciencia Pol\u00edtica y Gesti\u00f3n P\u00fablica, y los Expositores: Lic. Miguel Antonio Roca S\u00e1nchez, Diputado Nacional Dpto. de La Paz; Lic. Rodrigo Paz Pereira, Senador Nacional Dpto. de Tarija; Dr. Mario Galindo Soza, Docente Em\u00e9rito de la Carrera de Ciencia Pol\u00edtica y Gesti\u00f3n P\u00fablica.<\/p>\n\n\n\n<figure class=\"wp-block-image size-full\"><img data-recalc-dims=\"1\" fetchpriority=\"high\" decoding=\"async\" width=\"750\" height=\"433\" src=\"https:\/\/i0.wp.com\/cebem.org\/wp-content\/uploads\/2022\/08\/seminario.postergacioncenso2.jpg?resize=750%2C433&#038;ssl=1\" alt=\"\" class=\"wp-image-11398\" srcset=\"https:\/\/i0.wp.com\/cebem.org\/wp-content\/uploads\/2022\/08\/seminario.postergacioncenso2.jpg?w=900&amp;ssl=1 900w, https:\/\/i0.wp.com\/cebem.org\/wp-content\/uploads\/2022\/08\/seminario.postergacioncenso2.jpg?resize=300%2C173&amp;ssl=1 300w, https:\/\/i0.wp.com\/cebem.org\/wp-content\/uploads\/2022\/08\/seminario.postergacioncenso2.jpg?resize=768%2C444&amp;ssl=1 768w, https:\/\/i0.wp.com\/cebem.org\/wp-content\/uploads\/2022\/08\/seminario.postergacioncenso2.jpg?resize=600%2C347&amp;ssl=1 600w, https:\/\/i0.wp.com\/cebem.org\/wp-content\/uploads\/2022\/08\/seminario.postergacioncenso2.jpg?resize=750%2C433&amp;ssl=1 750w\" sizes=\"(max-width: 750px) 100vw, 750px\" \/><\/figure>\n\n\n\n<p><strong>Enlace al video<\/strong><\/p>\n\n\n\n<p><a href=\"https:\/\/www.facebook.com\/watch\/?v=2657328667733605\">https:\/\/www.facebook.com\/watch\/?v=2657328667733605<\/a><\/p>\n","protected":false},"excerpt":{"rendered":"<p>En el Aula Magna de la Carrera de Ciencia Pol\u00edtica y Gesti\u00f3n P\u00fablica de la Facultad de Derecho y Ciencias Pol\u00edticas se llev\u00f3 a cabo el seminario denominado: \u00abLa postergaci\u00f3n del Censo y sus Consecuencias en la Distribuci\u00f3n de la Renta\u00bb<\/p>\n","protected":false},"author":15,"featured_media":11397,"comment_status":"closed","ping_status":"closed","sticky":false,"template":"","format":"standard","meta":{"_jetpack_memberships_contains_paid_content":false,"footnotes":"","jetpack_publicize_message":"","jetpack_publicize_feature_enabled":false,"jetpack_social_post_already_shared":true,"jetpack_social_options":{"image_generator_settings":{"template":"highway","default_image_id":0,"font":"","enabled":false},"version":2}},"categories":[1543],"tags":[1544,95],"class_list":["post-11396","post","type-post","status-publish","format-standard","has-post-thumbnail","hentry","category-rutacenso","tag-la-ruta-del-censo-2022","tag-video","item-wrap"],"jetpack_publicize_connections":[],"jetpack_featured_media_url":"https:\/\/i0.wp.com\/cebem.org\/wp-content\/uploads\/2022\/08\/seminario-postergacion-del-censo.jpg?fit=902%2C708&ssl=1","jetpack_sharing_enabled":true,"_links":{"self":[{"href":"https:\/\/cebem.org\/index.php?rest_route=\/wp\/v2\/posts\/11396","targetHints":{"allow":["GET"]}}],"collection":[{"href":"https:\/\/cebem.org\/index.php?rest_route=\/wp\/v2\/posts"}],"about":[{"href":"https:\/\/cebem.org\/index.php?rest_route=\/wp\/v2\/types\/post"}],"author":[{"embeddable":true,"href":"https:\/\/cebem.org\/index.php?rest_route=\/wp\/v2\/users\/15"}],"replies":[{"embeddable":true,"href":"https:\/\/cebem.org\/index.php?rest_route=%2Fwp%2Fv2%2Fcomments&post=11396"}],"version-history":[{"count":1,"href":"https:\/\/cebem.org\/index.php?rest_route=\/wp\/v2\/posts\/11396\/revisions"}],"predecessor-version":[{"id":11399,"href":"https:\/\/cebem.org\/index.php?rest_route=\/wp\/v2\/posts\/11396\/revisions\/11399"}],"wp:featuredmedia":[{"embeddable":true,"href":"https:\/\/cebem.org\/index.php?rest_route=\/wp\/v2\/media\/11397"}],"wp:attachment":[{"href":"https:\/\/cebem.org\/index.php?rest_route=%2Fwp%2Fv2%2Fmedia&parent=11396"}],"wp:term":[{"taxonomy":"category","embeddable":true,"href":"https:\/\/cebem.org\/index.php?rest_route=%2Fwp%2Fv2%2Fcategories&post=11396"},{"taxonomy":"post_tag","embeddable":true,"href":"https:\/\/cebem.org\/index.php?rest_route=%2Fwp%2Fv2%2Ftags&post=11396"}],"curies":[{"name":"wp","href":"https:\/\/api.w.org\/{rel}","templated":true}]}}