
{"id":11320,"date":"2022-08-17T10:32:50","date_gmt":"2022-08-17T14:32:50","guid":{"rendered":"https:\/\/cebem.org\/?p=11320"},"modified":"2022-08-17T10:37:45","modified_gmt":"2022-08-17T14:37:45","slug":"encuesta-de-hogares-2021","status":"publish","type":"post","link":"https:\/\/cebem.org\/?p=11320","title":{"rendered":"Encuesta de Hogares 2021"},"content":{"rendered":"<div class=\"wp-block-image\">\n<figure class=\"aligncenter size-large is-resized\"><img data-recalc-dims=\"1\" fetchpriority=\"high\" decoding=\"async\" src=\"https:\/\/i0.wp.com\/cebem.org\/wp-content\/uploads\/2022\/08\/encuesta-hogares-2021.jpg?resize=400%2C400&#038;ssl=1\" alt=\"\" class=\"wp-image-11321\" width=\"400\" height=\"400\" srcset=\"https:\/\/i0.wp.com\/cebem.org\/wp-content\/uploads\/2022\/08\/encuesta-hogares-2021.jpg?resize=1024%2C1024&amp;ssl=1 1024w, https:\/\/i0.wp.com\/cebem.org\/wp-content\/uploads\/2022\/08\/encuesta-hogares-2021.jpg?resize=300%2C300&amp;ssl=1 300w, https:\/\/i0.wp.com\/cebem.org\/wp-content\/uploads\/2022\/08\/encuesta-hogares-2021.jpg?resize=150%2C150&amp;ssl=1 150w, https:\/\/i0.wp.com\/cebem.org\/wp-content\/uploads\/2022\/08\/encuesta-hogares-2021.jpg?resize=768%2C768&amp;ssl=1 768w, https:\/\/i0.wp.com\/cebem.org\/wp-content\/uploads\/2022\/08\/encuesta-hogares-2021.jpg?resize=600%2C600&amp;ssl=1 600w, https:\/\/i0.wp.com\/cebem.org\/wp-content\/uploads\/2022\/08\/encuesta-hogares-2021.jpg?resize=750%2C750&amp;ssl=1 750w, https:\/\/i0.wp.com\/cebem.org\/wp-content\/uploads\/2022\/08\/encuesta-hogares-2021.jpg?w=1500&amp;ssl=1 1500w\" sizes=\"(max-width: 400px) 100vw, 400px\" \/><\/figure>\n<\/div>\n\n\n<p>El Instituto Nacional de Estad\u00edstica (INE) presenta los resultados de la Encuesta de Hogares (EH) 2021. Las estimaciones de \u00e9sta permiten la caracterizaci\u00f3n de los hogares y sus miembros, de las viviendas ocupadas por \u00e9stos y aspectos referidos a salud, estilo de vida, educaci\u00f3n, acceso y uso de tecnolog\u00edas de informaci\u00f3n y comunicaci\u00f3n, ingreso corriente del hogar, pobreza y desigualdad,seguridad ciudadana, discriminaci\u00f3n, entre otros; a nivel nacional, urbano, rural, y departamental.<\/p>\n\n\n\n<p>Con este esfuerzo, el INE pone a disposici\u00f3n de los usuarios, m\u00e1s y mejores estad\u00edsticas e indicadores para la toma de decisiones. Asimismo, los resultados coadyuvar\u00e1n a la generaci\u00f3n de informaci\u00f3n estad\u00edstica necesaria para la formulaci\u00f3n, evaluaci\u00f3n, seguimiento de pol\u00edticas y dise\u00f1o de programas de acci\u00f3n contenidas en el Plan de<br>Desarrollo Econ\u00f3mico y Social (PDES) y los Objetivos de Desarrollo Sostenible (ODS).<\/p>\n\n\n\n<div class=\"wp-block-buttons is-layout-flex wp-block-buttons-is-layout-flex\">\n<div class=\"wp-block-button\"><a class=\"wp-block-button__link\" href=\"https:\/\/www.ine.gob.bo\/index.php\/publicaciones\/encuesta-de-hogares-2021\/\" target=\"_blank\" rel=\"noreferrer noopener\">Descargar Encuesta 2021<\/a><\/div>\n<\/div>\n","protected":false},"excerpt":{"rendered":"<p>El INE presenta los resultados de la Encuesta de Hogares (EH) 2021.<\/p>\n","protected":false},"author":2,"featured_media":11321,"comment_status":"closed","ping_status":"closed","sticky":false,"template":"","format":"standard","meta":{"_jetpack_memberships_contains_paid_content":false,"footnotes":"","jetpack_publicize_message":"","jetpack_publicize_feature_enabled":true,"jetpack_social_post_already_shared":true,"jetpack_social_options":{"image_generator_settings":{"template":"highway","default_image_id":0,"font":"","enabled":false},"version":2}},"categories":[9,1543],"tags":[1544,74,1798],"class_list":["post-11320","post","type-post","status-publish","format-standard","has-post-thumbnail","hentry","category-destacados","category-rutacenso","tag-la-ruta-del-censo-2022","tag-libro","tag-publicacion-recomendada","item-wrap"],"jetpack_publicize_connections":[],"jetpack_featured_media_url":"https:\/\/i0.wp.com\/cebem.org\/wp-content\/uploads\/2022\/08\/encuesta-hogares-2021.jpg?fit=1500%2C1500&ssl=1","jetpack_sharing_enabled":true,"_links":{"self":[{"href":"https:\/\/cebem.org\/index.php?rest_route=\/wp\/v2\/posts\/11320","targetHints":{"allow":["GET"]}}],"collection":[{"href":"https:\/\/cebem.org\/index.php?rest_route=\/wp\/v2\/posts"}],"about":[{"href":"https:\/\/cebem.org\/index.php?rest_route=\/wp\/v2\/types\/post"}],"author":[{"embeddable":true,"href":"https:\/\/cebem.org\/index.php?rest_route=\/wp\/v2\/users\/2"}],"replies":[{"embeddable":true,"href":"https:\/\/cebem.org\/index.php?rest_route=%2Fwp%2Fv2%2Fcomments&post=11320"}],"version-history":[{"count":1,"href":"https:\/\/cebem.org\/index.php?rest_route=\/wp\/v2\/posts\/11320\/revisions"}],"predecessor-version":[{"id":11322,"href":"https:\/\/cebem.org\/index.php?rest_route=\/wp\/v2\/posts\/11320\/revisions\/11322"}],"wp:featuredmedia":[{"embeddable":true,"href":"https:\/\/cebem.org\/index.php?rest_route=\/wp\/v2\/media\/11321"}],"wp:attachment":[{"href":"https:\/\/cebem.org\/index.php?rest_route=%2Fwp%2Fv2%2Fmedia&parent=11320"}],"wp:term":[{"taxonomy":"category","embeddable":true,"href":"https:\/\/cebem.org\/index.php?rest_route=%2Fwp%2Fv2%2Fcategories&post=11320"},{"taxonomy":"post_tag","embeddable":true,"href":"https:\/\/cebem.org\/index.php?rest_route=%2Fwp%2Fv2%2Ftags&post=11320"}],"curies":[{"name":"wp","href":"https:\/\/api.w.org\/{rel}","templated":true}]}}