
{"id":11262,"date":"2022-08-11T11:34:06","date_gmt":"2022-08-11T15:34:06","guid":{"rendered":"https:\/\/cebem.org\/?p=11262"},"modified":"2022-08-11T11:34:08","modified_gmt":"2022-08-11T15:34:08","slug":"impactos-de-los-tratados-de-comercio-e-inversion-en-america-latina-y-el-caribe","status":"publish","type":"post","link":"https:\/\/cebem.org\/?p=11262","title":{"rendered":"Impactos de los tratados de comercio e inversi\u00f3n en Am\u00e9rica Latina y el Caribe"},"content":{"rendered":"\n<figure class=\"wp-block-image size-full\"><img data-recalc-dims=\"1\" fetchpriority=\"high\" decoding=\"async\" width=\"700\" height=\"390\" src=\"https:\/\/i0.wp.com\/cebem.org\/wp-content\/uploads\/2022\/08\/CONVOCATORIA-impactos-tratados-comercio-BANNER-WEB-1.jpg?resize=700%2C390&#038;ssl=1\" alt=\"\" class=\"wp-image-11265\" srcset=\"https:\/\/i0.wp.com\/cebem.org\/wp-content\/uploads\/2022\/08\/CONVOCATORIA-impactos-tratados-comercio-BANNER-WEB-1.jpg?w=700&amp;ssl=1 700w, https:\/\/i0.wp.com\/cebem.org\/wp-content\/uploads\/2022\/08\/CONVOCATORIA-impactos-tratados-comercio-BANNER-WEB-1.jpg?resize=300%2C167&amp;ssl=1 300w, https:\/\/i0.wp.com\/cebem.org\/wp-content\/uploads\/2022\/08\/CONVOCATORIA-impactos-tratados-comercio-BANNER-WEB-1.jpg?resize=600%2C334&amp;ssl=1 600w\" sizes=\"(max-width: 700px) 100vw, 700px\" \/><\/figure>\n\n\n\n<p class=\"has-text-align-center\"><strong>CONVOCATORIA DE INVESTIGACI\u00d3N PARA EQUIPOS DE INVESTIGADORAS\/ES JOVENES<\/strong><\/p>\n\n\n\n<p class=\"has-text-align-justify\">El Consejo Latinoamericano de Ciencias Sociales (CLACSO), la Plataforma Am\u00e9rica Latina mejor sin TLC, el Transnational Institute (TNI), la Escuela de Pol\u00edtica y Gobierno de la UNSAM y la SEPLA, organizan la siguiente Convocatoria de Investigacion: \u201d Impactos de los tratados de comercio e inversi\u00f3n en Am\u00e9rica Latina y el Caribe\u201d.<\/p>\n\n\n\n<p class=\"has-text-align-justify\">Est\u00e1 convocatoria est\u00e1 orientada a j\u00f3venes investigadoras\/es y organizaciones sociales en general que trabajen diferentes aristas de los impactos de las pol\u00edticas neoliberales en la regi\u00f3n.<\/p>\n\n\n\n<h4 class=\"wp-block-heading\">Cierre de inscripci\u00f3n: <strong>12 de septiembre de 2022<\/strong><\/h4>\n\n\n\n<h4 class=\"wp-block-heading\">Consultas:&nbsp;<strong><a href=\"mailto:impactotratados@clacso.edu.ar\">impactotratados@clacso.edu.ar<\/a><\/strong><\/h4>\n\n\n\n<h4 class=\"wp-block-heading\"><strong><a rel=\"noreferrer noopener\" href=\"https:\/\/r.noticias.clacso.edu.ar\/mk\/cl\/f\/4PY8ez208UWgf3TfbQKF9NQDUqT4-niqshHHQNmF5l8hMTUOAL3KvDQ3CvES9pRqnVLt_YFf0LJHZFhuFtNC4UsnG6S7oY3n_NH1An_0uGZ2HJE_TzRpXOQlASoBNTn9xZ53Q8ms0ZeZCMdBZidcpEMCPdf3z6SZZKndMXYwvXi_uuwbyeRcKQD8jbEop2hjYcjfrG1D8yTnNwK6sy407P_qBODN7zBVZ5SJaZLEjbUOhZPnRxaCbP-bkwwYECJEI4io--8N7aziyzW2dh9gvYV_UsGkCrdWnuM0ohCUg4rc0cA\" target=\"_blank\">Ver la convocatoria<\/a><\/strong>.<\/h4>\n\n\n\n<p><\/p>\n","protected":false},"excerpt":{"rendered":"<p>Convocacotaria de Investigaci\u00f3n:<br \/>\nCierre de inscripciones: 12 de septiembre de 2022<br \/>\nOrganizan: CLACSO ,Plataforma Am\u00e9rica Latina ,TNI, UNAS, SEPLA<\/p>\n","protected":false},"author":12,"featured_media":11265,"comment_status":"closed","ping_status":"closed","sticky":false,"template":"","format":"standard","meta":{"_jetpack_memberships_contains_paid_content":false,"footnotes":"","jetpack_publicize_message":"","jetpack_publicize_feature_enabled":true,"jetpack_social_post_already_shared":true,"jetpack_social_options":{"image_generator_settings":{"template":"highway","default_image_id":0,"font":"","enabled":false},"version":2}},"categories":[8],"tags":[1800,1801,1802,1810,1807,1806,1804],"class_list":["post-11262","post","type-post","status-publish","format-standard","has-post-thumbnail","hentry","category-convocatorias","tag-boletin-8-agosto-2022","tag-convocatoria-de-investigacion","tag-organizan-clacso","tag-plataforma-america-latina-mejor-sin-tlc","tag-politica-y-gobierno-unsam","tag-sepla","tag-tni","item-wrap"],"jetpack_publicize_connections":[],"jetpack_featured_media_url":"https:\/\/i0.wp.com\/cebem.org\/wp-content\/uploads\/2022\/08\/CONVOCATORIA-impactos-tratados-comercio-BANNER-WEB-1.jpg?fit=700%2C390&ssl=1","jetpack_sharing_enabled":true,"_links":{"self":[{"href":"https:\/\/cebem.org\/index.php?rest_route=\/wp\/v2\/posts\/11262","targetHints":{"allow":["GET"]}}],"collection":[{"href":"https:\/\/cebem.org\/index.php?rest_route=\/wp\/v2\/posts"}],"about":[{"href":"https:\/\/cebem.org\/index.php?rest_route=\/wp\/v2\/types\/post"}],"author":[{"embeddable":true,"href":"https:\/\/cebem.org\/index.php?rest_route=\/wp\/v2\/users\/12"}],"replies":[{"embeddable":true,"href":"https:\/\/cebem.org\/index.php?rest_route=%2Fwp%2Fv2%2Fcomments&post=11262"}],"version-history":[{"count":4,"href":"https:\/\/cebem.org\/index.php?rest_route=\/wp\/v2\/posts\/11262\/revisions"}],"predecessor-version":[{"id":11272,"href":"https:\/\/cebem.org\/index.php?rest_route=\/wp\/v2\/posts\/11262\/revisions\/11272"}],"wp:featuredmedia":[{"embeddable":true,"href":"https:\/\/cebem.org\/index.php?rest_route=\/wp\/v2\/media\/11265"}],"wp:attachment":[{"href":"https:\/\/cebem.org\/index.php?rest_route=%2Fwp%2Fv2%2Fmedia&parent=11262"}],"wp:term":[{"taxonomy":"category","embeddable":true,"href":"https:\/\/cebem.org\/index.php?rest_route=%2Fwp%2Fv2%2Fcategories&post=11262"},{"taxonomy":"post_tag","embeddable":true,"href":"https:\/\/cebem.org\/index.php?rest_route=%2Fwp%2Fv2%2Ftags&post=11262"}],"curies":[{"name":"wp","href":"https:\/\/api.w.org\/{rel}","templated":true}]}}