
{"id":1121,"date":"2016-07-05T11:25:31","date_gmt":"2016-07-05T15:25:31","guid":{"rendered":"http:\/\/cebem.org\/?p=1121"},"modified":"2016-07-05T11:25:31","modified_gmt":"2016-07-05T15:25:31","slug":"inicio-del-ciclo-de-conferencias-la-reflexion-sobre-cultura-y-desarrollo-en-el-marco-del-bicentenario","status":"publish","type":"post","link":"https:\/\/cebem.org\/?p=1121","title":{"rendered":"Inicio del ciclo de conferencias \u201cLa reflexi\u00f3n sobre cultura y desarrollo en el marco del Bicentenario\u201d"},"content":{"rendered":"<p><strong>Jueves 23 de junio, 19.00 horas<\/strong><\/p>\n<p><strong>La reflexi\u00f3n sobre cultura y desarrollo en el marco del Bicentenario<\/strong><\/p>\n<p>Inicio del ciclo de conferencias \u201cLa reflexi\u00f3n sobre cultura y desarrollo en el marco del Bicentenario\u201d, organizado por el Comit\u00e9 de Cultura del CARI, con el auspicio de la UNESCO<\/p>\n<p>Presentaci\u00f3n:<\/p>\n<p>Adalberto Rodr\u00edguez Giavarini\u00a0\u00a0 Presidente del CARI<\/p>\n<p>Fr\u00e9d\u00e9ric Vacheron\u00a0\u00a0 Responsable de UNESCO-Villa Ocampo<\/p>\n<p>&nbsp;<\/p>\n<p><strong>Cultura y desarrollo<\/strong><\/p>\n<p><strong>\u00bfLa cultura es la matriz del desarrollo? \u00bfLa cultura sirve al desarrollo? \u00bfExiste el desarrollo sin cultura?<\/strong><\/p>\n<p>Sesi\u00f3n acad\u00e9mica a cargo Luis Alberto Romero, Alejandro Katz y Vicente Palermo. Moderador: Adri\u00e1n Ventura<\/p>\n<p>\u00abLa cultura constituye una dimensi\u00f3n fundamental del proceso de desarrollo y contribuye a fortalecer la independencia, la soberan\u00eda y la identidad de las naciones. El crecimiento se ha concebido frecuentemente en t\u00e9rminos cuantitativos, sin tomar en cuenta su necesaria dimensi\u00f3n cualitativa, es decir, la satisfacci\u00f3n de las aspiraciones espirituales y culturales del hombre. El desarrollo aut\u00e9ntico persigue el bienestar y la satisfacci\u00f3n constante de cada uno y de todos\u00bb.<\/p>\n<p>Art\u00edculos 10\u00ba y 15\u00ba de la Declaraci\u00f3n de M\u00e9xico sobre Pol\u00edticas Culturales<\/p>\n<p>Los conceptos de cultura y desarrollo hoy, est\u00e1n indisolublemente ligados. En la Conferencia Intergubernamental sobre Pol\u00edticas Culturales para el Desarrollo &#8211; UNESCO (Estocolmo, Suecia, 30\/3 &#8211; 2\/4\/1998) ya se la ubic\u00f3 en el centro de las pol\u00edticas de desarrollo. El concepto de desarrollo se vincula con la econom\u00eda, la cultura y la pol\u00edtica, siempre en el marco de la sostenibilidad. La cultura es la matriz del desarrollo de una comunidad. De all\u00ed su importancia decisiva en la sociedad, d\u00e1ndole sustento \u00e9tico a las transformaciones derivadas del progreso econ\u00f3mico y social.<\/p>\n<p>Luis Alberto Romero\u00a0\u00a0 Historiador. Es profesor de la Universidad Di Tella e integra el Consejo de Administraci\u00f3n de la Universidad de San Andr\u00e9s. Es miembro de la Academia de Ciencias Morales y Pol\u00edticas de la Naci\u00f3n. Ha sido profesor titular de la Universidad de Buenos Aires e Investigador del Conicet. Es autor de \u00abBreve historia contempor\u00e1nea de la Argentina\u00bb y \u00abLa crisis argentina. Del siglo XX al XXI\u00bb<\/p>\n<p>Alejandro Katz\u00a0\u00a0 Ensayista, editor y profesor. Residi\u00f3 y estudi\u00f3 Lengua y Literatura en M\u00e9xico, y en Buenos Aires dirigi\u00f3 el Fondo de Cultura Econ\u00f3mica durante quince a\u00f1os. Fue Consejero de la C\u00e1mara Argentina del Libro. En la actualidad dirige la editorial Katz Editores<\/p>\n<p>Vicente Palermo\u00a0\u00a0 Doctor en ciencias pol\u00edticas por la Universidad Complutense de Madrid. Investigador Principal del Conicet. Miembro del Club Pol\u00edtico Argentino. Entre sus publicaciones recientes cuentan: La alegr\u00eda y la pasi\u00f3n. Relatos brasile\u00f1os y argentinos en perspectiva comparada, editorial Katz, 2015, Buenos Aires<\/p>\n<p>Adri\u00e1n Ventura\u00a0\u00a0 Doctor en Derecho de la UBA, Subdirector de la Maestr\u00eda de la UBA, periodista de La Naci\u00f3n, de Radio Mitre y de TN en TV<\/p>\n<p>&nbsp;<\/p>\n<h4><strong>Pr\u00f3ximas conferencias de este Ciclo:<\/strong><\/h4>\n<p><strong>Jueves 11 de agosto, 19.00 horas<\/strong><\/p>\n<p><strong>Cultura y desarrollo social<\/strong><\/p>\n<p><strong>\u00bfCultura en tiempos dif\u00edciles? \u00bfQu\u00e9 aporta y c\u00f3mo?<\/strong><\/p>\n<p>Hoy, m\u00e1s que nunca, la cultura debe estar al servicio de todos y de todo. La cultura es un derecho humano inalienable, fortalece la identidad y la autoestima de los que m\u00e1s lo necesitan, puede y debe coadyuvar a la cohesi\u00f3n social. El desarrollo cultural en nuestra sociedad es estrat\u00e9gico y se puede conseguir a trav\u00e9s de los medios de comunicaci\u00f3n (en particular TV y radios locales) para que formen y no deformen. Conseguir el apoyo de las industrias y de los organismos culturales. Financiarla a trav\u00e9s de ONGs, subvenciones, fondos de riesgo, incentivos fiscales, mecenas y m\u00e1s.<\/p>\n<p>&nbsp;<\/p>\n<p><strong>Jueves 15 de septiembre, 19.00 horas<\/strong><\/p>\n<p><strong>Cultura y econom\u00eda<\/strong><\/p>\n<p><strong>\u00bfQu\u00e9 tiene que ver la cultura con la econom\u00eda? \u00bfHay cultura en la econom\u00eda?<\/strong><\/p>\n<p>La cultura es generador de desarrollo econ\u00f3mico a trav\u00e9s de la creatividad. Es importante garantizar los derechos de autores y artistas y su justa remuneraci\u00f3n. La producci\u00f3n cultural, seg\u00fan los pa\u00edses, representa entre el 3 y el 7% del PIB. Asociada al \u00e1mbito tur\u00edstico, se presenta como una gran generadora de empleo.<\/p>\n<p>M\u00e1s all\u00e1 de la econom\u00eda relacionada con lo que se entiende como \u00e1mbito cultural, es dif\u00edcil suponer que la econom\u00eda exista sin cultura, ya que la cultura es la fase previa a cualquier actividad humana.<\/p>\n<p>&nbsp;<\/p>\n<p><strong>Jueves 13 de octubre, 19.00 horas<\/strong><\/p>\n<p><strong>Cultura y ambiente<\/strong><\/p>\n<p><strong>\u00bfLa sostenibilidad exige cambios culturales? \u00bfEsta cultura defiende al planeta?<\/strong><\/p>\n<p>\u00abEsta tierra que tenemos, no la heredamos de nuestros padres, nos la prestaron nuestros hijos\u00bb. Viejo concepto que reclama el pueblo Massai y los Sem\u00ednolas de EEUU. No importa qui\u00e9n sea la autor\u00eda, es una realidad. Desde el comienzo de la era industrial, el planeta ha venido sufriendo modificaciones, la mayor\u00eda de ellas nocivas para el ambiente. Es imperioso que, a trav\u00e9s de la cultura, se aprenda a respetar las leyes de la naturaleza y a remediar todo aquello que est\u00e1 da\u00f1ado. La cultura es fundamental para la defensa del ambiente.<\/p>\n<p>&nbsp;<\/p>\n<p><strong>Jueves 10 de noviembre, 19.00 horas<\/strong><\/p>\n<p><strong>Cultura, base de la democracia<\/strong><\/p>\n<p><strong>\u00bfEs posible la democracia sin cultura? \u00bfC\u00f3mo construimos una cultura democr\u00e1tica?<\/strong><\/p>\n<p>Ni el crecimiento econ\u00f3mico, ni los procesos de institucionalizaci\u00f3n podr\u00e1n afianzarse sin atender a la equidad social educativa y cultural. No hay desarrollo econ\u00f3mico sostenible sin ese mejoramiento social. No se podr\u00e1 consolidar la democracia sin el fortalecimiento de una cultura democr\u00e1tica. Se ver\u00e1 siempre amenazada si no se fortalecen desde todos los \u00e1mbitos y por todos los medios, en especial la educaci\u00f3n, sus imprescindibles virtudes para una arm\u00f3nica vida en sociedad. La cultura educa para la vida democr\u00e1tica, para la convivencia con los otros y el respeto al otro.<\/p>\n<h4><strong>Contacto:<\/strong> <a href=\"mailto:agenda@cari.org.ar\">agenda@cari.org.ar<\/a><\/h4>\n<h4><strong>M\u00e1s informaci\u00f3n:<\/strong> <a href=\"http:\/\/cari.org.ar\/cari\/agenda.html\" target=\"_blank\">http:\/\/cari.org.ar\/cari\/agenda.html<\/a><\/h4>\n","protected":false},"excerpt":{"rendered":"<p>Jueves 23 de junio, 19.00 horas La reflexi\u00f3n sobre cultura y desarrollo en el marco del Bicentenario Inicio del ciclo de conferencias \u201cLa reflexi\u00f3n sobre cultura y desarrollo en el marco del Bicentenario\u201d, organizado por el Comit\u00e9 de Cultura del CARI, con el auspicio de la UNESCO Presentaci\u00f3n: Adalberto Rodr\u00edguez Giavarini\u00a0\u00a0 Presidente del CARI Fr\u00e9d\u00e9ric &hellip; <\/p>\n<p><a class=\"more-link btn\" href=\"https:\/\/cebem.org\/?p=1121\">Seguir leyendo<\/a><\/p>\n","protected":false},"author":2,"featured_media":1123,"comment_status":"closed","ping_status":"closed","sticky":false,"template":"","format":"standard","meta":{"_jetpack_memberships_contains_paid_content":false,"footnotes":"","jetpack_publicize_message":"","jetpack_publicize_feature_enabled":true,"jetpack_social_post_already_shared":true,"jetpack_social_options":{"image_generator_settings":{"template":"highway","default_image_id":0,"font":"","enabled":false},"version":2}},"categories":[34],"tags":[42,13],"class_list":["post-1121","post","type-post","status-publish","format-standard","has-post-thumbnail","hentry","category-eventos","tag-boletin-5-junio-2016","tag-evento","item-wrap"],"jetpack_publicize_connections":[],"jetpack_featured_media_url":"https:\/\/i0.wp.com\/cebem.org\/wp-content\/uploads\/2016\/07\/logo-cari.jpg?fit=829%2C503&ssl=1","jetpack_sharing_enabled":true,"_links":{"self":[{"href":"https:\/\/cebem.org\/index.php?rest_route=\/wp\/v2\/posts\/1121","targetHints":{"allow":["GET"]}}],"collection":[{"href":"https:\/\/cebem.org\/index.php?rest_route=\/wp\/v2\/posts"}],"about":[{"href":"https:\/\/cebem.org\/index.php?rest_route=\/wp\/v2\/types\/post"}],"author":[{"embeddable":true,"href":"https:\/\/cebem.org\/index.php?rest_route=\/wp\/v2\/users\/2"}],"replies":[{"embeddable":true,"href":"https:\/\/cebem.org\/index.php?rest_route=%2Fwp%2Fv2%2Fcomments&post=1121"}],"version-history":[{"count":2,"href":"https:\/\/cebem.org\/index.php?rest_route=\/wp\/v2\/posts\/1121\/revisions"}],"predecessor-version":[{"id":1124,"href":"https:\/\/cebem.org\/index.php?rest_route=\/wp\/v2\/posts\/1121\/revisions\/1124"}],"wp:featuredmedia":[{"embeddable":true,"href":"https:\/\/cebem.org\/index.php?rest_route=\/wp\/v2\/media\/1123"}],"wp:attachment":[{"href":"https:\/\/cebem.org\/index.php?rest_route=%2Fwp%2Fv2%2Fmedia&parent=1121"}],"wp:term":[{"taxonomy":"category","embeddable":true,"href":"https:\/\/cebem.org\/index.php?rest_route=%2Fwp%2Fv2%2Fcategories&post=1121"},{"taxonomy":"post_tag","embeddable":true,"href":"https:\/\/cebem.org\/index.php?rest_route=%2Fwp%2Fv2%2Ftags&post=1121"}],"curies":[{"name":"wp","href":"https:\/\/api.w.org\/{rel}","templated":true}]}}