
{"id":11120,"date":"2022-07-19T11:01:22","date_gmt":"2022-07-19T15:01:22","guid":{"rendered":"https:\/\/cebem.org\/?p=11120"},"modified":"2022-07-19T11:01:24","modified_gmt":"2022-07-19T15:01:24","slug":"bolivia-junto-con-panama-y-paraguay-entro-en-default-ecologico-desde-julio","status":"publish","type":"post","link":"https:\/\/cebem.org\/?p=11120","title":{"rendered":"Bolivia junto con Panam\u00e1 y Paraguay entr\u00f3 en Default Ecol\u00f3gico desde Julio"},"content":{"rendered":"\n<p>El denominado D\u00eda de Sobregiro de la Tierra (del ingl\u00e9s <em>Earth Overshoot Day) <\/em>marca la fecha a partir de la cual, cada a\u00f1o, hemos consumido todos los recursos que la Tierra puede renovar para \u00e9se periodo. Desde el \u201cD\u00eda del Sobregiro de la Tierra\u201d hasta el final del a\u00f1o en curso, la humanidad estar\u00e1 funcionando con un \u201cgasto ecol\u00f3gico\u201d en forma deficitaria.<\/p>\n\n\n\n<p>El d\u00eda de Sobregiro, se calcula dividiendo la biocapacidad del planeta (la cantidad de recursos ecol\u00f3gicos que la Tierra puede generar ese a\u00f1o), por la Huella Ecol\u00f3gica de la humanidad (la demanda de la humanidad para ese a\u00f1o) y multiplicando por 365, el n\u00famero de d\u00edas en un a\u00f1o. (Sitio Overshootday, en l\u00ednea)<\/p>\n\n\n\n<p>Las m\u00e9tricas de la Huella Ecol\u00f3gica Global y la biocapacidad se calculan cada a\u00f1o en las Cuentas Nacionales de Huella y Biocapacidad. Usando estad\u00edsticas de la ONU, estas cuentas incorporan los datos m\u00e1s recientes y la metodolog\u00eda de contabilidad m\u00e1s actualizada (las Cuentas Nacionales de Huella y Biocapacidad Edici\u00f3n 2022 presentan datos de 2018). utilizando los datos m\u00e1s recientes de fuentes adicionales, como <a href=\"http:\/\/www.globalcarbonproject.org\/\" target=\"_blank\" rel=\"noreferrer noopener\">Global Carbon Project<\/a> . (Sitio Overshootday, en l\u00ednea)<\/p>\n\n\n\n<p>Las actividades que ejercen presi\u00f3n sobre las dimensiones y variables est\u00e1n asociadas a la deforestaci\u00f3n, sobrepesca, sobreexplotaci\u00f3n agr\u00edcola, y la quema de combustibles con el aumento de las emisiones.<\/p>\n\n\n\n<p>Cada pa\u00eds puede identificar su fecha de Sobregiro. As\u00ed durante el mes de Julio entraron en default Bolivia, Paraguay y Panam\u00e1. Durante el mes de junio entr\u00f3 en default Argentina y en el mes de mayo Chile. A nivel de Am\u00e9rica Latina los pa\u00edses que entran en default hacia fin de a\u00f1o, dando cuenta de mejores condiciones si comparamos este indicador con el resto de los pa\u00edses, ubican a Colombia, Guatemala, Cuba y El Salvador.<\/p>\n\n\n\n<p>Pueden observar los casos particulares y mayores detalles en la siguiente infograf\u00eda.<\/p>\n\n\n\n<figure class=\"wp-block-image size-full\"><img data-recalc-dims=\"1\" fetchpriority=\"high\" decoding=\"async\" width=\"750\" height=\"643\" src=\"https:\/\/i0.wp.com\/cebem.org\/wp-content\/uploads\/2022\/07\/image-2.png?resize=750%2C643&#038;ssl=1\" alt=\"\" class=\"wp-image-11143\" srcset=\"https:\/\/i0.wp.com\/cebem.org\/wp-content\/uploads\/2022\/07\/image-2.png?w=992&amp;ssl=1 992w, https:\/\/i0.wp.com\/cebem.org\/wp-content\/uploads\/2022\/07\/image-2.png?resize=300%2C257&amp;ssl=1 300w, https:\/\/i0.wp.com\/cebem.org\/wp-content\/uploads\/2022\/07\/image-2.png?resize=768%2C658&amp;ssl=1 768w, https:\/\/i0.wp.com\/cebem.org\/wp-content\/uploads\/2022\/07\/image-2.png?resize=600%2C514&amp;ssl=1 600w, https:\/\/i0.wp.com\/cebem.org\/wp-content\/uploads\/2022\/07\/image-2.png?resize=750%2C643&amp;ssl=1 750w\" sizes=\"(max-width: 750px) 100vw, 750px\" \/><\/figure>\n\n\n\n<p><strong>\u00bfQu\u00e9 ha venido sucediendo a lo largo del tiempo?<\/strong><\/p>\n\n\n\n<p>Como es de esperar conforme la din\u00e1mica de nuestras actividades, el d\u00eda del sobregiro de la tierra a nivel mundial, se adelanta. Por ejemplo en el a\u00f1o 2020 el d\u00eda se identific\u00f3 hacia finales de Agosto. Este a\u00f1o 2022, la fecha a nivel mundial se establece para el 28 de Julio, casi un mes antes comparado con el 2020.&nbsp;<\/p>\n\n\n\n<figure class=\"wp-block-image\"><img decoding=\"async\" src=\"https:\/\/lh3.googleusercontent.com\/RWDogk8L3zl9A0Rqi4lSaw85qw8ek_WWOzFOX4Gp5Vek7t9UHA-LzWvv7qyplHkQy_jU7JvCpEMLhbjpUpG_klfrJ4EqUMEAVvPr1oW1xLl7XJrF_EJswujLuDHgHZPzE75y8qlB_zWLYwpjaJVayNE\" alt=\"\"\/><\/figure>\n\n\n\n<p><strong>Fuentes consultadas:<\/strong><\/p>\n\n\n\n<ul class=\"wp-block-list\"><li>SITIO OVERSHOOTDAY. Este a\u00f1o, el D\u00eda del Sobregiro de la Tierra se celebra el 28 de julio.\u00a0 <a href=\"https:\/\/www.overshootday.org\/\" target=\"_blank\" rel=\"noreferrer noopener\">https:\/\/www.overshootday.org\/<\/a><\/li><\/ul>\n\n\n\n<p>*Texto desarrollado por Lorena G. Coria en el marco del Proyecto Observatorio Ambiental CEBEM REDESMA. 2022<\/p>\n","protected":false},"excerpt":{"rendered":"<p>El D\u00eda de Sobregiro de la Tierra marca la fecha a partir de la cual, cada a\u00f1o, hemos consumido todos los recursos que la Tierra puede renovar para \u00e9se periodo.<\/p>\n","protected":false},"author":14,"featured_media":11143,"comment_status":"closed","ping_status":"closed","sticky":false,"template":"","format":"standard","meta":{"_jetpack_memberships_contains_paid_content":false,"footnotes":"","jetpack_publicize_message":"","jetpack_publicize_feature_enabled":true,"jetpack_social_post_already_shared":true,"jetpack_social_options":{"image_generator_settings":{"template":"highway","default_image_id":0,"font":"","enabled":false},"version":2}},"categories":[1],"tags":[1034,1478],"class_list":["post-11120","post","type-post","status-publish","format-standard","has-post-thumbnail","hentry","category-noticias","tag-educacion-ambiental","tag-observatorio-ambiental-cebem-redesma","item-wrap"],"jetpack_publicize_connections":[],"jetpack_featured_media_url":"https:\/\/i0.wp.com\/cebem.org\/wp-content\/uploads\/2022\/07\/image-2.png?fit=992%2C850&ssl=1","jetpack_sharing_enabled":true,"_links":{"self":[{"href":"https:\/\/cebem.org\/index.php?rest_route=\/wp\/v2\/posts\/11120","targetHints":{"allow":["GET"]}}],"collection":[{"href":"https:\/\/cebem.org\/index.php?rest_route=\/wp\/v2\/posts"}],"about":[{"href":"https:\/\/cebem.org\/index.php?rest_route=\/wp\/v2\/types\/post"}],"author":[{"embeddable":true,"href":"https:\/\/cebem.org\/index.php?rest_route=\/wp\/v2\/users\/14"}],"replies":[{"embeddable":true,"href":"https:\/\/cebem.org\/index.php?rest_route=%2Fwp%2Fv2%2Fcomments&post=11120"}],"version-history":[{"count":4,"href":"https:\/\/cebem.org\/index.php?rest_route=\/wp\/v2\/posts\/11120\/revisions"}],"predecessor-version":[{"id":11144,"href":"https:\/\/cebem.org\/index.php?rest_route=\/wp\/v2\/posts\/11120\/revisions\/11144"}],"wp:featuredmedia":[{"embeddable":true,"href":"https:\/\/cebem.org\/index.php?rest_route=\/wp\/v2\/media\/11143"}],"wp:attachment":[{"href":"https:\/\/cebem.org\/index.php?rest_route=%2Fwp%2Fv2%2Fmedia&parent=11120"}],"wp:term":[{"taxonomy":"category","embeddable":true,"href":"https:\/\/cebem.org\/index.php?rest_route=%2Fwp%2Fv2%2Fcategories&post=11120"},{"taxonomy":"post_tag","embeddable":true,"href":"https:\/\/cebem.org\/index.php?rest_route=%2Fwp%2Fv2%2Ftags&post=11120"}],"curies":[{"name":"wp","href":"https:\/\/api.w.org\/{rel}","templated":true}]}}