
{"id":11005,"date":"2022-06-29T09:53:00","date_gmt":"2022-06-29T13:53:00","guid":{"rendered":"https:\/\/cebem.org\/?p=11005"},"modified":"2022-07-04T12:32:24","modified_gmt":"2022-07-04T16:32:24","slug":"invitacion-seminario-presencial-censo-nacional-2022","status":"publish","type":"post","link":"https:\/\/cebem.org\/?p=11005","title":{"rendered":"Invitaci\u00f3n Seminario Presencial Censo Nacional 2022"},"content":{"rendered":"\n<p>El Instituto de Investigaciones en Ciencia Pol\u00edtica invita a la comunidad docente  estudiantil facultativa al Seminario:<\/p>\n\n\n\n<h4 class=\"has-text-align-center wp-block-heading\">El Proceso del Censo Nacional de Poblaci\u00f3n y vivienda 2022 en Bolivia<\/h4>\n\n\n\n<p><strong>Exponen:<\/strong><\/p>\n\n\n\n<p><strong>Dr. Mario Galindo Soza \u2013<\/strong> Coordinador Ruta por el Censo 2022<\/p>\n\n\n\n<p><strong>Lic. Rodrigo Paz Pereira \u2013<\/strong> Senador, Presidente de la Comisi\u00f3n de Naciones y Pueblos Ind\u00edgenas Originario Campesinos e Interculturalidad.<\/p>\n\n\n\n<p><strong>Lic. Juan Carlos Nu\u00f1es Vidaurre \u2013<\/strong> Director Fundaci\u00f3n JUBILEO<\/p>\n\n\n\n<p><strong>Fecha:<\/strong> 30 de junio de 2022<\/p>\n\n\n\n<p><strong>Lugar: <\/strong>Paraninfo Facultad de Derecho y Ciencias Pol\u00edticas<\/p>\n\n\n\n<p><strong>Hora: <\/strong>18:30<\/p>\n\n\n\n<h4 class=\"wp-block-heading\">SE OTORGAR\u00c1N CERTIFICADOS CON CARGA HORARIA.<\/h4>\n\n\n\n<p><strong>Fuente:<\/strong> <a rel=\"noreferrer noopener\" href=\"https:\/\/www.facebook.com\/CienciaPoliticaOficial\/photos\/a.1010333802333001\/5634371446595857\" target=\"_blank\">Facebook Ciencia Pol\u00edtica Y Gesti\u00f3n P\u00fablica<\/a><\/p>\n\n\n<div class=\"wp-block-image\">\n<figure class=\"aligncenter size-full is-resized\"><a href=\"https:\/\/www.facebook.com\/watch\/live\/?ref=watch_permalink&amp;v=1225226604936195\" target=\"_blank\" rel=\"noreferrer noopener\"><img data-recalc-dims=\"1\" decoding=\"async\" src=\"https:\/\/i0.wp.com\/cebem.org\/wp-content\/uploads\/2022\/06\/logo-video.png?resize=100%2C100&#038;ssl=1\" alt=\"\" class=\"wp-image-10976\" width=\"100\" height=\"100\" srcset=\"https:\/\/i0.wp.com\/cebem.org\/wp-content\/uploads\/2022\/06\/logo-video.png?w=200&amp;ssl=1 200w, https:\/\/i0.wp.com\/cebem.org\/wp-content\/uploads\/2022\/06\/logo-video.png?resize=150%2C150&amp;ssl=1 150w\" sizes=\"(max-width: 100px) 100vw, 100px\" \/><\/a><figcaption>Clic para ver el video del seminario<\/figcaption><\/figure>\n<\/div>","protected":false},"excerpt":{"rendered":"<p>Ser\u00e1 el 30 de junio a horas 18:30, en el Paraninfo de la Facultad de Derecho y Ciencias Polit\u00edcas de la UMSA<\/p>\n","protected":false},"author":2,"featured_media":11006,"comment_status":"closed","ping_status":"closed","sticky":false,"template":"","format":"standard","meta":{"_jetpack_memberships_contains_paid_content":false,"footnotes":"","jetpack_publicize_message":"","jetpack_publicize_feature_enabled":false,"jetpack_social_post_already_shared":true,"jetpack_social_options":{"image_generator_settings":{"template":"highway","default_image_id":0,"font":"","enabled":false},"version":2}},"categories":[1543],"tags":[1544,19],"class_list":["post-11005","post","type-post","status-publish","format-standard","has-post-thumbnail","hentry","category-rutacenso","tag-la-ruta-del-censo-2022","tag-seminario","item-wrap"],"jetpack_publicize_connections":[],"jetpack_featured_media_url":"https:\/\/i0.wp.com\/cebem.org\/wp-content\/uploads\/2022\/06\/seminario-censo-ruta-30junio.jpeg?fit=1280%2C958&ssl=1","jetpack_sharing_enabled":true,"_links":{"self":[{"href":"https:\/\/cebem.org\/index.php?rest_route=\/wp\/v2\/posts\/11005","targetHints":{"allow":["GET"]}}],"collection":[{"href":"https:\/\/cebem.org\/index.php?rest_route=\/wp\/v2\/posts"}],"about":[{"href":"https:\/\/cebem.org\/index.php?rest_route=\/wp\/v2\/types\/post"}],"author":[{"embeddable":true,"href":"https:\/\/cebem.org\/index.php?rest_route=\/wp\/v2\/users\/2"}],"replies":[{"embeddable":true,"href":"https:\/\/cebem.org\/index.php?rest_route=%2Fwp%2Fv2%2Fcomments&post=11005"}],"version-history":[{"count":4,"href":"https:\/\/cebem.org\/index.php?rest_route=\/wp\/v2\/posts\/11005\/revisions"}],"predecessor-version":[{"id":11064,"href":"https:\/\/cebem.org\/index.php?rest_route=\/wp\/v2\/posts\/11005\/revisions\/11064"}],"wp:featuredmedia":[{"embeddable":true,"href":"https:\/\/cebem.org\/index.php?rest_route=\/wp\/v2\/media\/11006"}],"wp:attachment":[{"href":"https:\/\/cebem.org\/index.php?rest_route=%2Fwp%2Fv2%2Fmedia&parent=11005"}],"wp:term":[{"taxonomy":"category","embeddable":true,"href":"https:\/\/cebem.org\/index.php?rest_route=%2Fwp%2Fv2%2Fcategories&post=11005"},{"taxonomy":"post_tag","embeddable":true,"href":"https:\/\/cebem.org\/index.php?rest_route=%2Fwp%2Fv2%2Ftags&post=11005"}],"curies":[{"name":"wp","href":"https:\/\/api.w.org\/{rel}","templated":true}]}}