
{"id":10844,"date":"2022-06-28T12:05:01","date_gmt":"2022-06-28T16:05:01","guid":{"rendered":"https:\/\/cebem.org\/?p=10844"},"modified":"2022-10-11T14:04:26","modified_gmt":"2022-10-11T18:04:26","slug":"las-resenas-de-la-semana-del-ambiente-de-redesma","status":"publish","type":"post","link":"https:\/\/cebem.org\/?p=10844","title":{"rendered":"Las rese\u00f1as de la \u00abSemana del Ambiente de REDESMA\u00bb"},"content":{"rendered":"\n<p>REDESMA organiz\u00f3 la \u201cSemana del Ambiente 2022\u201d de forma virtual&nbsp; durante los d\u00edas 5 al 10 de junio, a los fines de realizar una contribuci\u00f3n y poner en agenda los temas ambientales en sinton\u00eda con el lema definido para este a\u00f1o por parte de Naciones Unidas \u201cUna Sola Tierra.\u201d <\/p>\n\n\n\n<p>As\u00ed se desarrollaron una serie de actividades gratuitas a partir de las facilidades que ofrecen las TIC. Se avanz\u00f3 en la organizaci\u00f3n de una serie de actividades en formato de conversatorios, videos de especialistas, presentaci\u00f3n de resultados de proyectos de CEBEM y el lanzamiento del IV Congreso Virtual de Ambiente y Desarrollo Sustentable impulsado por CEBEM y REDESMA en alianza con otras instituciones para el a\u00f1o 2023.<\/p>\n\n\n\n<p>Durante \u00e9sa semana compartimos las reflexiones del Msc. Jos\u00e9 Blanes (desde Bolivia) ex-director de CEBEM y Coordinador Nacional de REDESMA por Bolivia. Se sum\u00f3 la presentaci\u00f3n del Dr. Luis Escobar Blanco de la Universidad Nacional de Cuyo (Argentina)&nbsp; y de Lic. Norma Faitani de la Universidad Nacional de General Sarmiento (Argentina) avanzando sobre los indicadores de sustentabilidad.&nbsp;<\/p>\n\n\n\n<figure class=\"wp-block-image size-full\"><img data-recalc-dims=\"1\" fetchpriority=\"high\" decoding=\"async\" width=\"750\" height=\"219\" src=\"https:\/\/i0.wp.com\/cebem.org\/wp-content\/uploads\/2022\/06\/image-3.png?resize=750%2C219&#038;ssl=1\" alt=\"\" class=\"wp-image-10934\" srcset=\"https:\/\/i0.wp.com\/cebem.org\/wp-content\/uploads\/2022\/06\/image-3.png?w=875&amp;ssl=1 875w, https:\/\/i0.wp.com\/cebem.org\/wp-content\/uploads\/2022\/06\/image-3.png?resize=300%2C88&amp;ssl=1 300w, https:\/\/i0.wp.com\/cebem.org\/wp-content\/uploads\/2022\/06\/image-3.png?resize=768%2C225&amp;ssl=1 768w, https:\/\/i0.wp.com\/cebem.org\/wp-content\/uploads\/2022\/06\/image-3.png?resize=600%2C176&amp;ssl=1 600w, https:\/\/i0.wp.com\/cebem.org\/wp-content\/uploads\/2022\/06\/image-3.png?resize=750%2C219&amp;ssl=1 750w\" sizes=\"(max-width: 750px) 100vw, 750px\" \/><\/figure>\n\n\n\n<figure class=\"wp-block-image size-full\"><img data-recalc-dims=\"1\" decoding=\"async\" width=\"750\" height=\"213\" src=\"https:\/\/i0.wp.com\/cebem.org\/wp-content\/uploads\/2022\/06\/image-4.png?resize=750%2C213&#038;ssl=1\" alt=\"\" class=\"wp-image-10935\" srcset=\"https:\/\/i0.wp.com\/cebem.org\/wp-content\/uploads\/2022\/06\/image-4.png?w=871&amp;ssl=1 871w, https:\/\/i0.wp.com\/cebem.org\/wp-content\/uploads\/2022\/06\/image-4.png?resize=300%2C85&amp;ssl=1 300w, https:\/\/i0.wp.com\/cebem.org\/wp-content\/uploads\/2022\/06\/image-4.png?resize=768%2C218&amp;ssl=1 768w, https:\/\/i0.wp.com\/cebem.org\/wp-content\/uploads\/2022\/06\/image-4.png?resize=600%2C170&amp;ssl=1 600w, https:\/\/i0.wp.com\/cebem.org\/wp-content\/uploads\/2022\/06\/image-4.png?resize=750%2C213&amp;ssl=1 750w\" sizes=\"(max-width: 750px) 100vw, 750px\" \/><\/figure>\n\n\n\n<p>Tambi\u00e9n participaron la Dra. Mar\u00eda Rojas Valencia (M\u00e9xico) con tres videos de s\u00edntesis de sus actividades y proyectos ambientales vinculados a diferentes tipos de residuos. Se sumaron los aportes de la Dra. Tatiana Aguilar Torrico (Bolivia) avanzando sobre los temas de \u201cProspectiva Ecofeminista\u201d y Prof. Yajaira Olivo Carmona (Venezuela) en lo referido a la gesti\u00f3n de \u00e1reas protegidas.<\/p>\n\n\n\n<figure class=\"wp-block-image size-full\"><img data-recalc-dims=\"1\" decoding=\"async\" width=\"750\" height=\"211\" src=\"https:\/\/i0.wp.com\/cebem.org\/wp-content\/uploads\/2022\/06\/image-5.png?resize=750%2C211&#038;ssl=1\" alt=\"\" class=\"wp-image-10936\" srcset=\"https:\/\/i0.wp.com\/cebem.org\/wp-content\/uploads\/2022\/06\/image-5.png?w=873&amp;ssl=1 873w, https:\/\/i0.wp.com\/cebem.org\/wp-content\/uploads\/2022\/06\/image-5.png?resize=300%2C85&amp;ssl=1 300w, https:\/\/i0.wp.com\/cebem.org\/wp-content\/uploads\/2022\/06\/image-5.png?resize=768%2C216&amp;ssl=1 768w, https:\/\/i0.wp.com\/cebem.org\/wp-content\/uploads\/2022\/06\/image-5.png?resize=600%2C169&amp;ssl=1 600w, https:\/\/i0.wp.com\/cebem.org\/wp-content\/uploads\/2022\/06\/image-5.png?resize=750%2C211&amp;ssl=1 750w\" sizes=\"(max-width: 750px) 100vw, 750px\" \/><\/figure>\n\n\n\n<figure class=\"wp-block-image size-full\"><img data-recalc-dims=\"1\" loading=\"lazy\" decoding=\"async\" width=\"750\" height=\"214\" src=\"https:\/\/i0.wp.com\/cebem.org\/wp-content\/uploads\/2022\/06\/image-6.png?resize=750%2C214&#038;ssl=1\" alt=\"\" class=\"wp-image-10937\" srcset=\"https:\/\/i0.wp.com\/cebem.org\/wp-content\/uploads\/2022\/06\/image-6.png?w=870&amp;ssl=1 870w, https:\/\/i0.wp.com\/cebem.org\/wp-content\/uploads\/2022\/06\/image-6.png?resize=300%2C86&amp;ssl=1 300w, https:\/\/i0.wp.com\/cebem.org\/wp-content\/uploads\/2022\/06\/image-6.png?resize=768%2C219&amp;ssl=1 768w, https:\/\/i0.wp.com\/cebem.org\/wp-content\/uploads\/2022\/06\/image-6.png?resize=600%2C171&amp;ssl=1 600w, https:\/\/i0.wp.com\/cebem.org\/wp-content\/uploads\/2022\/06\/image-6.png?resize=750%2C214&amp;ssl=1 750w\" sizes=\"(max-width: 750px) 100vw, 750px\" \/><\/figure>\n\n\n\n<p>Un tercer grupo de presentaciones vienen de la mano de WWF, ENDev Bolivia y GTZ que nos acercaron las presentaciones institucionales que resumen sus contribuciones en el \u00e1rea y los resultados y avances de los proyectos \u201c33 Mujeres de Corma producen hortalizas de calidad aprovechando la energ\u00eda solar \u00ab,&nbsp; \u00abEnerg\u00eda para usos productivos\u00bb presenta: 438 productores y productoras aplican bombeo solar como estrategia de adaptaci\u00f3n al Cambio Clim\u00e1tico\u00bb&nbsp; y \u201cPaisajes resilientes para sociedad resilientes.\u201d<\/p>\n\n\n\n<figure class=\"wp-block-image size-full\"><img data-recalc-dims=\"1\" loading=\"lazy\" decoding=\"async\" width=\"750\" height=\"209\" src=\"https:\/\/i0.wp.com\/cebem.org\/wp-content\/uploads\/2022\/06\/image-7.png?resize=750%2C209&#038;ssl=1\" alt=\"\" class=\"wp-image-10938\" srcset=\"https:\/\/i0.wp.com\/cebem.org\/wp-content\/uploads\/2022\/06\/image-7.png?w=876&amp;ssl=1 876w, https:\/\/i0.wp.com\/cebem.org\/wp-content\/uploads\/2022\/06\/image-7.png?resize=300%2C84&amp;ssl=1 300w, https:\/\/i0.wp.com\/cebem.org\/wp-content\/uploads\/2022\/06\/image-7.png?resize=768%2C214&amp;ssl=1 768w, https:\/\/i0.wp.com\/cebem.org\/wp-content\/uploads\/2022\/06\/image-7.png?resize=600%2C167&amp;ssl=1 600w, https:\/\/i0.wp.com\/cebem.org\/wp-content\/uploads\/2022\/06\/image-7.png?resize=750%2C209&amp;ssl=1 750w\" sizes=\"(max-width: 750px) 100vw, 750px\" \/><\/figure>\n\n\n\n<figure class=\"wp-block-image size-full\"><img data-recalc-dims=\"1\" loading=\"lazy\" decoding=\"async\" width=\"750\" height=\"219\" src=\"https:\/\/i0.wp.com\/cebem.org\/wp-content\/uploads\/2022\/06\/image-8.png?resize=750%2C219&#038;ssl=1\" alt=\"\" class=\"wp-image-10939\" srcset=\"https:\/\/i0.wp.com\/cebem.org\/wp-content\/uploads\/2022\/06\/image-8.png?w=874&amp;ssl=1 874w, https:\/\/i0.wp.com\/cebem.org\/wp-content\/uploads\/2022\/06\/image-8.png?resize=300%2C88&amp;ssl=1 300w, https:\/\/i0.wp.com\/cebem.org\/wp-content\/uploads\/2022\/06\/image-8.png?resize=768%2C224&amp;ssl=1 768w, https:\/\/i0.wp.com\/cebem.org\/wp-content\/uploads\/2022\/06\/image-8.png?resize=600%2C175&amp;ssl=1 600w, https:\/\/i0.wp.com\/cebem.org\/wp-content\/uploads\/2022\/06\/image-8.png?resize=750%2C219&amp;ssl=1 750w\" sizes=\"(max-width: 750px) 100vw, 750px\" \/><\/figure>\n\n\n\n<p>Finalmente se present\u00f3 la primera serie de infograf\u00edas interactivas que responden al Proyecto del Observatorio Ambiental del CEBEM REDESMA a cargo de Mg. Lorena G Coria&nbsp; y del equipo formado por Natalia Salas Rojas y Estefan\u00eda Molina Ayala.  Esta serie ofrece la informaci\u00f3n ambiental sistematiza en el marco de infograf\u00edas interactivas sobre la situaci\u00f3n en 20 pa\u00edses acerca de: ley marco ambiental, ley de acceso a la informaci\u00f3n ambiental, el marco institucional, ley de residuos industriales, residuos peligrosos y residuos s\u00f3lidos urbanos y las leyes de cambio clim\u00e1tico y riesgo de desastre.  Cada trimestre iremos sumando nueva informaci\u00f3n al sitio. <\/p>\n\n\n\n<p>Pueden acceder al micrositio aqu\u00ed.&nbsp;<\/p>\n\n\n<div class=\"wp-block-image\">\n<figure class=\"aligncenter size-full\"><a href=\"https:\/\/cebem.org\/?page_id=10810\" target=\"_blank\" rel=\"noreferrer noopener\"><img data-recalc-dims=\"1\" loading=\"lazy\" decoding=\"async\" width=\"257\" height=\"214\" src=\"https:\/\/i0.wp.com\/cebem.org\/wp-content\/uploads\/2022\/06\/image-9.png?resize=257%2C214&#038;ssl=1\" alt=\"\" class=\"wp-image-10940\"\/><\/a><figcaption>clic en la imagen<\/figcaption><\/figure>\n<\/div>\n\n\n<p>Para todo lo mencionado se armo un sitio al que pueden acceder desde el siguiente enlace:<\/p>\n\n\n\n<p><a href=\"https:\/\/congresos.cebem.org\/semana-del-ambiente\/\" target=\"_blank\" rel=\"noreferrer noopener\">https:\/\/congresos.cebem.org\/semana-del-ambiente\/<\/a><\/p>\n\n\n\n<p>*Texto desarrollado por Lorena G. Coria en el marco del Proyecto Observatorio Ambiental CEBEM REDESMA. 2022<\/p>\n","protected":false},"excerpt":{"rendered":"<p>REDESMA organiz\u00f3 la \u201cSemana del Ambiente 2022\u201d de forma virtual\u00a0 durante los d\u00edas 5 al 10 de junio, a los fines de realizar una contribuci\u00f3n y poner en agenda los temas ambientales en sinton\u00eda con el lema definido para este a\u00f1o por parte de Naciones Unidas \u201cUna Sola Tierra\u201d<\/p>\n","protected":false},"author":14,"featured_media":10992,"comment_status":"closed","ping_status":"closed","sticky":false,"template":"","format":"standard","meta":{"_jetpack_memberships_contains_paid_content":false,"footnotes":"","jetpack_publicize_message":"","jetpack_publicize_feature_enabled":true,"jetpack_social_post_already_shared":true,"jetpack_social_options":{"image_generator_settings":{"template":"highway","default_image_id":0,"font":"","enabled":false},"version":2}},"categories":[1],"tags":[1774,1478,1389],"class_list":["post-10844","post","type-post","status-publish","format-standard","has-post-thumbnail","hentry","category-noticias","tag-educacion-ambiental-2","tag-observatorio-ambiental-cebem-redesma","tag-redesma","item-wrap"],"jetpack_publicize_connections":[],"jetpack_featured_media_url":"https:\/\/i0.wp.com\/cebem.org\/wp-content\/uploads\/2022\/06\/que-paso-en_la_semana-ambiental-redesma.jpg?fit=1200%2C630&ssl=1","jetpack_sharing_enabled":true,"_links":{"self":[{"href":"https:\/\/cebem.org\/index.php?rest_route=\/wp\/v2\/posts\/10844","targetHints":{"allow":["GET"]}}],"collection":[{"href":"https:\/\/cebem.org\/index.php?rest_route=\/wp\/v2\/posts"}],"about":[{"href":"https:\/\/cebem.org\/index.php?rest_route=\/wp\/v2\/types\/post"}],"author":[{"embeddable":true,"href":"https:\/\/cebem.org\/index.php?rest_route=\/wp\/v2\/users\/14"}],"replies":[{"embeddable":true,"href":"https:\/\/cebem.org\/index.php?rest_route=%2Fwp%2Fv2%2Fcomments&post=10844"}],"version-history":[{"count":4,"href":"https:\/\/cebem.org\/index.php?rest_route=\/wp\/v2\/posts\/10844\/revisions"}],"predecessor-version":[{"id":10987,"href":"https:\/\/cebem.org\/index.php?rest_route=\/wp\/v2\/posts\/10844\/revisions\/10987"}],"wp:featuredmedia":[{"embeddable":true,"href":"https:\/\/cebem.org\/index.php?rest_route=\/wp\/v2\/media\/10992"}],"wp:attachment":[{"href":"https:\/\/cebem.org\/index.php?rest_route=%2Fwp%2Fv2%2Fmedia&parent=10844"}],"wp:term":[{"taxonomy":"category","embeddable":true,"href":"https:\/\/cebem.org\/index.php?rest_route=%2Fwp%2Fv2%2Fcategories&post=10844"},{"taxonomy":"post_tag","embeddable":true,"href":"https:\/\/cebem.org\/index.php?rest_route=%2Fwp%2Fv2%2Ftags&post=10844"}],"curies":[{"name":"wp","href":"https:\/\/api.w.org\/{rel}","templated":true}]}}