
{"id":10841,"date":"2022-06-10T16:52:00","date_gmt":"2022-06-10T20:52:00","guid":{"rendered":"https:\/\/cebem.org\/?p=10841"},"modified":"2022-06-29T12:18:54","modified_gmt":"2022-06-29T16:18:54","slug":"firma-de-convenio-con-la-camara-nacional-de-comercio-cnc","status":"publish","type":"post","link":"https:\/\/cebem.org\/?p=10841","title":{"rendered":"Firma de convenio con la C\u00e1mara Nacional de Comercio (CNC)"},"content":{"rendered":"\n<p>CEBEM y CNC firman convenio rumbo al Censo 2022.<br>El Centro Boliviano de Estudios Multidisciplinarios (Cebem) y la C\u00e1mara Nacional de Comercio (CNC) firmaron un convenio para bridar apoyo t\u00e9cnico en la realizaci\u00f3n del Censo 2022. El director de la CNC, Mario Paredes, se\u00f1al\u00f3 que el objetivo es utilizar los resultados del proceso para planificar actividades dentro del empresariado privado.<\/p>\n\n\n\n<iframe src=\"https:\/\/www.facebook.com\/plugins\/video.php?height=314&#038;href=https%3A%2F%2Fwww.facebook.com%2FEstudioAbiertoATB%2Fvideos%2F542073657570016%2F&#038;show_text=false&#038;width=560&#038;t=0\" width=\"560\" height=\"314\" style=\"border:none;overflow:hidden\" scrolling=\"no\" frameborder=\"0\" allowfullscreen=\"true\" allow=\"autoplay; clipboard-write; encrypted-media; picture-in-picture; web-share\" allowFullScreen=\"true\"><\/iframe>\n\n\n\n<p><strong>Fuente video: <\/strong><a rel=\"noreferrer noopener\" href=\"https:\/\/www.facebook.com\/EstudioAbiertoATB\/videos\/542073657570016\" target=\"_blank\">ATB<\/a><\/p>\n\n\n\n<h3 class=\"wp-block-heading\">Documento firmado:<\/h3>\n\n\n\n<div data-wp-interactive=\"core\/file\" class=\"wp-block-file\"><object data-wp-bind--hidden=\"!state.hasPdfPreview\" hidden class=\"wp-block-file__embed\" data=\"https:\/\/cebem.org\/wp-content\/uploads\/2022\/06\/10-06-Convenio-con-la-Camara-Nacional-de-Comercio.pdf\" type=\"application\/pdf\" style=\"width:100%;height:500px\" aria-label=\"Incrustado de Incrustado de Convenio con la Camara Nacional de Comercio..\"><\/object><a id=\"wp-block-file--media-9a588d00-c9a7-4c88-9302-d8ff6df4808d\" href=\"https:\/\/cebem.org\/wp-content\/uploads\/2022\/06\/10-06-Convenio-con-la-Camara-Nacional-de-Comercio.pdf\" target=\"_blank\" rel=\"noreferrer noopener\">Convenio con la Camara Nacional de Comercio<\/a><a href=\"https:\/\/cebem.org\/wp-content\/uploads\/2022\/06\/10-06-Convenio-con-la-Camara-Nacional-de-Comercio.pdf\" class=\"wp-block-file__button\" download aria-describedby=\"wp-block-file--media-9a588d00-c9a7-4c88-9302-d8ff6df4808d\">Descarga<\/a><\/div>\n","protected":false},"excerpt":{"rendered":"<p>CEBEM y CNC firman convenio rumbo al Censo 2022.<\/p>\n","protected":false},"author":2,"featured_media":10842,"comment_status":"closed","ping_status":"closed","sticky":false,"template":"","format":"standard","meta":{"_jetpack_memberships_contains_paid_content":false,"footnotes":"","jetpack_publicize_message":"","jetpack_publicize_feature_enabled":false,"jetpack_social_post_already_shared":true,"jetpack_social_options":{"image_generator_settings":{"template":"highway","default_image_id":0,"font":"","enabled":false},"version":2}},"categories":[1543],"tags":[1544],"class_list":["post-10841","post","type-post","status-publish","format-standard","has-post-thumbnail","hentry","category-rutacenso","tag-la-ruta-del-censo-2022","item-wrap"],"jetpack_publicize_connections":[],"jetpack_featured_media_url":"https:\/\/i0.wp.com\/cebem.org\/wp-content\/uploads\/2022\/06\/cebem-cnc-convenio.jpg?fit=1280%2C719&ssl=1","jetpack_sharing_enabled":true,"_links":{"self":[{"href":"https:\/\/cebem.org\/index.php?rest_route=\/wp\/v2\/posts\/10841","targetHints":{"allow":["GET"]}}],"collection":[{"href":"https:\/\/cebem.org\/index.php?rest_route=\/wp\/v2\/posts"}],"about":[{"href":"https:\/\/cebem.org\/index.php?rest_route=\/wp\/v2\/types\/post"}],"author":[{"embeddable":true,"href":"https:\/\/cebem.org\/index.php?rest_route=\/wp\/v2\/users\/2"}],"replies":[{"embeddable":true,"href":"https:\/\/cebem.org\/index.php?rest_route=%2Fwp%2Fv2%2Fcomments&post=10841"}],"version-history":[{"count":2,"href":"https:\/\/cebem.org\/index.php?rest_route=\/wp\/v2\/posts\/10841\/revisions"}],"predecessor-version":[{"id":11001,"href":"https:\/\/cebem.org\/index.php?rest_route=\/wp\/v2\/posts\/10841\/revisions\/11001"}],"wp:featuredmedia":[{"embeddable":true,"href":"https:\/\/cebem.org\/index.php?rest_route=\/wp\/v2\/media\/10842"}],"wp:attachment":[{"href":"https:\/\/cebem.org\/index.php?rest_route=%2Fwp%2Fv2%2Fmedia&parent=10841"}],"wp:term":[{"taxonomy":"category","embeddable":true,"href":"https:\/\/cebem.org\/index.php?rest_route=%2Fwp%2Fv2%2Fcategories&post=10841"},{"taxonomy":"post_tag","embeddable":true,"href":"https:\/\/cebem.org\/index.php?rest_route=%2Fwp%2Fv2%2Ftags&post=10841"}],"curies":[{"name":"wp","href":"https:\/\/api.w.org\/{rel}","templated":true}]}}