
{"id":10781,"date":"2022-06-09T20:04:35","date_gmt":"2022-06-10T00:04:35","guid":{"rendered":"https:\/\/cebem.org\/?p=10781"},"modified":"2022-06-24T09:55:14","modified_gmt":"2022-06-24T13:55:14","slug":"iniciamos-la-semana-del-ambiente-2022-unasolatierra-redesma","status":"publish","type":"post","link":"https:\/\/cebem.org\/?p=10781","title":{"rendered":"Iniciamos la Semana del Ambiente 2022 #unasolatierra #redesma"},"content":{"rendered":"\n<p>La semana del Ambiente 2022 es una actividad organizada por REDESMA.<\/p>\n\n\n\n<p>Se organiza bajo el lema del D\u00eda Mundial del Medio Ambiente&nbsp; (5 de Junio) que para este a\u00f1o ha sido definido por Naciones Unidas como \u201c<em>Una Sola Tierra<\/em>\u201d rememorado el tema instalado en la Conferencia&nbsp; de Naciones Unidas sobre Medio Humano en&nbsp; Estocolmo de 1972.<\/p>\n\n\n\n<p>En 2022 se cumplen 50 a\u00f1os de la designaci\u00f3n del 5 de junio como D\u00eda Mundial del Medio Ambiente en la cual se acord\u00f3 tambi\u00e9n el establecimiento del PNUMA.<\/p>\n\n\n\n<p>&nbsp;\u201c<em>Una sola Tierra<\/em>\u201d fue el lema de esa conferencia celebrada en 1972 y, 50 a\u00f1os despu\u00e9s, sigue vigente: este planeta es nuestro \u00fanico hogar y es responsabilidad de la humanidad salvaguardar sus recursos finitos. La consigna \u201c<em>Una sola Tierra<\/em>\u201d destaca la necesidad de vivir de forma sostenible, en armon\u00eda con la naturaleza, a trav\u00e9s de cambios sustanciales impulsados por pol\u00edticas y elecciones cotidianas que nos gu\u00eden hacia estilos de vida m\u00e1s limpios y ecol\u00f3gicos. (ONU, en l\u00ednea)<\/p>\n\n\n\n<figure class=\"wp-block-image size-large\"><img data-recalc-dims=\"1\" fetchpriority=\"high\" decoding=\"async\" width=\"750\" height=\"244\" src=\"https:\/\/i0.wp.com\/cebem.org\/wp-content\/uploads\/2022\/06\/image-1.png?resize=750%2C244&#038;ssl=1\" alt=\"\" class=\"wp-image-10784\" srcset=\"https:\/\/i0.wp.com\/cebem.org\/wp-content\/uploads\/2022\/06\/image-1.png?resize=1024%2C333&amp;ssl=1 1024w, https:\/\/i0.wp.com\/cebem.org\/wp-content\/uploads\/2022\/06\/image-1.png?resize=300%2C98&amp;ssl=1 300w, https:\/\/i0.wp.com\/cebem.org\/wp-content\/uploads\/2022\/06\/image-1.png?resize=768%2C250&amp;ssl=1 768w, https:\/\/i0.wp.com\/cebem.org\/wp-content\/uploads\/2022\/06\/image-1.png?resize=600%2C195&amp;ssl=1 600w, https:\/\/i0.wp.com\/cebem.org\/wp-content\/uploads\/2022\/06\/image-1.png?resize=750%2C244&amp;ssl=1 750w, https:\/\/i0.wp.com\/cebem.org\/wp-content\/uploads\/2022\/06\/image-1.png?w=1290&amp;ssl=1 1290w\" sizes=\"(max-width: 750px) 100vw, 750px\" \/><\/figure>\n\n\n\n<p>Bajo este lema se contin\u00faan promoviendo los cambios profundos en las pol\u00edticas p\u00fablicas y privadas y en nuestras decisiones para permitir modos de vida m\u00e1s armoniosos con la Naturaleza. Situaci\u00f3n que asume mayores desaf\u00edos, en el marco de la actual crisis planetaria donde evidenciamos las consecuencias del cambio clim\u00e1tico, la p\u00e9rdida de biodiversidad, y la contaminaci\u00f3n.<\/p>\n\n\n\n<p>En este contexto mundial, el lema sigue siendo pertinente.<\/p>\n\n\n\n<p><strong>Avanzando en la semana del ambiente<\/strong><\/p>\n\n\n\n<p>REDESMA plantea realizar una contribuci\u00f3n a los fines de poner en agenda los temas ambientales durante la semana del 5 al 10 de junio de 2022, desarrollando una serie de actividades gratuitas a partir de las facilidades que ofrecen las TIC.<\/p>\n\n\n\n<p>As\u00ed se avanza en la organizaci\u00f3n de una serie de actividades en formato de conversatorios, consultas virtuales, videos de especialistas, presentaci\u00f3n de resultados de proyectos de CEBEM y el lanzamiento del IV Congreso Virtual de Ambiente y Desarrollo Sustentable impulsado por CEBEM y REDESMA en alianza con otras instituciones.<\/p>\n\n\n<div class=\"wp-block-image is-style-default\">\n<figure class=\"aligncenter size-large is-resized\"><img data-recalc-dims=\"1\" decoding=\"async\" src=\"https:\/\/i0.wp.com\/cebem.org\/wp-content\/uploads\/2022\/06\/Semana-del-Ambiente-2.png?resize=288%2C512&#038;ssl=1\" alt=\"\" class=\"wp-image-10785\" width=\"288\" height=\"512\" srcset=\"https:\/\/i0.wp.com\/cebem.org\/wp-content\/uploads\/2022\/06\/Semana-del-Ambiente-2.png?resize=576%2C1024&amp;ssl=1 576w, https:\/\/i0.wp.com\/cebem.org\/wp-content\/uploads\/2022\/06\/Semana-del-Ambiente-2.png?resize=169%2C300&amp;ssl=1 169w, https:\/\/i0.wp.com\/cebem.org\/wp-content\/uploads\/2022\/06\/Semana-del-Ambiente-2.png?resize=768%2C1365&amp;ssl=1 768w, https:\/\/i0.wp.com\/cebem.org\/wp-content\/uploads\/2022\/06\/Semana-del-Ambiente-2.png?resize=600%2C1067&amp;ssl=1 600w, https:\/\/i0.wp.com\/cebem.org\/wp-content\/uploads\/2022\/06\/Semana-del-Ambiente-2.png?resize=864%2C1536&amp;ssl=1 864w, https:\/\/i0.wp.com\/cebem.org\/wp-content\/uploads\/2022\/06\/Semana-del-Ambiente-2.png?resize=750%2C1333&amp;ssl=1 750w, https:\/\/i0.wp.com\/cebem.org\/wp-content\/uploads\/2022\/06\/Semana-del-Ambiente-2.png?w=1080&amp;ssl=1 1080w\" sizes=\"(max-width: 288px) 100vw, 288px\" \/><\/figure>\n<\/div>\n\n\n<p>Las actividades virtuales y asincr\u00f3nicas, pueden revisarlas en:<\/p>\n\n\n\n<p><strong>P\u00e1gina oficial de la semana del ambiente 2022<\/strong><\/p>\n\n\n\n<figure class=\"wp-block-embed is-type-wp-embed is-provider-iii-congreso-virtual-desarrollo-sustentable-y-desafios-ambientales-el-ambiente-los-problemas-ambientales-y-la-pos-pandemia wp-block-embed-iii-congreso-virtual-desarrollo-sustentable-y-desafios-ambientales-el-ambiente-los-problemas-ambientales-y-la-pos-pandemia\"><div class=\"wp-block-embed__wrapper\">\n<blockquote class=\"wp-embedded-content\" data-secret=\"I45mZX0mEA\"><a href=\"https:\/\/congresos.cebem.org\/semana-del-ambiente\/\">Semana del Ambiente<\/a><\/blockquote><iframe class=\"wp-embedded-content\" sandbox=\"allow-scripts\" security=\"restricted\" style=\"position: absolute; clip: rect(1px, 1px, 1px, 1px);\" title=\"\u00abSemana del Ambiente\u00bb \u2014 III Congreso Virtual \u201cDesarrollo Sustentable y Desaf\u00edos Ambientales\u201d El Ambiente, Los Problemas Ambientales y la Pos-Pandemia\" src=\"https:\/\/congresos.cebem.org\/semana-del-ambiente\/embed\/#?secret=ult0tRVq4C#?secret=I45mZX0mEA\" data-secret=\"I45mZX0mEA\" width=\"600\" height=\"338\" frameborder=\"0\" marginwidth=\"0\" marginheight=\"0\" scrolling=\"no\"><\/iframe>\n<\/div><\/figure>\n\n\n\n<div class=\"wp-block-media-text is-stacked-on-mobile\" style=\"grid-template-columns:15% auto\"><figure class=\"wp-block-media-text__media\"><img data-recalc-dims=\"1\" decoding=\"async\" width=\"256\" height=\"256\" src=\"https:\/\/i0.wp.com\/cebem.org\/wp-content\/uploads\/2022\/06\/logo-facebook.png?resize=256%2C256&#038;ssl=1\" alt=\"\" class=\"wp-image-10797 size-full\" srcset=\"https:\/\/i0.wp.com\/cebem.org\/wp-content\/uploads\/2022\/06\/logo-facebook.png?w=256&amp;ssl=1 256w, https:\/\/i0.wp.com\/cebem.org\/wp-content\/uploads\/2022\/06\/logo-facebook.png?resize=150%2C150&amp;ssl=1 150w\" sizes=\"(max-width: 256px) 100vw, 256px\" \/><\/figure><div class=\"wp-block-media-text__content\">\n<p class=\"has-large-font-size\">Visita nuestra p\u00e1gina en Facebook<\/p>\n\n\n\n<p class=\"has-large-font-size\"><a href=\"https:\/\/www.facebook.com\/redesma\" target=\"_blank\" rel=\"noreferrer noopener\">https:\/\/www.facebook.com\/redesma<\/a><\/p>\n<\/div><\/div>\n\n\n\n<div class=\"wp-block-media-text is-stacked-on-mobile\" style=\"grid-template-columns:15% auto\"><figure class=\"wp-block-media-text__media\"><img data-recalc-dims=\"1\" loading=\"lazy\" decoding=\"async\" width=\"750\" height=\"750\" src=\"https:\/\/i0.wp.com\/cebem.org\/wp-content\/uploads\/2022\/06\/logo-telegram.png?resize=750%2C750&#038;ssl=1\" alt=\"\" class=\"wp-image-10798 size-full\" srcset=\"https:\/\/i0.wp.com\/cebem.org\/wp-content\/uploads\/2022\/06\/logo-telegram.png?w=1000&amp;ssl=1 1000w, https:\/\/i0.wp.com\/cebem.org\/wp-content\/uploads\/2022\/06\/logo-telegram.png?resize=300%2C300&amp;ssl=1 300w, https:\/\/i0.wp.com\/cebem.org\/wp-content\/uploads\/2022\/06\/logo-telegram.png?resize=150%2C150&amp;ssl=1 150w, https:\/\/i0.wp.com\/cebem.org\/wp-content\/uploads\/2022\/06\/logo-telegram.png?resize=768%2C768&amp;ssl=1 768w, https:\/\/i0.wp.com\/cebem.org\/wp-content\/uploads\/2022\/06\/logo-telegram.png?resize=600%2C600&amp;ssl=1 600w, https:\/\/i0.wp.com\/cebem.org\/wp-content\/uploads\/2022\/06\/logo-telegram.png?resize=750%2C750&amp;ssl=1 750w\" sizes=\"(max-width: 750px) 100vw, 750px\" \/><\/figure><div class=\"wp-block-media-text__content\">\n<p class=\"has-large-font-size\">\u00danete a nuestro canal en Telegram<\/p>\n\n\n\n<p class=\"has-large-font-size\"><a href=\"https:\/\/t.me\/redesma\" target=\"_blank\" rel=\"noreferrer noopener\">https:\/\/t.me\/redesma<\/a><\/p>\n<\/div><\/div>\n\n\n\n<p class=\"has-tiny-font-size\">*Texto desarrollado por Lorena G. Coria<\/p>\n","protected":false},"excerpt":{"rendered":"<p>La semana del Ambiente 2022 es una actividad organizada por REDESMA.<br \/>\nLo invitamos a visitar y compartir la informaci\u00f3n que generamos.<\/p>\n","protected":false},"author":14,"featured_media":10799,"comment_status":"closed","ping_status":"closed","sticky":false,"template":"","format":"standard","meta":{"_jetpack_memberships_contains_paid_content":false,"footnotes":"","jetpack_publicize_message":"","jetpack_publicize_feature_enabled":true,"jetpack_social_post_already_shared":true,"jetpack_social_options":{"image_generator_settings":{"template":"highway","default_image_id":0,"font":"","enabled":false},"version":2}},"categories":[1],"tags":[1478,1389,1772],"class_list":["post-10781","post","type-post","status-publish","format-standard","has-post-thumbnail","hentry","category-noticias","tag-observatorio-ambiental-cebem-redesma","tag-redesma","tag-semana-del-ambiente","item-wrap"],"jetpack_publicize_connections":[],"jetpack_featured_media_url":"https:\/\/i0.wp.com\/cebem.org\/wp-content\/uploads\/2022\/06\/banner-semana-ambiente.jpg?fit=940%2C788&ssl=1","jetpack_sharing_enabled":true,"_links":{"self":[{"href":"https:\/\/cebem.org\/index.php?rest_route=\/wp\/v2\/posts\/10781","targetHints":{"allow":["GET"]}}],"collection":[{"href":"https:\/\/cebem.org\/index.php?rest_route=\/wp\/v2\/posts"}],"about":[{"href":"https:\/\/cebem.org\/index.php?rest_route=\/wp\/v2\/types\/post"}],"author":[{"embeddable":true,"href":"https:\/\/cebem.org\/index.php?rest_route=\/wp\/v2\/users\/14"}],"replies":[{"embeddable":true,"href":"https:\/\/cebem.org\/index.php?rest_route=%2Fwp%2Fv2%2Fcomments&post=10781"}],"version-history":[{"count":3,"href":"https:\/\/cebem.org\/index.php?rest_route=\/wp\/v2\/posts\/10781\/revisions"}],"predecessor-version":[{"id":10802,"href":"https:\/\/cebem.org\/index.php?rest_route=\/wp\/v2\/posts\/10781\/revisions\/10802"}],"wp:featuredmedia":[{"embeddable":true,"href":"https:\/\/cebem.org\/index.php?rest_route=\/wp\/v2\/media\/10799"}],"wp:attachment":[{"href":"https:\/\/cebem.org\/index.php?rest_route=%2Fwp%2Fv2%2Fmedia&parent=10781"}],"wp:term":[{"taxonomy":"category","embeddable":true,"href":"https:\/\/cebem.org\/index.php?rest_route=%2Fwp%2Fv2%2Fcategories&post=10781"},{"taxonomy":"post_tag","embeddable":true,"href":"https:\/\/cebem.org\/index.php?rest_route=%2Fwp%2Fv2%2Ftags&post=10781"}],"curies":[{"name":"wp","href":"https:\/\/api.w.org\/{rel}","templated":true}]}}