
{"id":10586,"date":"2022-05-18T12:36:22","date_gmt":"2022-05-18T16:36:22","guid":{"rendered":"https:\/\/cebem.org\/?p=10586"},"modified":"2022-05-18T12:36:24","modified_gmt":"2022-05-18T16:36:24","slug":"conservacion-internacional-requerimiento-de-apoyo-tecnico","status":"publish","type":"post","link":"https:\/\/cebem.org\/?p=10586","title":{"rendered":"Conservaci\u00f3n Internacional: Requerimiento de Apoyo t\u00e9cnico ."},"content":{"rendered":"\n<p class=\"has-text-align-center\"><strong>T\u00c9RMINOS DE REFERENCIA<\/strong><\/p>\n\n\n\n<p class=\"has-text-align-center\"><strong>\u201cApoyo t\u00e9cnico al Comit\u00e9 de Gesti\u00f3n del \u00c1rea Municipal de Conservaci\u00f3n y Manejo del Bajo Madidi (AMCM-BM)\u201d<\/strong><\/p>\n\n\n\n<p><strong>Antecedentes generales<\/strong><\/p>\n\n\n\n<p class=\"has-text-align-justify\">Desde 2019, Conservaci\u00f3n Internacional (CI) Bolivia viene realizando actividades de apoyo para el fortalecimiento del Gobierno Aut\u00f3nomo Municipal (GAM) de Ixiamas, con el objetivo de consolidar el manejo integral del \u00c1rea Municipal de Conservaci\u00f3n y Manejo del Bajo Madidi (AMCM-BM) creada mediante Ley Auton\u00f3mica Municipal N.\u00ba 151\/2019.<\/p>\n\n\n\n<p class=\"has-text-align-justify\">El GAM Ixiamas al amparo de la Ley Auton\u00f3mica Municipal N.\u00ba 170\/2020 del Sistema Municipal de \u00c1reas Protegidas de Ixiamas y con el objetivo de garantizar la participaci\u00f3n social e involucramiento de la poblaci\u00f3n en la protecci\u00f3n de su territorio y en el logro de los objetivos de creaci\u00f3n del espacio de conservaci\u00f3n, ha realizado diferentes acciones para la conformaci\u00f3n y consolidaci\u00f3n del Comit\u00e9 de Gesti\u00f3n (CG) del AMCM \u2013 BM, a trav\u00e9s de un proceso que les ha permitido contar con su Reglamento Interno aprobado en 2021.<\/p>\n\n\n\n<p class=\"has-text-align-justify\">El Comit\u00e9 de Gesti\u00f3n, se constituye en el principal \u00f3rgano de participaci\u00f3n de los actores locales y externos para la gobernanza del AMCM-BM y busca ser un espacio de entendimiento, di\u00e1logo y encuentro orientado al buen gobierno del AMCM \u2013 BM. El Comit\u00e9 de Gesti\u00f3n orienta su trabajo para promover los valores de conservaci\u00f3n del \u00c1rea y el desarrollo de oportunidades que mejoren las condiciones de vida de sus habitantes.<\/p>\n\n\n\n<p class=\"has-text-align-justify\">En base a estos antecedentes el GAM Ixiamas y el Comit\u00e9 de Gesti\u00f3n han solicitado a CI Bolivia la realizaci\u00f3n del presente servicio de consultor\u00eda para fortalecer las capacidades de los miembros del CG, a fin de que ejerzan una buena gesti\u00f3n y la gobernanza del AMCM \u2013 BM.<\/p>\n\n\n\n<p><strong>Objetivos de la consultor\u00eda<\/strong><\/p>\n\n\n\n<p class=\"has-text-align-justify\">Dise\u00f1ar e implementar una estrategia para apoyar y consolidar el funcionamiento del Comit\u00e9 de Gesti\u00f3n del AMCM-BM, como principal actor de la gobernanza territorial y social del \u00e1rea, a trav\u00e9s del desarrollo de actividades t\u00e9cnicas, de capacitaci\u00f3n y el desarrollo de instrumentos de gesti\u00f3n que fortalezcan las capacidades de sus miembros.<br>Instrucciones para el env\u00edo de propuestas.<\/p>\n\n\n\n<p>Deber\u00e1n ser presentadas <strong>hasta el d\u00eda 30 de mayo de 2022<\/strong>, incluyendo:<\/p>\n\n\n\n<ul class=\"wp-block-list\"><li>Propuesta t\u00e9cnica y econ\u00f3mica<\/li><li>Hoja de vida del prestador\/a de servicios<\/li><li>Informaci\u00f3n tributaria de aportaciones a las AFPs y seguro de salud.<\/li><\/ul>\n\n\n\n<p class=\"has-text-align-justify\">Enviar a Conservaci\u00f3n Internacional Bolivia, al correo electr\u00f3nico <a href=\"mailto:sgutierrez@conservation.org\" target=\"_blank\" rel=\"noreferrer noopener\">sgutierrez@conservation.org<\/a> con el asunto <strong><em>\u201cApoyo t\u00e9cnico al Comit\u00e9 de Gesti\u00f3n del \u00c1rea Municipal de Conservaci\u00f3n y Manejo del Bajo Madidi (AMCM-BM)\u201d<\/em><\/strong><\/p>\n\n\n\n<p class=\"has-text-align-justify\">En caso necesario, enviar consultas sobre los t\u00e9rminos de referencia y\/o el proyecto al correo indicado previamente con la referencia del cargo.<\/p>\n\n\n\n<p class=\"has-text-align-center\"><a href=\"https:\/\/cebem.org\/boletin\/2022\/ci_2\/TDR_APOYO_CGBM_2022_V2.pdf\" target=\"_blank\" rel=\"noreferrer noopener\"><strong>T\u00e9rminos de Referencia PDF<\/strong><\/a><\/p>\n\n\n\n<hr class=\"wp-block-separator\"\/>\n\n\n\n<p class=\"has-text-align-center\"><strong><em>ESTE BOLET\u00cdN SE PRODUCE POR ENCARGO DE CONSERVACI\u00d3N INTERNACIONAL<\/em><\/strong><\/p>\n","protected":false},"excerpt":{"rendered":"<p>T\u00c9RMINOS DE REFERENCIA \u201cApoyo t\u00e9cnico al Comit\u00e9 de Gesti\u00f3n del \u00c1rea Municipal de Conservaci\u00f3n y Manejo del Bajo Madidi (AMCM-BM)\u201d Antecedentes generales Desde 2019, Conservaci\u00f3n Internacional (CI) Bolivia viene realizando actividades de apoyo para el fortalecimiento del Gobierno Aut\u00f3nomo Municipal (GAM) de Ixiamas, con el objetivo de consolidar el manejo integral del \u00c1rea Municipal de &hellip; <\/p>\n<p><a class=\"more-link btn\" href=\"https:\/\/cebem.org\/?p=10586\">Seguir leyendo<\/a><\/p>\n","protected":false},"author":12,"featured_media":10587,"comment_status":"closed","ping_status":"closed","sticky":false,"template":"","format":"standard","meta":{"_jetpack_memberships_contains_paid_content":false,"footnotes":"","jetpack_publicize_message":"Conservaci\u00f3n Internacional: Requerimiento de Apoyo t\u00e9cnico\nFecha de presentacion de la propuesta:  hasta el 30 de mayo de 2022 .","jetpack_publicize_feature_enabled":true,"jetpack_social_post_already_shared":true,"jetpack_social_options":{"image_generator_settings":{"template":"highway","default_image_id":0,"font":"","enabled":false},"version":2}},"categories":[1476],"tags":[1751,1557],"class_list":["post-10586","post","type-post","status-publish","format-standard","has-post-thumbnail","hentry","category-boletines-redesma","tag-conservacion-internacional-2","tag-requerimiento-de-personal","item-wrap"],"jetpack_publicize_connections":[],"jetpack_featured_media_url":"https:\/\/i0.wp.com\/cebem.org\/wp-content\/uploads\/2022\/05\/ci.jpg?fit=1200%2C630&ssl=1","jetpack_sharing_enabled":true,"_links":{"self":[{"href":"https:\/\/cebem.org\/index.php?rest_route=\/wp\/v2\/posts\/10586","targetHints":{"allow":["GET"]}}],"collection":[{"href":"https:\/\/cebem.org\/index.php?rest_route=\/wp\/v2\/posts"}],"about":[{"href":"https:\/\/cebem.org\/index.php?rest_route=\/wp\/v2\/types\/post"}],"author":[{"embeddable":true,"href":"https:\/\/cebem.org\/index.php?rest_route=\/wp\/v2\/users\/12"}],"replies":[{"embeddable":true,"href":"https:\/\/cebem.org\/index.php?rest_route=%2Fwp%2Fv2%2Fcomments&post=10586"}],"version-history":[{"count":1,"href":"https:\/\/cebem.org\/index.php?rest_route=\/wp\/v2\/posts\/10586\/revisions"}],"predecessor-version":[{"id":10588,"href":"https:\/\/cebem.org\/index.php?rest_route=\/wp\/v2\/posts\/10586\/revisions\/10588"}],"wp:featuredmedia":[{"embeddable":true,"href":"https:\/\/cebem.org\/index.php?rest_route=\/wp\/v2\/media\/10587"}],"wp:attachment":[{"href":"https:\/\/cebem.org\/index.php?rest_route=%2Fwp%2Fv2%2Fmedia&parent=10586"}],"wp:term":[{"taxonomy":"category","embeddable":true,"href":"https:\/\/cebem.org\/index.php?rest_route=%2Fwp%2Fv2%2Fcategories&post=10586"},{"taxonomy":"post_tag","embeddable":true,"href":"https:\/\/cebem.org\/index.php?rest_route=%2Fwp%2Fv2%2Ftags&post=10586"}],"curies":[{"name":"wp","href":"https:\/\/api.w.org\/{rel}","templated":true}]}}