
{"id":10583,"date":"2022-05-18T12:14:45","date_gmt":"2022-05-18T16:14:45","guid":{"rendered":"https:\/\/cebem.org\/?p=10583"},"modified":"2022-05-18T12:14:47","modified_gmt":"2022-05-18T16:14:47","slug":"progettomondo-busca-a-2-educadores-en-prevencion-primaria","status":"publish","type":"post","link":"https:\/\/cebem.org\/?p=10583","title":{"rendered":"Progettomondo: Busca a 2 educadores en prevenci\u00f3n primaria."},"content":{"rendered":"\n<p class=\"has-text-align-center\"><strong>T\u00c9RMINOS DE REFERENCIA<\/strong><\/p>\n\n\n\n<p class=\"has-text-align-center\"><strong>Contrataci\u00f3n de servicios profesionales de 2 (dos)<br>\u201cEducadores en prevenci\u00f3n primaria\u201d<\/strong><\/p>\n\n\n\n<p class=\"has-text-align-justify\">PROYECTO: <strong><em>CAMBIANDO DE LENTE: MODELOS LOCALES PARTICIPATIVOS DE JUSTICIA Y PREVENCI\u00d3N DE LA DELINCUENCIA\/VIOLENCIA JUVENIL CON UN ENFOQUE RESTAURADOR EN BOLIVIA<\/em><\/strong><br>Donante: Agencia Italiana de Cooperaci\u00f3n para el Desarrollo &#8211; AICS<\/p>\n\n\n\n<p class=\"has-text-align-justify\">Progettomondo est\u00e1 buscando a <strong>2 educadores en prevenci\u00f3n primaria<\/strong> para que se unan al equipo de profesionales que trabajan en el proyecto \u201cCambiando de Lente: Modelos locales participativos de justicia y prevenci\u00f3n de la delincuencia\/violencia juvenil con un enfoque restaurador en Bolivia\u201d.<\/p>\n\n\n\n<p><strong>1. OBJETIVO PRINCIPAL DE LA CONTRATACI\u00d3N:<\/strong><\/p>\n\n\n\n<p class=\"has-text-align-justify\"><strong>a. &nbsp; &nbsp; &nbsp; Objetivo general:<\/strong><br>Contribuir al desarrollo de una cultura de prevenci\u00f3n primaria y secundaria con enfoque restaurativo.&nbsp;<\/p>\n\n\n\n<p class=\"has-text-align-justify\"><strong>b. &nbsp; &nbsp; &nbsp; Objetivos espec\u00edficos:<\/strong><br>Contribuir al desarrollo de un programa de pol\u00edticas de prevenci\u00f3n primaria y secundaria de la violencia y delincuencia juvenil en el Departamento de Cochabamba (Distrito 6) en el marco de los objetivos y lineamientos estrat\u00e9gicos del proyecto CdL.<\/p>\n\n\n\n<p><strong>Tareas<\/strong><\/p>\n\n\n\n<ul class=\"wp-block-list\"><li>Realizar un trabajo operativo en la prevenci\u00f3n y atenci\u00f3n de los conflictos escolares en unidades educativas, coordinando con la facilitadora en prevenci\u00f3n primaria y secundaria.<\/li><li>Realizar un plan de trabajo (cronograma, n\u00famero reuniones, n\u00famero cursos) de las actividades en las unidades educativas.<\/li><li>Apoyar la implementaci\u00f3n de un reglamento disciplinario de forma participativa y con enfoque restaurativo en las unidades educativas a su cargo.<\/li><li>Participar en el Consejo Disciplinario Escolar de cada unidad educativa a cargo.<\/li><li>Posibilitar la formaci\u00f3n de profesores, estudiantes, personal administrativo y padres de familia, de cada unidad educativa en el enfoque restaurativo, en coordinaci\u00f3n con la facilitadora en prevenci\u00f3n primaria y secundaria<\/li><li>Realizar reuniones con enfoque restaurativo con los alumnos de las unidades educativas del Distrito 6 de Cochabamba.<\/li><li>Apoyar en la realizaci\u00f3n de las capacitaciones con el personal escolar y los padres de familia.<\/li><li>Redactar informes mensuales sobre el trabajo realizado.<\/li><li>Organizar y realizar actividades de pr\u00e1cticas restaurativas con alumnos, personal escolar y padres de familia cuando se presenten situaciones conflictivas.<\/li><li>Participar en las reuniones de la junta escolar, cuando se traten asuntos de prevenci\u00f3n.<\/li><li> Atender, en coordinaci\u00f3n con el consejo disciplinario, a adolescentes con niveles de riesgo altos y apoyar en su derivaci\u00f3n a instituciones de apoyo.<\/li><li>Buscar redes de apoyo institucional para la atenci\u00f3n a adolescentes.<\/li><\/ul>\n\n\n\n<p><strong>2. PERFIL REQUERIDO<\/strong><\/p>\n\n\n\n<ul class=\"wp-block-list\"><li>Formaci\u00f3n a nivel de licenciatura universitaria en el campo de ciencias de la educaci\u00f3n y\/o pedagog\u00eda (no excluyente).&nbsp;&nbsp;<\/li><li>Formaci\u00f3n especializada y\/o experiencia desarrollada en el \u00e1rea de pr\u00e1cticas de justicia restaurativa con adolescentes.<\/li><li>Experiencia en trabajo con poblaci\u00f3n vulnerable, especialmente, ni\u00f1ez, adolescencia juventud y mujeres (m\u00ednimo 2 a\u00f1os).<\/li><li>Experiencia en la gesti\u00f3n de din\u00e1micas grupales y\/o educaci\u00f3n popular (m\u00ednimo 2 a\u00f1os).<\/li><\/ul>\n\n\n\n<p><strong>3. HABILIDADES<\/strong><\/p>\n\n\n\n<ul class=\"wp-block-list\"><li>Capacidad de ser proactivo\/a y organizado\/a.<\/li><li>Excelentes habilidades de relacionamiento, comunicacionales y coordinaci\u00f3n.<\/li><li>Excelentes habilidades de redacci\u00f3n de textos.<\/li><li>Capacidad de manejo de grupos y t\u00e9cnicas de facilitaci\u00f3n.<\/li><\/ul>\n\n\n\n<p><strong>4. DURACI\u00d3N DEL CONTRATO Y CONDICIONES<\/strong><\/p>\n\n\n\n<p class=\"has-text-align-justify\">La modalidad de contrataci\u00f3n ser\u00e1 laboral, con todas las prestaciones y beneficios laborales establecidas por Ley; d\u00edas de trabajo de lunes a viernes a MEDIO tiempo (4 horas diarias).<\/p>\n\n\n\n<p>El contrato tendr\u00e1 una duraci\u00f3n de 24 meses.<\/p>\n\n\n\n<p><strong>5. LUGAR DE TRABAJO<\/strong><\/p>\n\n\n\n<p class=\"has-text-align-justify\"><a><\/a>Las o los educadores en prevenci\u00f3n primaria contar\u00e1n con un espacio de trabajo en la oficina de Progettomondo en Cochabamba y las intervenciones con adolescentes y personal escolar se realizar\u00e1n en las unidades educativas.<\/p>\n\n\n\n<p><strong>6. PROCESOS DE APLICACI\u00d3N<\/strong><\/p>\n\n\n\n<p>Las y los profesionales interesados en postular al cargo deber\u00e1n enviar al correo electr\u00f3nico <a href=\"mailto:cambiandodelente@gmail.com\" target=\"_blank\" rel=\"noreferrer noopener\">cambiandodelente@gmail.com<\/a> los siguientes documentos en formato PDF:<\/p>\n\n\n\n<p>\u2022 Carta de expresi\u00f3n de inter\u00e9s con expectativa salarial y 3 referencias profesionales.<br>\u2022 Curr\u00edculum Vitae (No documentado).<\/p>\n\n\n\n<p>Indicar en el asunto del correo POSTULACI\u00d3N_ EDUCADORES EN PREVENCI\u00d3N PRIMARIA<\/p>\n\n\n\n<p>La instituci\u00f3n se reserva el derecho de contrataci\u00f3n de acuerdo a pol\u00edticas internas de la Entidad.<\/p>\n\n\n\n<p>Las postulaciones ser\u00e1n recibidas <strong>hasta el martes 24 de mayo de 2022, impostergablemente.<\/strong><\/p>\n\n\n\n<p>Se pre seleccionar\u00e1n a postulantes que ser\u00e1n invitados a una entrevista.<\/p>\n\n\n\n<p class=\"has-text-align-center\"><a href=\"https:\/\/cebem.org\/boletin\/2022\/progettomondo_8\/TdR_1_1_9.pdf\" target=\"_blank\" rel=\"noreferrer noopener\">T\u00e9rminos de Referencia<\/a><\/p>\n\n\n\n<hr class=\"wp-block-separator\"\/>\n\n\n\n<p class=\"has-text-align-center\"><strong><em>ESTE BOLET\u00cdN SE PRODUCE POR ENCARGO DE PROGETTOMONDO<\/em><\/strong><\/p>\n","protected":false},"excerpt":{"rendered":"<p>T\u00c9RMINOS DE REFERENCIA Contrataci\u00f3n de servicios profesionales de 2 (dos)\u201cEducadores en prevenci\u00f3n primaria\u201d PROYECTO: CAMBIANDO DE LENTE: MODELOS LOCALES PARTICIPATIVOS DE JUSTICIA Y PREVENCI\u00d3N DE LA DELINCUENCIA\/VIOLENCIA JUVENIL CON UN ENFOQUE RESTAURADOR EN BOLIVIADonante: Agencia Italiana de Cooperaci\u00f3n para el Desarrollo &#8211; AICS Progettomondo est\u00e1 buscando a 2 educadores en prevenci\u00f3n primaria para que se &hellip; <\/p>\n<p><a class=\"more-link btn\" href=\"https:\/\/cebem.org\/?p=10583\">Seguir leyendo<\/a><\/p>\n","protected":false},"author":12,"featured_media":10584,"comment_status":"closed","ping_status":"closed","sticky":false,"template":"","format":"standard","meta":{"_jetpack_memberships_contains_paid_content":false,"footnotes":"","jetpack_publicize_message":"Progettomondo\nEn busca de 2 educadores en prevenci\u00f3n primaria.\nLas postulaciones se recibiran hasta el 24 de mayo de 2022.\n","jetpack_publicize_feature_enabled":true,"jetpack_social_post_already_shared":true,"jetpack_social_options":{"image_generator_settings":{"template":"highway","default_image_id":0,"font":"","enabled":false},"version":2}},"categories":[1476],"tags":[1570,1708],"class_list":["post-10583","post","type-post","status-publish","format-standard","has-post-thumbnail","hentry","category-boletines-redesma","tag-contratacion-de-servicios","tag-progettomondo","item-wrap"],"jetpack_publicize_connections":[],"jetpack_featured_media_url":"https:\/\/i0.wp.com\/cebem.org\/wp-content\/uploads\/2022\/05\/progettomondo_1-1.jpg?fit=1200%2C630&ssl=1","jetpack_sharing_enabled":true,"_links":{"self":[{"href":"https:\/\/cebem.org\/index.php?rest_route=\/wp\/v2\/posts\/10583","targetHints":{"allow":["GET"]}}],"collection":[{"href":"https:\/\/cebem.org\/index.php?rest_route=\/wp\/v2\/posts"}],"about":[{"href":"https:\/\/cebem.org\/index.php?rest_route=\/wp\/v2\/types\/post"}],"author":[{"embeddable":true,"href":"https:\/\/cebem.org\/index.php?rest_route=\/wp\/v2\/users\/12"}],"replies":[{"embeddable":true,"href":"https:\/\/cebem.org\/index.php?rest_route=%2Fwp%2Fv2%2Fcomments&post=10583"}],"version-history":[{"count":1,"href":"https:\/\/cebem.org\/index.php?rest_route=\/wp\/v2\/posts\/10583\/revisions"}],"predecessor-version":[{"id":10585,"href":"https:\/\/cebem.org\/index.php?rest_route=\/wp\/v2\/posts\/10583\/revisions\/10585"}],"wp:featuredmedia":[{"embeddable":true,"href":"https:\/\/cebem.org\/index.php?rest_route=\/wp\/v2\/media\/10584"}],"wp:attachment":[{"href":"https:\/\/cebem.org\/index.php?rest_route=%2Fwp%2Fv2%2Fmedia&parent=10583"}],"wp:term":[{"taxonomy":"category","embeddable":true,"href":"https:\/\/cebem.org\/index.php?rest_route=%2Fwp%2Fv2%2Fcategories&post=10583"},{"taxonomy":"post_tag","embeddable":true,"href":"https:\/\/cebem.org\/index.php?rest_route=%2Fwp%2Fv2%2Ftags&post=10583"}],"curies":[{"name":"wp","href":"https:\/\/api.w.org\/{rel}","templated":true}]}}