
{"id":10577,"date":"2022-05-17T22:15:30","date_gmt":"2022-05-18T02:15:30","guid":{"rendered":"https:\/\/cebem.org\/?p=10577"},"modified":"2022-05-17T22:17:11","modified_gmt":"2022-05-18T02:17:11","slug":"primera-convocatoria-para-financiamiento-de-tesis-sobre-turismo-genero-y-desarrollo-sostenible-en-bolivia","status":"publish","type":"post","link":"https:\/\/cebem.org\/?p=10577","title":{"rendered":"Primera Convocatoria para Financiamiento de Tesis sobre Turismo, G\u00e9nero y Desarrollo Sostenible en Bolivia"},"content":{"rendered":"\n<div class=\"wp-block-image\"><figure class=\"aligncenter size-large is-resized\"><img data-recalc-dims=\"1\" fetchpriority=\"high\" decoding=\"async\" src=\"https:\/\/i0.wp.com\/cebem.org\/wp-content\/uploads\/2022\/05\/convocatoria-orbita.jpeg?resize=410%2C512&#038;ssl=1\" alt=\"\" class=\"wp-image-10578\" width=\"410\" height=\"512\" srcset=\"https:\/\/i0.wp.com\/cebem.org\/wp-content\/uploads\/2022\/05\/convocatoria-orbita.jpeg?resize=819%2C1024&amp;ssl=1 819w, https:\/\/i0.wp.com\/cebem.org\/wp-content\/uploads\/2022\/05\/convocatoria-orbita.jpeg?resize=240%2C300&amp;ssl=1 240w, https:\/\/i0.wp.com\/cebem.org\/wp-content\/uploads\/2022\/05\/convocatoria-orbita.jpeg?resize=768%2C960&amp;ssl=1 768w, https:\/\/i0.wp.com\/cebem.org\/wp-content\/uploads\/2022\/05\/convocatoria-orbita.jpeg?resize=600%2C750&amp;ssl=1 600w, https:\/\/i0.wp.com\/cebem.org\/wp-content\/uploads\/2022\/05\/convocatoria-orbita.jpeg?resize=750%2C938&amp;ssl=1 750w, https:\/\/i0.wp.com\/cebem.org\/wp-content\/uploads\/2022\/05\/convocatoria-orbita.jpeg?w=1024&amp;ssl=1 1024w\" sizes=\"(max-width: 410px) 100vw, 410px\" \/><\/figure><\/div>\n\n\n\n<p>El proyecto \u201cTurismo como motor del Desarrollo Sostenible e Inclusivo en Bolivia\u201d lanza un concurso de investigaci\u00f3n que ofrecer\u00e1 un incentivo financiero para 25 tesistas de licenciatura y maestr\u00eda que desarrollen investigaciones sobre las relaciones entre el turismo, el g\u00e9nero y el desarrollo sostenible en Bolivia. Estudiantes de cualquier universidad y cualquier campo de estudio, ser\u00e1n elegibles para postularse con un perfil de tesis relevante aprobado por su tutor de tesis, siempre y cuando la tem\u00e1tica propuesta abarque las dimensiones se\u00f1aladas. Durante la gesti\u00f3n 2022, se seleccionar\u00e1n y financiar\u00e1n aproximadamente 12 proyectos de tesis. La segunda convocatoria se realizar\u00e1 en la gesti\u00f3n 2023, donde se seleccionar\u00e1n y financiar\u00e1n las tesis restantes.<\/p>\n\n\n\n<p>Adem\u00e1s de recibir el incentivo financiero (Bs. 14.000 para cada tesista), los estudiantes tambi\u00e9n recibir\u00e1n orientaci\u00f3n de uno o m\u00e1s miembros del Comit\u00e9 Acad\u00e9mico del proyecto.<\/p>\n\n\n\n<p>Se espera que las tesis financiadas por este proyecto generen insumos para una publicaci\u00f3n sobre Turismo, G\u00e9nero y Desarrollo Sostenible en Bolivia, que guiar\u00e1 pol\u00edticas p\u00fablicas e inversiones privadas en Bolivia durante el resto de la d\u00e9cada; y para ORBITA \u2013 Observatorio Boliviano para la Industria Tur\u00edstica Sostenible.<\/p>\n\n\n\n<p><strong>CRONOGRAMA 2022<\/strong><\/p>\n\n\n\n<ul class=\"wp-block-list\"><li>3 de mayo: Lanzamiento<\/li><li>16 de mayo: Absoluci\u00f3n de dudas<\/li><li>24 de mayo: Taller de apoyo para transversalizar el enfoque g\u00e9nero en las investigaciones<\/li><li>3 de junio: Primera Fase: Recepci\u00f3n digital de Resumen de Perfiles de Tesis a nivel nacional<\/li><li>18 de junio: Selecci\u00f3n preliminar de perfiles de Tesis por el Comit\u00e9 Acad\u00e9mico y comunicaci\u00f3n a tesistas seleccionados<\/li><li>30 de junio: Segunda Fase: Plazo para la presentaci\u00f3n de documentaci\u00f3n adicional para formalizar la postulaci\u00f3n del tesista<\/li><li>8 de julio: Selecci\u00f3n Final de tesistas a cargo del Comit\u00e9 Asesor<\/li><li>30 de julio: Comunicaci\u00f3n oficial a tesistas y designaci\u00f3n de asesores.<\/li><li>19 de agosto: Primer pago a tesistas (a la firma del contrato)<\/li><li>25 de noviembre: Segundo pago a tesistas (contra primer borrador de la tesis)<\/li><li>31 de enero 2023: Pago final a tesistas (despu\u00e9s de la defensa de tesis)<\/li><\/ul>\n\n\n\n<p><strong>M\u00e1s informaci\u00f3n:<\/strong><\/p>\n\n\n\n<p>Daniela Cubas &#8211; daniela.cubas@sdsnbolivia.org<\/p>\n\n\n\n<p>+591 2 2170000 int.323<\/p>\n\n\n\n<div class=\"wp-block-file\"><a id=\"wp-block-file--media-e047e32f-1d6b-45f8-9a87-90471d17b09f\" href=\"https:\/\/cebem.org\/wp-content\/uploads\/2022\/05\/ORBITA-Convocatoria.pdf\" target=\"_blank\" rel=\"noreferrer noopener\">Descargar en PDF la convocatoria<\/a><a href=\"https:\/\/cebem.org\/wp-content\/uploads\/2022\/05\/ORBITA-Convocatoria.pdf\" class=\"wp-block-file__button\" download aria-describedby=\"wp-block-file--media-e047e32f-1d6b-45f8-9a87-90471d17b09f\">Descarga<\/a><\/div>\n\n\n\n<p><strong>P\u00e1gina web:<\/strong> <a href=\"http:\/\/orbita.bo\/convocatoria\/\" target=\"_blank\" rel=\"noreferrer noopener\">http:\/\/orbita.bo\/convocatoria\/<\/a><\/p>\n\n\n\n<p><strong>Facebook:<\/strong> <a href=\"https:\/\/www.facebook.com\/orbita.bo\" target=\"_blank\" rel=\"noreferrer noopener\">orbita.bo<\/a><\/p>\n\n\n\n<p><strong>Instagram:<\/strong> <a href=\"https:\/\/www.instagram.com\/orbita.bo\/\" target=\"_blank\" rel=\"noreferrer noopener\">orbita.bo<\/a><\/p>\n\n\n\n<p><strong>Twitter:<\/strong> <a href=\"https:\/\/twitter.com\/ORBITAbol\" target=\"_blank\" rel=\"noreferrer noopener\">ORBITAbol<\/a><\/p>\n","protected":false},"excerpt":{"rendered":"<p>Para estudiantes de licenciatura y maestr\u00eda, que est\u00e9n haciendo su tesis en temas que relacionen turismo, desarrollo sostenible y g\u00e9nero.  Fecha l\u00edmite de postulaci\u00f3n 3 de junio.<\/p>\n","protected":false},"author":2,"featured_media":10578,"comment_status":"closed","ping_status":"closed","sticky":false,"template":"","format":"standard","meta":{"_jetpack_memberships_contains_paid_content":false,"footnotes":"","jetpack_publicize_message":"Para estudiantes de licenciatura y maestr\u00eda, que est\u00e9n haciendo su tesis en temas que relacionen #Turismo, #DesarrolloSostenible y #G\u00e9nero. \n\n- Fecha l\u00edmite de postulaci\u00f3n: 3 de junio","jetpack_publicize_feature_enabled":true,"jetpack_social_post_already_shared":true,"jetpack_social_options":{"image_generator_settings":{"template":"highway","default_image_id":0,"font":"","enabled":false},"version":2}},"categories":[8],"tags":[85,127,43,144],"class_list":["post-10577","post","type-post","status-publish","format-standard","has-post-thumbnail","hentry","category-convocatorias","tag-convocatoria","tag-desarrollo-sostenible","tag-genero","tag-turismo","item-wrap"],"jetpack_publicize_connections":[],"jetpack_featured_media_url":"https:\/\/i0.wp.com\/cebem.org\/wp-content\/uploads\/2022\/05\/convocatoria-orbita.jpeg?fit=1024%2C1280&ssl=1","jetpack_sharing_enabled":true,"_links":{"self":[{"href":"https:\/\/cebem.org\/index.php?rest_route=\/wp\/v2\/posts\/10577","targetHints":{"allow":["GET"]}}],"collection":[{"href":"https:\/\/cebem.org\/index.php?rest_route=\/wp\/v2\/posts"}],"about":[{"href":"https:\/\/cebem.org\/index.php?rest_route=\/wp\/v2\/types\/post"}],"author":[{"embeddable":true,"href":"https:\/\/cebem.org\/index.php?rest_route=\/wp\/v2\/users\/2"}],"replies":[{"embeddable":true,"href":"https:\/\/cebem.org\/index.php?rest_route=%2Fwp%2Fv2%2Fcomments&post=10577"}],"version-history":[{"count":3,"href":"https:\/\/cebem.org\/index.php?rest_route=\/wp\/v2\/posts\/10577\/revisions"}],"predecessor-version":[{"id":10582,"href":"https:\/\/cebem.org\/index.php?rest_route=\/wp\/v2\/posts\/10577\/revisions\/10582"}],"wp:featuredmedia":[{"embeddable":true,"href":"https:\/\/cebem.org\/index.php?rest_route=\/wp\/v2\/media\/10578"}],"wp:attachment":[{"href":"https:\/\/cebem.org\/index.php?rest_route=%2Fwp%2Fv2%2Fmedia&parent=10577"}],"wp:term":[{"taxonomy":"category","embeddable":true,"href":"https:\/\/cebem.org\/index.php?rest_route=%2Fwp%2Fv2%2Fcategories&post=10577"},{"taxonomy":"post_tag","embeddable":true,"href":"https:\/\/cebem.org\/index.php?rest_route=%2Fwp%2Fv2%2Ftags&post=10577"}],"curies":[{"name":"wp","href":"https:\/\/api.w.org\/{rel}","templated":true}]}}