
{"id":10418,"date":"2022-04-29T12:19:52","date_gmt":"2022-04-29T16:19:52","guid":{"rendered":"https:\/\/cebem.org\/?p=10418"},"modified":"2022-05-03T09:26:39","modified_gmt":"2022-05-03T13:26:39","slug":"fundesnap-prometa-requiere-contratar-un-profesional-para-el-cargo-de-coordinador-a-de-proyecto","status":"publish","type":"post","link":"https:\/\/cebem.org\/?p=10418","title":{"rendered":"FUNDESNAP \u2013 PROMETA: Requiere contratar un profesional para el cargo de COORDINADOR\/A de PROYECTO"},"content":{"rendered":"\n<p class=\"has-text-align-center\"><strong>FUNDACION PARA EL DESARROLLO DEL SISTEMA NACIONAL DE AREAS PROTEGIDAS (FUNDESNAP)<br>INVITACION PUBLICA N\u00aa 001\/ 2022<br>FUNDESNAP \u2013 PROMET<\/strong><\/p>\n\n\n\n<p class=\"has-text-align-justify\">La Fundaci\u00f3n para el Desarrollo del Sistema Nacional de \u00c1reas Protegidas (FUNDESNAP &#8211; FONDO AMBIENTAL) en coordinaci\u00f3n con Protecci\u00f3n del Medio Ambiente Tarija \u2013 PROMETA, y con el apoyo financiero de la Cooperaci\u00f3n Suiza en Bolivia (COSUDE), est\u00e1n implementando el proyecto: \u201cConsolidaci\u00f3n y sostenibilidad de la gesti\u00f3n de un \u00e1rea protegida como modelo de gesti\u00f3n integral de sistemas de vida \u201d.<br><\/p>\n\n\n\n<p class=\"has-text-align-left\">Para el efecto, requiere contratar un profesional para el cargo de COORDINADOR\/A de PROYECTO que re\u00fana el siguiente perfil:<br><\/p>\n\n\n\n<p class=\"has-text-align-left\">El\/la postulante al CARGO DE COORDINADOR\/A DE PROYECTO debe contar con:<br><\/p>\n\n\n\n<ul class=\"wp-block-list\"><li>Formaci\u00f3n acad\u00e9mica en Ciencias Sociales o Ciencias ambientales.<\/li><li>Experiencia en relacionamiento con actores sociales e institucionales de la cuenca del r\u00edo Guadalquivir.<\/li><li>Experiencia profesional, como dependiente o consultor\/a en procesos de planificaci\u00f3n y an\u00e1lisis de din\u00e1micas sociales de al menos 5 a\u00f1os.<\/li><li>Manejo de enfoques de desarrollo desde perspectivas de g\u00e9nero e intercultural.<\/li><li>Experiencia en elaboraci\u00f3n de diagn\u00f3sticos.<\/li><li>Experiencia en Planificaci\u00f3n, Preparaci\u00f3n y Evaluaci\u00f3n de Proyectos.<\/li><li>Experiencia en sistematizaci\u00f3n de experiencias y procesos de trabajo interinstitucional para el desarrollo.<\/li><li>Liderazgo, habilidades sociales para la comunicaci\u00f3n, coordinaci\u00f3n, tolerancia y persuasi\u00f3n.<\/li><li>Empat\u00eda y buen entendimiento del contexto social de la poblaci\u00f3n beneficiaria.<\/li><li>Habilidad de analizar informaci\u00f3n, evaluar opciones y elaborar propuestas.<\/li><\/ul>\n\n\n\n<p>El ejercicio del cargo requiere el cumplimiento de las siguientes condiciones:<\/p>\n\n\n\n<ul class=\"wp-block-list\"><li>Residencia en la ciudad de Tarija.<\/li><\/ul>\n\n\n\n<ul class=\"wp-block-list\"><li>Disponibilidad y flexibilidad para trasladarse al \u00e1rea de influencia de la Cordillera de Sama y la cuenca del r\u00edo Guadalquivir.<\/li><\/ul>\n\n\n\n<ul class=\"wp-block-list\"><li>Disponibilidad de tiempo de acuerdo a los requerimientos descritos anteriormente.<\/li><\/ul>\n\n\n\n<p class=\"has-text-align-left\">Los\/as interesados en acceder al cargo deber\u00e1n presentar sus postulaciones anexando la documentaci\u00f3n solicitada hasta el d\u00eda 6 de mayo 2022 a horas 16:00, a la direcci\u00f3n electr\u00f3nica fundesnap@fundesnap.org y prometa@prometa.org.bo.<br><\/p>\n\n\n\n<p class=\"has-text-align-left\">La Paz, abril 28 de 2022<br><\/p>\n\n\n\n<p class=\"has-text-align-center\"><strong>ESTE B<\/strong>OLET\u00cdN SE PRODUCE POR ENCARGO DE FUNDESNAP<\/p>\n","protected":false},"excerpt":{"rendered":"<p>FUNDACION PARA EL DESARROLLO DEL SISTEMA NACIONAL DE AREAS PROTEGIDAS (FUNDESNAP)INVITACION PUBLICA N\u00aa 001\/ 2022FUNDESNAP \u2013 PROMET La Fundaci\u00f3n para el Desarrollo del Sistema Nacional de \u00c1reas Protegidas (FUNDESNAP &#8211; FONDO AMBIENTAL) en coordinaci\u00f3n con Protecci\u00f3n del Medio Ambiente Tarija \u2013 PROMETA, y con el apoyo financiero de la Cooperaci\u00f3n Suiza en Bolivia (COSUDE), est\u00e1n &hellip; <\/p>\n<p><a class=\"more-link btn\" href=\"https:\/\/cebem.org\/?p=10418\">Seguir leyendo<\/a><\/p>\n","protected":false},"author":12,"featured_media":10420,"comment_status":"closed","ping_status":"closed","sticky":false,"template":"","format":"standard","meta":{"_jetpack_memberships_contains_paid_content":false,"footnotes":"","jetpack_publicize_message":"rrollo del Sistema Nacional de \u00c1reas Protegidas (FUNDESNAP - FONDO AMBIENTAL) en coordinaci\u00f3n con Protecci\u00f3n del Medio Ambiente Tarija \u2013 PROMETA, y con el apoyo financiero de la Cooperaci\u00f3n Suiza en Bolivia (COSUDE) Ver mas...","jetpack_publicize_feature_enabled":true,"jetpack_social_post_already_shared":true,"jetpack_social_options":{"image_generator_settings":{"template":"highway","default_image_id":0,"font":"","enabled":false},"version":2}},"categories":[1476],"tags":[1716,1715,1557],"class_list":["post-10418","post","type-post","status-publish","format-standard","has-post-thumbnail","hentry","category-boletines-redesma","tag-coordinador-a","tag-fundesnap-prometa","tag-requerimiento-de-personal","item-wrap"],"jetpack_publicize_connections":[],"jetpack_featured_media_url":"https:\/\/i0.wp.com\/cebem.org\/wp-content\/uploads\/2022\/04\/fundesnap_prometa.jpg?fit=1200%2C630&ssl=1","jetpack_sharing_enabled":true,"_links":{"self":[{"href":"https:\/\/cebem.org\/index.php?rest_route=\/wp\/v2\/posts\/10418","targetHints":{"allow":["GET"]}}],"collection":[{"href":"https:\/\/cebem.org\/index.php?rest_route=\/wp\/v2\/posts"}],"about":[{"href":"https:\/\/cebem.org\/index.php?rest_route=\/wp\/v2\/types\/post"}],"author":[{"embeddable":true,"href":"https:\/\/cebem.org\/index.php?rest_route=\/wp\/v2\/users\/12"}],"replies":[{"embeddable":true,"href":"https:\/\/cebem.org\/index.php?rest_route=%2Fwp%2Fv2%2Fcomments&post=10418"}],"version-history":[{"count":1,"href":"https:\/\/cebem.org\/index.php?rest_route=\/wp\/v2\/posts\/10418\/revisions"}],"predecessor-version":[{"id":10419,"href":"https:\/\/cebem.org\/index.php?rest_route=\/wp\/v2\/posts\/10418\/revisions\/10419"}],"wp:featuredmedia":[{"embeddable":true,"href":"https:\/\/cebem.org\/index.php?rest_route=\/wp\/v2\/media\/10420"}],"wp:attachment":[{"href":"https:\/\/cebem.org\/index.php?rest_route=%2Fwp%2Fv2%2Fmedia&parent=10418"}],"wp:term":[{"taxonomy":"category","embeddable":true,"href":"https:\/\/cebem.org\/index.php?rest_route=%2Fwp%2Fv2%2Fcategories&post=10418"},{"taxonomy":"post_tag","embeddable":true,"href":"https:\/\/cebem.org\/index.php?rest_route=%2Fwp%2Fv2%2Ftags&post=10418"}],"curies":[{"name":"wp","href":"https:\/\/api.w.org\/{rel}","templated":true}]}}