
{"id":10405,"date":"2022-04-27T09:18:00","date_gmt":"2022-04-27T13:18:00","guid":{"rendered":"https:\/\/cebem.org\/?p=10405"},"modified":"2022-06-22T08:45:47","modified_gmt":"2022-06-22T12:45:47","slug":"dia-mundial-de-la-conciencia-sobre-ruido-27-de-abril","status":"publish","type":"post","link":"https:\/\/cebem.org\/?p=10405","title":{"rendered":"D\u00eda Mundial de la conciencia sobre ruido -27 de Abril"},"content":{"rendered":"\n<p>Cada \u00faltimo mi\u00e9rcoles del mes de abril se celebra el d\u00eda internacional de concienciaci\u00f3n sobre el ruido, una fecha que se conmemora desde hace m\u00e1s de 25 a\u00f1os.<\/p>\n\n\n\n<p>Tiene el prop\u00f3sito de promover a nivel internacional el cuidado del ambiente ac\u00fastico, la conservaci\u00f3n de la audici\u00f3n y la concienciaci\u00f3n sobre las molestias y sobre los riesgos que tiene el ruido para el trastorno auditivo en particular, y la salud en general.<\/p>\n\n\n\n<p>La Organizaci\u00f3n Mundial de la Salud (OMS) describe al ruido como la primera molestia ambiental en los pa\u00edses industrializados.<\/p>\n\n\n\n<p>                    <em>El ruido afecta a las personas de diversas maneras. Sus efectos est\u00e1n relacionados con la audici\u00f3n, el sistema nervioso vegetativo, la psiquis, la comunicaci\u00f3n oral, el sue\u00f1o y el rendimiento. Puesto que el ruido es un factor estresante, una carga mayor para el cuerpo produce un mayor consumo de energ\u00eda y m\u00e1s desgaste. Se sospecha que el ruido puede favorecer principalmente las enfermedades en que el estr\u00e9s tiene una funci\u00f3n importante, como las enfermedades cardiovasculares, que se pueden manifestar en la forma de hipertensi\u00f3n, infarto de miocardio, angina de pecho o incluso apoplej\u00eda.<\/em><\/p>\n\n\n\n<p>               <em>Los efectos para el campo psicol\u00f3gico tambi\u00e9n son graves. El estr\u00e9s producido por ruido ambiental es una preocupaci\u00f3n principal, no s\u00f3lo en los pa\u00edses industrializados, sino tambi\u00e9n cada vez m\u00e1s en las naciones en desarrollo. Debido al continuo y masivo aumento de los vol\u00famenes de tr\u00e1fico, tanto vial como a\u00e9reo, el estr\u00e9s causado por el ruido ambiental ha tenido un incremento constante en su duraci\u00f3n y en el \u00e1rea afectada. <\/em>(Declaraci\u00f3n de la AMM sobre la contaminaci\u00f3n ac\u00fastica, 2017)<\/p>\n\n\n<div class=\"wp-block-image is-style-rounded\">\n<figure class=\"aligncenter is-resized\"><img data-recalc-dims=\"1\" fetchpriority=\"high\" decoding=\"async\" src=\"https:\/\/i0.wp.com\/cdn.pixabay.com\/photo\/2016\/03\/31\/18\/21\/demonstration-1294299_1280.png?resize=300%2C300&#038;ssl=1\" alt=\"Demostraci\u00f3n Dictadura Prohibido - Gr\u00e1ficos vectoriales gratis en Pixabay\" width=\"300\" height=\"300\"\/><\/figure>\n<\/div>\n\n\n<p>El ocio tambi\u00e9n puede producir da\u00f1o auditivo.&nbsp;<\/p>\n\n\n\n<p>                        <em>La fuente m\u00e1s com\u00fan de ruido en este contexto es la m\u00fasica, a la cual el o\u00eddo est\u00e1 expuesto por distintos medios de audio en lugares diferentes (reproductores de m\u00fasica port\u00e1tiles, sistemas est\u00e9reos, discotecas, conciertos). La mayor\u00eda de la gente subestima el riesgo de sufrir da\u00f1o auditivo o incluso lo niega conscientemente. El mayor problema (o aspecto) es crear conciencia en el grupo de mayor riesgo, por lo general los j\u00f3venes.&nbsp;<\/em><\/p>\n\n\n\n<p>Compartimos el documento de OMS \u201cGu\u00edas para el ruido urbano\u201d&nbsp; que lo encuentran disponible en: <a href=\"https:\/\/ocw.unican.es\/pluginfile.php\/965\/course\/section\/1090\/Guias%2520para%2520el%2520ruido%2520urbano.pdf\" target=\"_blank\" rel=\"noreferrer noopener\">https:\/\/ocw.unican.es\/pluginfile.php\/965\/course\/section\/1090\/Guias%2520para%2520el%2520ruido%2520urbano.pdf<\/a><\/p>\n\n\n\n<p>Fuentes consultadas para el desarrollo del articulo:&nbsp;<\/p>\n\n\n\n<ul class=\"wp-block-list\"><li>Declaraci\u00f3n de la AMM sobre la contaminaci\u00f3n ac\u00fastica.&nbsp; Adoptada por la 44\u00aa Asamblea M\u00e9dica Mundial Marbella, Espa\u00f1a, septiembre 1992, Enmendada por la 58a Asamblea General de la AMM, Copenhague, Dinamarca, octubre 2007 y reafirmada con una revisi\u00f3n menor por la 207\u00aa sesi\u00f3n del Consejo de la AMM en Chicago, Estados Unidos, octubre 2017<\/li><li>Instituto Nacional de Normalizaci\u00f3n (en linea) Dia Internacional de la conciencia de Ruido. Disponible en: <a href=\"https:\/\/www.inn.cl\/dia-internacional-de-la-conciencia-sobre-el-ruido\" target=\"_blank\" rel=\"noreferrer noopener\">https:\/\/www.inn.cl\/dia-internacional-de-la-conciencia-sobre-el-ruido<\/a><\/li><\/ul>\n\n\n\n<p>&#8212;&#8212;&#8212;&#8212;&#8212;&#8212;&#8212;&#8212;&#8211;<\/p>\n\n\n\n<p class=\"has-small-font-size\"><em>*Textos desarrollados por Lorena Coria\u00a0 y Daniela Sevilla Morales en el marco del Proyecto Observatorio Ambiental CEBEM REDESMA. 2022<\/em><\/p>\n","protected":false},"excerpt":{"rendered":"<p>Cada \u00faltimo mi\u00e9rcoles del mes de abril se celebra el d\u00eda internacional de concienciaci\u00f3n sobre el ruido, una fecha que se conmemora desde hace m\u00e1s de 25 a\u00f1os.<\/p>\n","protected":false},"author":14,"featured_media":10446,"comment_status":"closed","ping_status":"closed","sticky":false,"template":"","format":"standard","meta":{"_jetpack_memberships_contains_paid_content":false,"footnotes":"","jetpack_publicize_message":"","jetpack_publicize_feature_enabled":true,"jetpack_social_post_already_shared":true,"jetpack_social_options":{"image_generator_settings":{"template":"highway","default_image_id":0,"font":"","enabled":false},"version":2}},"categories":[1],"tags":[1462,1034,1478],"class_list":["post-10405","post","type-post","status-publish","format-standard","has-post-thumbnail","hentry","category-noticias","tag-calendario-ambiental","tag-educacion-ambiental","tag-observatorio-ambiental-cebem-redesma","item-wrap"],"jetpack_publicize_connections":[],"jetpack_featured_media_url":"https:\/\/i0.wp.com\/cebem.org\/wp-content\/uploads\/2022\/04\/pexels-sora-shimazaki-5935755.jpg?fit=1024%2C682&ssl=1","jetpack_sharing_enabled":true,"_links":{"self":[{"href":"https:\/\/cebem.org\/index.php?rest_route=\/wp\/v2\/posts\/10405","targetHints":{"allow":["GET"]}}],"collection":[{"href":"https:\/\/cebem.org\/index.php?rest_route=\/wp\/v2\/posts"}],"about":[{"href":"https:\/\/cebem.org\/index.php?rest_route=\/wp\/v2\/types\/post"}],"author":[{"embeddable":true,"href":"https:\/\/cebem.org\/index.php?rest_route=\/wp\/v2\/users\/14"}],"replies":[{"embeddable":true,"href":"https:\/\/cebem.org\/index.php?rest_route=%2Fwp%2Fv2%2Fcomments&post=10405"}],"version-history":[{"count":6,"href":"https:\/\/cebem.org\/index.php?rest_route=\/wp\/v2\/posts\/10405\/revisions"}],"predecessor-version":[{"id":10868,"href":"https:\/\/cebem.org\/index.php?rest_route=\/wp\/v2\/posts\/10405\/revisions\/10868"}],"wp:featuredmedia":[{"embeddable":true,"href":"https:\/\/cebem.org\/index.php?rest_route=\/wp\/v2\/media\/10446"}],"wp:attachment":[{"href":"https:\/\/cebem.org\/index.php?rest_route=%2Fwp%2Fv2%2Fmedia&parent=10405"}],"wp:term":[{"taxonomy":"category","embeddable":true,"href":"https:\/\/cebem.org\/index.php?rest_route=%2Fwp%2Fv2%2Fcategories&post=10405"},{"taxonomy":"post_tag","embeddable":true,"href":"https:\/\/cebem.org\/index.php?rest_route=%2Fwp%2Fv2%2Ftags&post=10405"}],"curies":[{"name":"wp","href":"https:\/\/api.w.org\/{rel}","templated":true}]}}