
{"id":10402,"date":"2022-04-26T09:34:00","date_gmt":"2022-04-26T13:34:00","guid":{"rendered":"https:\/\/cebem.org\/?p=10402"},"modified":"2022-05-03T19:41:47","modified_gmt":"2022-05-03T23:41:47","slug":"calendario-ambiental-dia-internacional-de-recordacion-del-desastre-de-chernobil-26-de-abril","status":"publish","type":"post","link":"https:\/\/cebem.org\/?p=10402","title":{"rendered":"Calendario Ambiental: D\u00eda Internacional de Recordaci\u00f3n del Desastre de Chern\u00f3bil- 26 de abril"},"content":{"rendered":"\n<p>La fecha conmemora el accidente nuclear de la central nuclear de Chern\u00f3bil.<\/p>\n\n\n\n<p>El accidente nuclear sucedio en 26 de Abril de 1986 e implic\u00f3 la liberaci\u00f3n de <a href=\"https:\/\/edition.cnn.com\/2022\/03\/11\/europe\/gallery\/chernobyl-disaster\/index.html\" target=\"_blank\" rel=\"noreferrer noopener\">grandes cantidades de radiaci\u00f3n en la atm\u00f3sfera<\/a>, a la vez que <a href=\"https:\/\/cnnespanol.cnn.com\/2020\/04\/06\/un-incendio-forestal-se-registra-en-la-zona-de-exclusion-de-chernobyl-reportan-las-autoridades\/\" target=\"_blank\" rel=\"noreferrer noopener\">provoc\u00f3 una lluvia radiactiva y expuso a millones de personas a niveles peligrosos de radiaci\u00f3n<\/a>. La nube radioactiva se extendi\u00f3 en gran parte de lo que fue la Uni\u00f3n Sovi\u00e9tica y\u00a0 los actuales territorios de Belar\u00fas, Ucrania y la Federaci\u00f3n de Rusia. Casi 8.4 millones de personas en los tres pa\u00edses fueron expuestas a la radiaci\u00f3n.<\/p>\n\n\n\n<p>                    \u201c<em>El gobierno sovi\u00e9tico reconoci\u00f3 la necesidad de la ayuda internacional s\u00f3lo en 1990. Ese mismo a\u00f1o la Asamblea General adopt\u00f3 la <a href=\"http:\/\/undocs.org\/es\/A\/RES\/45\/190\" target=\"_blank\" rel=\"noreferrer noopener\">Resoluci\u00f3n 45\/190<\/a>, llamando a \u00abla cooperaci\u00f3n internacional para abordar y mitigar las consecuencias de la planta nuclear de Chern\u00f3bil\u00bb. Ese fue el comienzo de la participaci\u00f3n de las Naciones Unidas en la recuperaci\u00f3n de Chern\u00f3bil. El grupo de trabajo interinstitucional fue creado para coordinar la cooperaci\u00f3n de Chern\u00f3bil. En 1991, la ONU cre\u00f3 el Fondo Fiduciario para Chern\u00f3bil, en la actualidad bajo la direcci\u00f3n de la Oficina de Coordinaci\u00f3n de Asuntos Humanitarios (<a href=\"https:\/\/www.unocha.org\/\" target=\"_blank\" rel=\"noreferrer noopener\">OCHA<\/a>). Desde 1986, el sistema de las Naciones Unidas y las principales ONG han puesto en marcha m\u00e1s de 230 diferentes estudios y proyectos de asistencia en los \u00e1mbitos de salud, seguridad nuclear, rehabilitaci\u00f3n, medio ambiente, obtenci\u00f3n de alimentos limpios e informaci\u00f3n.\u201d <\/em>(Naciones Unidas, en l\u00ednea)<\/p>\n\n\n\n<p>En 2009 la ONU present\u00f3 la <a href=\"http:\/\/chernobyl.info\/en-US\/Home.aspx\" target=\"_blank\" rel=\"noreferrer noopener\">Red Internacional de Investigaci\u00f3n e Informaci\u00f3n sobre Chern\u00f3bil<\/a>, atendiendo a que las consecuencias de Chern\u00f3bil seguir\u00e1n en el futuro y que el trabajo de la comunidad internacional no ha terminado todav\u00eda.<\/p>\n\n\n\n<p>Finalmente el 8 de diciembre de 2016, la Asamblea General de las Naciones Unidas aprob\u00f3 una <a href=\"http:\/\/undocs.org\/es\/A\/RES\/71\/125\" target=\"_blank\" rel=\"noreferrer noopener\">resoluci\u00f3n<\/a> que designaba el 26 de abril como el D\u00eda Internacional de Recordaci\u00f3n del Desastre de Chern\u00f3bil.\u00a0<\/p>\n\n\n\n<p>Compartimos la infograf\u00eda de Pinterest de Walter Cortez que sintetiza las causas y consecuencias del evento. <\/p>\n\n\n\n<p><\/p>\n\n\n\n<figure class=\"wp-block-image\"><img data-recalc-dims=\"1\" decoding=\"async\" src=\"https:\/\/i0.wp.com\/i.pinimg.com\/originals\/c7\/3e\/e8\/c73ee80cc2658bdfd277272ffb4d4dc4.jpg?w=750&#038;ssl=1\" alt=\"\"\/><\/figure>\n\n\n\n<p><strong>Fuentes consultadas:<\/strong>\u00a0<\/p>\n\n\n\n<ul class=\"wp-block-list\"><li>Naciones Unidas (en l\u00ednea) <a href=\"https:\/\/www.un.org\/es\/observances\/chernobyl-remembrance-day\" target=\"_blank\" rel=\"noreferrer noopener\">D\u00eda Internacional de Recordaci\u00f3n del Desastre de Chern\u00f3bil 26 de abril<\/a>. Disponible en: <a href=\"https:\/\/www.un.org\/es\/observances\/chernobyl-remembrance-day\" target=\"_blank\" rel=\"noreferrer noopener\">https:\/\/www.un.org\/es\/observances\/chernobyl-remembrance-day<\/a><\/li><li>CNN (2022) En im\u00e1genes: el desastre de Chern\u00f3bil. Disponible en: <a href=\"https:\/\/edition.cnn.com\/2022\/03\/11\/europe\/gallery\/chernobyl-disaster\/index.html\" target=\"_blank\" rel=\"noreferrer noopener\">https:\/\/edition.cnn.com\/2022\/03\/11\/europe\/gallery\/chernobyl-disaster\/index.html<\/a><\/li><li>CNN (2020) Los niveles de radiaci\u00f3n de Chernobyl aumentan en medio de incendios forestales. Disponible en:  <a href=\"https:\/\/cnnespanol.cnn.com\/2020\/04\/06\/un-incendio-forestal-se-registra-en-la-zona-de-exclusion-de-chernobyl-reportan-las-autoridades\/\" target=\"_blank\" rel=\"noreferrer noopener\">https:\/\/cnnespanol.cnn.com\/2020\/04\/06\/un-incendio-forestal-se-registra-en-la-zona-de-exclusion-de-chernobyl-reportan-las-autoridades\/<\/a><\/li><li>Infograf\u00eda Pinterest. Disponible en: <a href=\"https:\/\/www.pinterest.com.mx\/pin\/368943394450725733\/\" target=\"_blank\" rel=\"noreferrer noopener\">https:\/\/www.pinterest.com.mx\/pin\/368943394450725733\/<\/a><\/li><\/ul>\n\n\n\n<p class=\"has-tiny-font-size\">*Texto desarrollado por Lorena Coria en el marco del Proyecto Observatorio Ambiental CEBEM REDESMA. 2022<\/p>\n","protected":false},"excerpt":{"rendered":"<p>El accidente nuclear sucedio en 26 de Abril de 1986 e implic\u00f3 la liberaci\u00f3n de grandes cantidades de radiaci\u00f3n en la atm\u00f3sfera, a la vez que provoc\u00f3 una lluvia radiactiva y expuso a millones de personas a niveles peligrosos de radiaci\u00f3n.<\/p>\n","protected":false},"author":14,"featured_media":10442,"comment_status":"closed","ping_status":"closed","sticky":false,"template":"","format":"standard","meta":{"_jetpack_memberships_contains_paid_content":false,"footnotes":"","jetpack_publicize_message":"","jetpack_publicize_feature_enabled":true,"jetpack_social_post_already_shared":true,"jetpack_social_options":{"image_generator_settings":{"template":"highway","default_image_id":0,"font":"","enabled":false},"version":2}},"categories":[1],"tags":[1462,1034,1478],"class_list":["post-10402","post","type-post","status-publish","format-standard","has-post-thumbnail","hentry","category-noticias","tag-calendario-ambiental","tag-educacion-ambiental","tag-observatorio-ambiental-cebem-redesma","item-wrap"],"jetpack_publicize_connections":[],"jetpack_featured_media_url":"https:\/\/i0.wp.com\/cebem.org\/wp-content\/uploads\/2022\/04\/pripyat-1374515_1280.jpg?fit=1280%2C850&ssl=1","jetpack_sharing_enabled":true,"_links":{"self":[{"href":"https:\/\/cebem.org\/index.php?rest_route=\/wp\/v2\/posts\/10402","targetHints":{"allow":["GET"]}}],"collection":[{"href":"https:\/\/cebem.org\/index.php?rest_route=\/wp\/v2\/posts"}],"about":[{"href":"https:\/\/cebem.org\/index.php?rest_route=\/wp\/v2\/types\/post"}],"author":[{"embeddable":true,"href":"https:\/\/cebem.org\/index.php?rest_route=\/wp\/v2\/users\/14"}],"replies":[{"embeddable":true,"href":"https:\/\/cebem.org\/index.php?rest_route=%2Fwp%2Fv2%2Fcomments&post=10402"}],"version-history":[{"count":5,"href":"https:\/\/cebem.org\/index.php?rest_route=\/wp\/v2\/posts\/10402\/revisions"}],"predecessor-version":[{"id":10443,"href":"https:\/\/cebem.org\/index.php?rest_route=\/wp\/v2\/posts\/10402\/revisions\/10443"}],"wp:featuredmedia":[{"embeddable":true,"href":"https:\/\/cebem.org\/index.php?rest_route=\/wp\/v2\/media\/10442"}],"wp:attachment":[{"href":"https:\/\/cebem.org\/index.php?rest_route=%2Fwp%2Fv2%2Fmedia&parent=10402"}],"wp:term":[{"taxonomy":"category","embeddable":true,"href":"https:\/\/cebem.org\/index.php?rest_route=%2Fwp%2Fv2%2Fcategories&post=10402"},{"taxonomy":"post_tag","embeddable":true,"href":"https:\/\/cebem.org\/index.php?rest_route=%2Fwp%2Fv2%2Ftags&post=10402"}],"curies":[{"name":"wp","href":"https:\/\/api.w.org\/{rel}","templated":true}]}}