
{"id":10395,"date":"2022-04-28T10:24:22","date_gmt":"2022-04-28T14:24:22","guid":{"rendered":"https:\/\/cebem.org\/?p=10395"},"modified":"2022-04-28T10:24:23","modified_gmt":"2022-04-28T14:24:23","slug":"progettomondo-financiado-por-la-union-europea-requiere-la-contratacion-de-un-profesional","status":"publish","type":"post","link":"https:\/\/cebem.org\/?p=10395","title":{"rendered":"Progettomondo financiado por la Uni\u00f3n Europea: Requiere la contrataci\u00f3n de un profesional."},"content":{"rendered":"\n<p class=\"has-text-align-center\"><strong>REQUERIMIENTO DE PERSONAL<\/strong><\/p>\n\n\n\n<p>Progettomondo en el marco del proyecto EIDHR\/2020\/419-926&nbsp;\u00bb CON BUENA RAZON: Lucha y prevenci\u00f3n de las formas m\u00e1s degradantes, crueles e inhumanas de tortura y otros malos tratos hacia la poblaci\u00f3n privada de libertad, particularmente mujeres y adolescentes, de Bolivia y Honduras\u201d financiado por la Uni\u00f3n Europea, requiere la contrataci\u00f3n de un profesional para el cargo de:<\/p>\n\n\n\n<p><strong>1 T\u00e9cnico Inform\u00e1tico<\/strong><\/p>\n\n\n\n<p>El personal contratado en el marco del proyecto Con Buena Raz\u00f3n (CBR) y bajo la coordinaci\u00f3n de Progettomondo en Bolivia, tendr\u00e1 &nbsp;como objetivo principal Apoyar al desarrollo e implementaci\u00f3n de un Sistema Inform\u00e1tico para el Mecanismo Nacional de Prevenci\u00f3n de la Tortura del Estado Plurinacional de Bolivia (MNP-Bolivia), que permita identificar las principales violaciones a derechos humanos de las personas privadas total o parcialmente de su libertad en Bolivia<\/p>\n\n\n\n<p>Las y los interesados en postular al cargo deber\u00e1n enviar al correo electr\u00f3nico <a href=\"mailto:postulaciones.justicia@gmail.com\">postulaciones.justicia@gmail.com<\/a> los siguientes documentos en formato PDF:<\/p>\n\n\n\n<ul class=\"wp-block-list\"><li>Carta de expresi\u00f3n de inter\u00e9s indicando por qu\u00e9 considera que es la persona indicada para el cargo, con <strong><u>expectativa salarial y 2 referencias profesionales<\/u><\/strong>.<\/li><li>Curr\u00edculum Vitae (No documentado).<\/li><\/ul>\n\n\n\n<p>Indicar en el asunto del correo: <strong><u>POSTULACI\u00d3N_TECNICO_INFORMATICO _EIDHR\/2020\/419-926<\/u><\/strong><\/p>\n\n\n\n<p>Las postulaciones ser\u00e1n recibidas <strong>hasta el jueves 5 de mayo de 2022<\/strong>, impostergablemente.<\/p>\n\n\n\n<p>Para mayor informaci\u00f3n descargar los <a href=\"https:\/\/cebem.org\/boletin\/2022\/progettomondo_6\/TDR_Tecnico_Informatico.pdf\" target=\"_blank\" rel=\"noreferrer noopener\">t\u00e9rminos de referencia<\/a><\/p>\n\n\n\n<hr class=\"wp-block-separator\"\/>\n\n\n\n<p class=\"has-text-align-center\"><strong><em>ESTE BOLET\u00cdN SE PRODUCE POR ENCARGO DE PROGETTOMONDO<\/em><\/strong><\/p>\n","protected":false},"excerpt":{"rendered":"<p>REQUERIMIENTO DE PERSONAL Progettomondo en el marco del proyecto EIDHR\/2020\/419-926&nbsp;\u00bb CON BUENA RAZON: Lucha y prevenci\u00f3n de las formas m\u00e1s degradantes, crueles e inhumanas de tortura y otros malos tratos hacia la poblaci\u00f3n privada de libertad, particularmente mujeres y adolescentes, de Bolivia y Honduras\u201d financiado por la Uni\u00f3n Europea, requiere la contrataci\u00f3n de un profesional &hellip; <\/p>\n<p><a class=\"more-link btn\" href=\"https:\/\/cebem.org\/?p=10395\">Seguir leyendo<\/a><\/p>\n","protected":false},"author":12,"featured_media":10396,"comment_status":"closed","ping_status":"closed","sticky":false,"template":"","format":"standard","meta":{"_jetpack_memberships_contains_paid_content":false,"footnotes":"","jetpack_publicize_message":"Progettomondo en el marco del proyecto EIDHR\/2020\/419-926\u00a0\" CON BUENA RAZON: financiado por la Uni\u00f3n Europea, requiere la contrataci\u00f3n de un profesional  Ver mas....","jetpack_publicize_feature_enabled":true,"jetpack_social_post_already_shared":true,"jetpack_social_options":{"image_generator_settings":{"template":"highway","default_image_id":0,"font":"","enabled":false},"version":2}},"categories":[1476],"tags":[1708,1557],"class_list":["post-10395","post","type-post","status-publish","format-standard","has-post-thumbnail","hentry","category-boletines-redesma","tag-progettomondo","tag-requerimiento-de-personal","item-wrap"],"jetpack_publicize_connections":[],"jetpack_featured_media_url":"https:\/\/i0.wp.com\/cebem.org\/wp-content\/uploads\/2022\/04\/progettomondo.jpg?fit=1200%2C630&ssl=1","jetpack_sharing_enabled":true,"_links":{"self":[{"href":"https:\/\/cebem.org\/index.php?rest_route=\/wp\/v2\/posts\/10395","targetHints":{"allow":["GET"]}}],"collection":[{"href":"https:\/\/cebem.org\/index.php?rest_route=\/wp\/v2\/posts"}],"about":[{"href":"https:\/\/cebem.org\/index.php?rest_route=\/wp\/v2\/types\/post"}],"author":[{"embeddable":true,"href":"https:\/\/cebem.org\/index.php?rest_route=\/wp\/v2\/users\/12"}],"replies":[{"embeddable":true,"href":"https:\/\/cebem.org\/index.php?rest_route=%2Fwp%2Fv2%2Fcomments&post=10395"}],"version-history":[{"count":2,"href":"https:\/\/cebem.org\/index.php?rest_route=\/wp\/v2\/posts\/10395\/revisions"}],"predecessor-version":[{"id":10398,"href":"https:\/\/cebem.org\/index.php?rest_route=\/wp\/v2\/posts\/10395\/revisions\/10398"}],"wp:featuredmedia":[{"embeddable":true,"href":"https:\/\/cebem.org\/index.php?rest_route=\/wp\/v2\/media\/10396"}],"wp:attachment":[{"href":"https:\/\/cebem.org\/index.php?rest_route=%2Fwp%2Fv2%2Fmedia&parent=10395"}],"wp:term":[{"taxonomy":"category","embeddable":true,"href":"https:\/\/cebem.org\/index.php?rest_route=%2Fwp%2Fv2%2Fcategories&post=10395"},{"taxonomy":"post_tag","embeddable":true,"href":"https:\/\/cebem.org\/index.php?rest_route=%2Fwp%2Fv2%2Ftags&post=10395"}],"curies":[{"name":"wp","href":"https:\/\/api.w.org\/{rel}","templated":true}]}}