
{"id":10364,"date":"2022-04-26T12:23:56","date_gmt":"2022-04-26T16:23:56","guid":{"rendered":"https:\/\/cebem.org\/?p=10364"},"modified":"2022-04-26T12:23:58","modified_gmt":"2022-04-26T16:23:58","slug":"fundacion-unir-bolivia-requerimiento-de-consultor-a-especialista-en-gestion-del-conocimiento","status":"publish","type":"post","link":"https:\/\/cebem.org\/?p=10364","title":{"rendered":"Fundaci\u00f3n UNIR Bolivia: Requerimiento de Consultor\/a Especialista en Gesti\u00f3n del Conocimiento"},"content":{"rendered":"\n<p class=\"has-text-align-center\"><strong>REQUERIMIENTO DE CONSULTOR\/A ESPECIALISTA <\/strong><\/p>\n\n\n\n<p class=\"has-text-align-center\"><strong>EN GESTI\u00d3N DEL CONOCIMIENTO<\/strong><\/p>\n\n\n\n<p class=\"has-text-align-justify\">La Fundaci\u00f3n UNIR Bolivia ejecuta un mandato que busca apoyar la aplicaci\u00f3n integral del enfoque de gobernabilidad, GPSC e interculturalidad en proyectos priorizados por la Cooperaci\u00f3n Suiza, as\u00ed como realizar gesti\u00f3n del conocimiento que permita la transferencia de conocimiento a diferentes socios y actores contraparte<strong>.<\/strong><\/p>\n\n\n\n<p class=\"has-text-align-justify\">Entre las tareas de la consultor\u00eda se prev\u00e9 dise\u00f1ar e implementar un ciclo de gesti\u00f3n del conocimiento desde la priorizaci\u00f3n, implementaci\u00f3n, organizaci\u00f3n, intercambio, uso del conocimiento y generaci\u00f3n de un nuevo conocimiento.<\/p>\n\n\n\n<p>Los documentos referenciales oficiales para la elaboraci\u00f3n de la consultor\u00eda son:<\/p>\n\n\n\n<ul class=\"wp-block-list\"><li><em>Gobernabilidad como transversal. Gu\u00eda corta conceptual y pr\u00e1ctica de la Cooperaci\u00f3n de Suiza en Bolivia, <\/em>sistematizaci\u00f3n con base a lineamientos Berna, Coop. Suiza en Bolivia, noviembre 2019<\/li><li><em>Gu\u00eda de herramientas e instrumentos en GPSC, <\/em>Cooperaci\u00f3n Suiza en Bolivia, 2\u00aa. edici\u00f3n 2019.<\/li><\/ul>\n\n\n\n<p>Se pueden solicitar a <a href=\"mailto:gugarte@unirbolivia.org\" target=\"_blank\" rel=\"noreferrer noopener\">gugarte@unirbolivia.org<\/a><\/p>\n\n\n\n<p><strong>B. OBJETIVO Y TAREAS<\/strong><\/p>\n\n\n\n<p class=\"has-text-align-justify\"><strong>Objetivo:<\/strong> Contar con los servicios de un(a) consultor(a) para que realice las tareas de gesti\u00f3n del conocimiento sobre la aplicaci\u00f3n de la transversal de gobernabilidad, GPSC e interculturalidad, la identificaci\u00f3n y sistematizaci\u00f3n de buenas pr\u00e1cticas y lecciones aprendidas que permita la transferencia de conocimiento a diferentes socios y actores contraparte en la aplicaci\u00f3n integral de los mencionados enfoques en proyectos priorizados de la Cooperaci\u00f3n Suiza.<\/p>\n\n\n\n<p><strong>Principales tareas<\/strong><\/p>\n\n\n\n<ol class=\"wp-block-list\"><li>Revisar los mecanismos disponibles y potenciales para recoger, sintetizar y compartir informaci\u00f3n en la oficina, identificar aquellos que tienen m\u00e1s probabilidad de ser efectivos entre los proyectos seleccionados.<\/li><li>Identificar la experiencia institucional sobre aplicaci\u00f3n transversal de los enfoques de GPSC y gobernabilidad, que puedan generar evidencia como buena pr\u00e1ctica para una futura apropiaci\u00f3n (de aplicaci\u00f3n, adaptaci\u00f3n y\/o actualizaci\u00f3n) de organizaciones p\u00fablicas, privadas y\/o de cooperaci\u00f3n internacional, con base al dise\u00f1o GCO establecido previamente por la COSUDE.<\/li><li>Elaborar y presentar materiales y herramientas GCO de gobernabilidad y GPSC-Interculturalidad a ser transferidas a socios y contrapartes.<\/li><li>Documentar los aprendizajes que puede llevar a un escalamiento institucional a partir de estas experiencias y aprendizajes, en dos \u00e1mbitos:<ul><li>A nivel local o nacional que han demostrado el valor a\u00f1adido de la Cooperaci\u00f3n Suiza en t\u00e9rminos de innovaci\u00f3n y anclaje.<\/li><li>Experiencia de COSUDE con organizaciones de la sociedad civil en el tema de GPSC y gobernabilidad en la cual se ha generado un c\u00edrculo virtuoso de mejores pr\u00e1cticas.<\/li><\/ul><\/li><li>Acompa\u00f1amiento en el desarrollo de productos de difusi\u00f3n.<\/li><\/ol>\n\n\n\n<p><strong>C. PRODUCTOS<\/strong><\/p>\n\n\n\n<ol class=\"wp-block-list\"><li>Plan de trabajo con la metodolog\u00eda de GCO e instrumentos utilizados aprobados.<\/li><li>Documentos GCO de buenas pr\u00e1cticas y lecciones aprendidas en la transversal de gobernabilidad, GPSC e interculturalidad por proyecto, por \u00e1mbito y por la COSUDE en Bolivia. Estos contenidos ser\u00e1n elaborados para que puedan plasmarse en materiales de difusi\u00f3n, que deber\u00e1n contener:<ol type=\"a\"><li>Pautas para el desarrollo de infograf\u00edas sobre buenas pr\u00e1cticas y lecciones aprendidas para la difusi\u00f3n masiva por cada \u00e1mbito de trabajo de la COSUDE.<\/li><li>Preguntas orientadoras y sugerencias de fuentes primarias para el desarrollo de tres v\u00eddeos sobre buenas pr\u00e1cticas y lecciones aprendidas de tres proyectos, uno por \u00e1mbito.<\/li><\/ol><\/li><li>Documento GCO que presenta materiales y herramientas GCO de gobernabilidad y GPSC a ser transferidas a socios y contrapartes.<\/li><li>Informe final que deber\u00e1 incluir elementos como el marco conceptual, un an\u00e1lisis de los desaf\u00edos planteados en el proceso de GCO y recomendaciones claves.<\/li><\/ol>\n\n\n\n<p><strong>E. DURACI\u00d3N DE LA CONSULTORIA Y MONTO ASIGNADO<\/strong><\/p>\n\n\n\n<p class=\"has-text-align-justify\">La consultor\u00eda se desarrollar\u00e1 en un periodo de tiempo del 16 de mayo a 31 de octubre de 2022. El monto total definido para el desarrollo de la consultor\u00eda es de Bs 53,900.-<\/p>\n\n\n\n<p><strong>F. REQUISITOS<\/strong><\/p>\n\n\n\n<ul class=\"wp-block-list\"><li>Formaci\u00f3n acad\u00e9mica en el \u00e1rea de ciencias sociales.<\/li><li>Postgrados en gesti\u00f3n del conocimiento (deseable)<\/li><li>Experiencia espec\u00edfica de al menos cinco a\u00f1os en gesti\u00f3n del conocimiento.<\/li><li>Capacidad de redacci\u00f3n y locuci\u00f3n.<\/li><li>Capacidad de trabajo en equipo.<\/li><li>Conocimiento de la tem\u00e1tica de gesti\u00f3n de conflicto y di\u00e1logo (deseable)<\/li><li>Presentar una carta adjuntando:<ul><li>Curriculum vitae documentado<\/li><li>Incluir productos en GCO desarrollados<\/li><li>Una propuesta de GCO considerando enfoque, metodolog\u00eda, plan de trabajo y resultados esperados.<\/li><\/ul><\/li><\/ul>\n\n\n\n<p><strong>G. PLAZOS ENVIO POSTULACI\u00d3N Y PROPUESTA<\/strong><\/p>\n\n\n\n<p class=\"has-text-align-justify\">El plazo para el env\u00edo de postulaciones y propuesta es<strong> hasta las 23:59 hrs. del 3 de mayo de 2022<\/strong> (indefectiblemente). Las o los interesados podr\u00e1n <a href=\"https:\/\/cebem.org\/boletin\/2022\/f_unir_2\/formulario_postulacion.docx\" target=\"_blank\" rel=\"noreferrer noopener\">descargar el formulario<\/a> \u00fanico de postulaci\u00f3n y remitir el mismo llenado, adjuntando el respaldo de documentos m\u00e1s importantes (t\u00edtulos de formaci\u00f3n y certificados de trabajo). El correo electronico dispuesto para el env\u00edo de informaci\u00f3n es: <a href=\"mailto:primeraconvocatoria2022@gmail.com\" target=\"_blank\" rel=\"noreferrer noopener\">primeraconvocatoria2022@gmail.com<\/a><\/p>\n\n\n\n<p><br>Abril 25 de 2022<\/p>\n\n\n\n<hr class=\"wp-block-separator\"\/>\n\n\n\n<p class=\"has-text-align-center\"><strong><em>ESTE BOLET\u00cdN SE PRODUCE POR ENCARGO DE FUNDACI\u00d3N UNIR<\/em><\/strong><\/p>\n","protected":false},"excerpt":{"rendered":"<p>REQUERIMIENTO DE CONSULTOR\/A ESPECIALISTA EN GESTI\u00d3N DEL CONOCIMIENTO La Fundaci\u00f3n UNIR Bolivia ejecuta un mandato que busca apoyar la aplicaci\u00f3n integral del enfoque de gobernabilidad, GPSC e interculturalidad en proyectos priorizados por la Cooperaci\u00f3n Suiza, as\u00ed como realizar gesti\u00f3n del conocimiento que permita la transferencia de conocimiento a diferentes socios y actores contraparte. Entre las &hellip; <\/p>\n<p><a class=\"more-link btn\" href=\"https:\/\/cebem.org\/?p=10364\">Seguir leyendo<\/a><\/p>\n","protected":false},"author":12,"featured_media":10365,"comment_status":"closed","ping_status":"closed","sticky":false,"template":"","format":"standard","meta":{"_jetpack_memberships_contains_paid_content":false,"footnotes":"","jetpack_publicize_message":"UNIR Bolivia busca apoyar la aplicaci\u00f3n integral del enfoque de gobernabilidad, GPSC e interculturalidad en proyectos priorizados por la Cooperaci\u00f3n Suiza\nVer mas informacion...,","jetpack_publicize_feature_enabled":true,"jetpack_social_post_already_shared":true,"jetpack_social_options":{"image_generator_settings":{"template":"highway","default_image_id":0,"font":"","enabled":false},"version":2}},"categories":[1476],"tags":[1698,1697],"class_list":["post-10364","post","type-post","status-publish","format-standard","has-post-thumbnail","hentry","category-boletines-redesma","tag-requerimiento-de-personal-2","tag-unir-bolivia","item-wrap"],"jetpack_publicize_connections":[],"jetpack_featured_media_url":"https:\/\/i0.wp.com\/cebem.org\/wp-content\/uploads\/2022\/04\/f_unir.jpg?fit=1200%2C630&ssl=1","jetpack_sharing_enabled":true,"_links":{"self":[{"href":"https:\/\/cebem.org\/index.php?rest_route=\/wp\/v2\/posts\/10364","targetHints":{"allow":["GET"]}}],"collection":[{"href":"https:\/\/cebem.org\/index.php?rest_route=\/wp\/v2\/posts"}],"about":[{"href":"https:\/\/cebem.org\/index.php?rest_route=\/wp\/v2\/types\/post"}],"author":[{"embeddable":true,"href":"https:\/\/cebem.org\/index.php?rest_route=\/wp\/v2\/users\/12"}],"replies":[{"embeddable":true,"href":"https:\/\/cebem.org\/index.php?rest_route=%2Fwp%2Fv2%2Fcomments&post=10364"}],"version-history":[{"count":1,"href":"https:\/\/cebem.org\/index.php?rest_route=\/wp\/v2\/posts\/10364\/revisions"}],"predecessor-version":[{"id":10366,"href":"https:\/\/cebem.org\/index.php?rest_route=\/wp\/v2\/posts\/10364\/revisions\/10366"}],"wp:featuredmedia":[{"embeddable":true,"href":"https:\/\/cebem.org\/index.php?rest_route=\/wp\/v2\/media\/10365"}],"wp:attachment":[{"href":"https:\/\/cebem.org\/index.php?rest_route=%2Fwp%2Fv2%2Fmedia&parent=10364"}],"wp:term":[{"taxonomy":"category","embeddable":true,"href":"https:\/\/cebem.org\/index.php?rest_route=%2Fwp%2Fv2%2Fcategories&post=10364"},{"taxonomy":"post_tag","embeddable":true,"href":"https:\/\/cebem.org\/index.php?rest_route=%2Fwp%2Fv2%2Ftags&post=10364"}],"curies":[{"name":"wp","href":"https:\/\/api.w.org\/{rel}","templated":true}]}}