
{"id":10359,"date":"2022-04-26T12:01:45","date_gmt":"2022-04-26T16:01:45","guid":{"rendered":"https:\/\/cebem.org\/?p=10359"},"modified":"2022-04-26T12:01:47","modified_gmt":"2022-04-26T16:01:47","slug":"pro-rural-proyecto-biocultura-y-cambio-climatico-convoca-a-profesionales-y-consultores","status":"publish","type":"post","link":"https:\/\/cebem.org\/?p=10359","title":{"rendered":"Pro-Rural, Proyecto Biocultura y Cambio Clim\u00e1tico. Convoca a profesionales y consultores."},"content":{"rendered":"\n<p class=\"has-text-align-center\"><strong>INVITACI\u00d3N P\u00daBLICA BIO N\u00ba 001\/2022<\/strong><\/p>\n\n\n\n<p class=\"has-text-align-justify\">Pro-Rural, entidad administradora del Proyecto Biocultura y Cambio Clim\u00e1tico, con el apoyo financiero de la Cooperaci\u00f3n para el Desarrollo de la Embajada de Suiza en Bolivia; convoca a profesionales, consultores, interesados en realizar el siguiente servicio, a presentar su postulaci\u00f3n para:<\/p>\n\n\n\n<ol class=\"wp-block-list\"><li><strong>Consultor\u00eda por Producto: \u201cRedacci\u00f3n, edici\u00f3n y dise\u00f1o de documento: \u201cGesti\u00f3n territorial biocultural \u2013 Avances y desaf\u00edos hacia un desarrollo m\u00e1s resiliente e inclusivo\u201d<\/strong><\/li><\/ol>\n\n\n\n<p class=\"has-text-align-justify\">Las\/los interesados\/as en participar, podr\u00e1n obtener los t\u00e9rminos de referencia y documento anexo, ingresando al siguiente enlace: &nbsp; &nbsp;<a href=\"http:\/\/www.prorural.org.bo\/index.php\/tdr\" target=\"_blank\" rel=\"noreferrer noopener\">http:\/\/www.prorural.org.bo\/index.php\/tdr<\/a><\/p>\n\n\n\n<p class=\"has-text-align-justify\">Los\/las interesados\/as que cumplan con los requisitos establecidos en los T\u00e9rminos de Referencia, pueden enviar su propuesta en formato digital al correo electr\u00f3nico <a href=\"mailto:proyectobiocultura@prorural.org.bo\" target=\"_blank\" rel=\"noreferrer noopener\">proyectobiocultura@prorural.org.bo<\/a>, con la referencia de la consultor\u00eda a la que postulan, hasta horas 16:00 del d\u00eda viernes 6 de mayo de 2022.<\/p>\n\n\n\n<p>Se contactar\u00e1 \u00fanicamente a las instituciones pre \u2013 seleccionadas.<\/p>\n\n\n\n<hr class=\"wp-block-separator\"\/>\n\n\n\n<p class=\"has-text-align-center\"><strong><em>ESTE BOLET\u00cdN SE PRODUCE POR ENCARGO DE PRO- RURAL<\/em><\/strong><\/p>\n","protected":false},"excerpt":{"rendered":"<p>INVITACI\u00d3N P\u00daBLICA BIO N\u00ba 001\/2022 Pro-Rural, entidad administradora del Proyecto Biocultura y Cambio Clim\u00e1tico, con el apoyo financiero de la Cooperaci\u00f3n para el Desarrollo de la Embajada de Suiza en Bolivia; convoca a profesionales, consultores, interesados en realizar el siguiente servicio, a presentar su postulaci\u00f3n para: Consultor\u00eda por Producto: \u201cRedacci\u00f3n, edici\u00f3n y dise\u00f1o de documento: &hellip; <\/p>\n<p><a class=\"more-link btn\" href=\"https:\/\/cebem.org\/?p=10359\">Seguir leyendo<\/a><\/p>\n","protected":false},"author":12,"featured_media":10361,"comment_status":"closed","ping_status":"closed","sticky":false,"template":"","format":"standard","meta":{"_jetpack_memberships_contains_paid_content":false,"footnotes":"","jetpack_publicize_message":"Pro Rural: Invitacion Publica BIO No. 001\/2022\nMayor iinfromacion..","jetpack_publicize_feature_enabled":true,"jetpack_social_post_already_shared":true,"jetpack_social_options":{"image_generator_settings":{"template":"highway","default_image_id":0,"font":"","enabled":false},"version":2}},"categories":[1476],"tags":[1696,1695,1694],"class_list":["post-10359","post","type-post","status-publish","format-standard","has-post-thumbnail","hentry","category-boletines-redesma","tag-bio-no-001-2022","tag-invitacion-publica-3","tag-pro-rural","item-wrap"],"jetpack_publicize_connections":[],"jetpack_featured_media_url":"https:\/\/i0.wp.com\/cebem.org\/wp-content\/uploads\/2022\/04\/pro_rural.jpg?fit=1200%2C630&ssl=1","jetpack_sharing_enabled":true,"_links":{"self":[{"href":"https:\/\/cebem.org\/index.php?rest_route=\/wp\/v2\/posts\/10359","targetHints":{"allow":["GET"]}}],"collection":[{"href":"https:\/\/cebem.org\/index.php?rest_route=\/wp\/v2\/posts"}],"about":[{"href":"https:\/\/cebem.org\/index.php?rest_route=\/wp\/v2\/types\/post"}],"author":[{"embeddable":true,"href":"https:\/\/cebem.org\/index.php?rest_route=\/wp\/v2\/users\/12"}],"replies":[{"embeddable":true,"href":"https:\/\/cebem.org\/index.php?rest_route=%2Fwp%2Fv2%2Fcomments&post=10359"}],"version-history":[{"count":3,"href":"https:\/\/cebem.org\/index.php?rest_route=\/wp\/v2\/posts\/10359\/revisions"}],"predecessor-version":[{"id":10363,"href":"https:\/\/cebem.org\/index.php?rest_route=\/wp\/v2\/posts\/10359\/revisions\/10363"}],"wp:featuredmedia":[{"embeddable":true,"href":"https:\/\/cebem.org\/index.php?rest_route=\/wp\/v2\/media\/10361"}],"wp:attachment":[{"href":"https:\/\/cebem.org\/index.php?rest_route=%2Fwp%2Fv2%2Fmedia&parent=10359"}],"wp:term":[{"taxonomy":"category","embeddable":true,"href":"https:\/\/cebem.org\/index.php?rest_route=%2Fwp%2Fv2%2Fcategories&post=10359"},{"taxonomy":"post_tag","embeddable":true,"href":"https:\/\/cebem.org\/index.php?rest_route=%2Fwp%2Fv2%2Ftags&post=10359"}],"curies":[{"name":"wp","href":"https:\/\/api.w.org\/{rel}","templated":true}]}}