
{"id":10340,"date":"2022-04-25T12:43:10","date_gmt":"2022-04-25T16:43:10","guid":{"rendered":"https:\/\/cebem.org\/?p=10340"},"modified":"2022-04-25T12:43:11","modified_gmt":"2022-04-25T16:43:11","slug":"plataforma-nacional-de-suelos-convoca-a-profesionales-con-alto-compromiso-y-vocacion-de-servicio","status":"publish","type":"post","link":"https:\/\/cebem.org\/?p=10340","title":{"rendered":"Plataforma Nacional de Suelos convoca a profesionales con alto compromiso y vocaci\u00f3n de servicio"},"content":{"rendered":"\n<p><strong>PLATAFORMA NACIONAL DE SUELOS<\/strong><\/p>\n\n\n\n<p>La Plataforma Nacional de Suelos convoca a profesionales con alto compromiso y vocaci\u00f3n de servicio, detallados a continuaci\u00f3n:<\/p>\n\n\n\n<p><\/p>\n\n\n\n<figure class=\"wp-block-table is-style-regular\"><table><tbody><tr><td class=\"has-text-align-left\" data-align=\"left\"><strong>CARGO<\/strong><\/td><td><strong>PLAZA<\/strong><\/td><td><strong>TERMINOS DE REFERENCIA (ABRIR EL LINK).<\/strong><\/td><\/tr><tr><td class=\"has-text-align-left\" data-align=\"left\">FACILITADOR\/RA NACIONAL PLATAFORMA NACIONAL DE SUELOS<\/td><td>LA PAZ<\/td><td><a href=\"https:\/\/drive.google.com\/file\/d\/1uBHtuPTO6HgdgOf0I-BLu0wcjl5lVIVg\/view?usp=sharing\" target=\"_blank\" rel=\"noreferrer noopener\">https:\/\/drive.google.com\/file\/d\/1uBHtuPTO6HgdgOf0I-BLu0wcjl5lVIVg\/view?usp=sharing<\/a><\/td><\/tr><tr><td class=\"has-text-align-left\" data-align=\"left\">RESPONSABLE DE LA UNIDAD DE COMUNICACI\u00d3N DE LA PLATAFORMA NACIONAL DE SUELOS<\/td><td>LA PAZ<\/td><td><a href=\"https:\/\/drive.google.com\/file\/d\/1v13D4aKmzP-UZu8LdF3wv9zzdG8PrAIq\/view?usp=sharing\" target=\"_blank\" rel=\"noreferrer noopener\">https:\/\/drive.google.com\/file\/d\/1v13D4aKmzP-UZu8LdF3wv9zzdG8PrAIq\/view?usp=sharing<\/a><\/td><\/tr><\/tbody><\/table><\/figure>\n\n\n\n<p>Las personas interesadas deber\u00e1n enviar:<\/p>\n\n\n\n<ul class=\"wp-block-list\"><li>Una carta de postulaci\u00f3n dirigida al Coordinador Nacional de la PNS Ing. Leonardo Guti\u00e9rrez donde mencione sus motivaciones, objetivos para postularse, as\u00ed como su pretensi\u00f3n salarial de forma indispensable.<\/li><li>Fotocopia de C\u00e9dula de identidad anverso y reverso.<\/li><li>Hoja de vida debidamente documentada y respaldada.<\/li><\/ul>\n\n\n\n<p>Lo anterior solicitado deber\u00e1n enviar al correo:&nbsp;<a href=\"mailto:convocatorias.plataformasuelos@gmail.com\" target=\"_blank\" rel=\"noreferrer noopener\">convocatorias.plataformasuelos@gmail.com<\/a><\/p>\n\n\n\n<p>\u00danicamente contactaremos a las personas preseleccionadas<\/p>\n\n\n\n<p><strong><em>La Convocatoria tiene validez hasta fecha: 04-05-2022<\/em><\/strong><\/p>\n\n\n\n<hr class=\"wp-block-separator\"\/>\n\n\n\n<p class=\"has-text-align-center\"><strong><em>ESTE BOLET\u00cdN SE PRODUCE POR ENCARGO DE PRODIASUR<\/em><\/strong><\/p>\n","protected":false},"excerpt":{"rendered":"<p>PLATAFORMA NACIONAL DE SUELOS La Plataforma Nacional de Suelos convoca a profesionales con alto compromiso y vocaci\u00f3n de servicio, detallados a continuaci\u00f3n: CARGO PLAZA TERMINOS DE REFERENCIA (ABRIR EL LINK). FACILITADOR\/RA NACIONAL PLATAFORMA NACIONAL DE SUELOS LA PAZ https:\/\/drive.google.com\/file\/d\/1uBHtuPTO6HgdgOf0I-BLu0wcjl5lVIVg\/view?usp=sharing RESPONSABLE DE LA UNIDAD DE COMUNICACI\u00d3N DE LA PLATAFORMA NACIONAL DE SUELOS LA PAZ https:\/\/drive.google.com\/file\/d\/1v13D4aKmzP-UZu8LdF3wv9zzdG8PrAIq\/view?usp=sharing Las &hellip; <\/p>\n<p><a class=\"more-link btn\" href=\"https:\/\/cebem.org\/?p=10340\">Seguir leyendo<\/a><\/p>\n","protected":false},"author":12,"featured_media":10342,"comment_status":"closed","ping_status":"closed","sticky":false,"template":"","format":"standard","meta":{"_jetpack_memberships_contains_paid_content":false,"footnotes":"","jetpack_publicize_message":"Plataforma Nacional de Suelos , Convocatoria\n","jetpack_publicize_feature_enabled":true,"jetpack_social_post_already_shared":true,"jetpack_social_options":{"image_generator_settings":{"template":"highway","default_image_id":0,"font":"","enabled":false},"version":2}},"categories":[1476],"tags":[1652,1651],"class_list":["post-10340","post","type-post","status-publish","format-standard","has-post-thumbnail","hentry","category-boletines-redesma","tag-convocatoria-para-profesionales","tag-la-plataforma-nacional-de-suelos","item-wrap"],"jetpack_publicize_connections":[],"jetpack_featured_media_url":"https:\/\/i0.wp.com\/cebem.org\/wp-content\/uploads\/2022\/04\/prodiasur.jpg?fit=1200%2C630&ssl=1","jetpack_sharing_enabled":true,"_links":{"self":[{"href":"https:\/\/cebem.org\/index.php?rest_route=\/wp\/v2\/posts\/10340","targetHints":{"allow":["GET"]}}],"collection":[{"href":"https:\/\/cebem.org\/index.php?rest_route=\/wp\/v2\/posts"}],"about":[{"href":"https:\/\/cebem.org\/index.php?rest_route=\/wp\/v2\/types\/post"}],"author":[{"embeddable":true,"href":"https:\/\/cebem.org\/index.php?rest_route=\/wp\/v2\/users\/12"}],"replies":[{"embeddable":true,"href":"https:\/\/cebem.org\/index.php?rest_route=%2Fwp%2Fv2%2Fcomments&post=10340"}],"version-history":[{"count":2,"href":"https:\/\/cebem.org\/index.php?rest_route=\/wp\/v2\/posts\/10340\/revisions"}],"predecessor-version":[{"id":10343,"href":"https:\/\/cebem.org\/index.php?rest_route=\/wp\/v2\/posts\/10340\/revisions\/10343"}],"wp:featuredmedia":[{"embeddable":true,"href":"https:\/\/cebem.org\/index.php?rest_route=\/wp\/v2\/media\/10342"}],"wp:attachment":[{"href":"https:\/\/cebem.org\/index.php?rest_route=%2Fwp%2Fv2%2Fmedia&parent=10340"}],"wp:term":[{"taxonomy":"category","embeddable":true,"href":"https:\/\/cebem.org\/index.php?rest_route=%2Fwp%2Fv2%2Fcategories&post=10340"},{"taxonomy":"post_tag","embeddable":true,"href":"https:\/\/cebem.org\/index.php?rest_route=%2Fwp%2Fv2%2Ftags&post=10340"}],"curies":[{"name":"wp","href":"https:\/\/api.w.org\/{rel}","templated":true}]}}