
{"id":10302,"date":"2022-04-21T12:26:08","date_gmt":"2022-04-21T16:26:08","guid":{"rendered":"https:\/\/cebem.org\/?p=10302"},"modified":"2022-04-21T12:26:09","modified_gmt":"2022-04-21T16:26:09","slug":"bolivia-argentina-chile-y-mexico-acuerdan-elevar-la-tematica-del-litio-a-un-congreso-internacional","status":"publish","type":"post","link":"https:\/\/cebem.org\/?p=10302","title":{"rendered":"Bolivia, Argentina, Chile y M\u00e9xico acuerdan elevar la tem\u00e1tica del litio a un congreso internacional"},"content":{"rendered":"\n<div class=\"wp-block-image\"><figure class=\"aligncenter size-large is-resized\"><img data-recalc-dims=\"1\" fetchpriority=\"high\" decoding=\"async\" src=\"https:\/\/i0.wp.com\/cebem.org\/wp-content\/uploads\/2022\/04\/Litio.jpg?resize=750%2C454&#038;ssl=1\" alt=\"\" class=\"wp-image-10303\" width=\"750\" height=\"454\" srcset=\"https:\/\/i0.wp.com\/cebem.org\/wp-content\/uploads\/2022\/04\/Litio.jpg?resize=1024%2C620&amp;ssl=1 1024w, https:\/\/i0.wp.com\/cebem.org\/wp-content\/uploads\/2022\/04\/Litio.jpg?resize=300%2C182&amp;ssl=1 300w, https:\/\/i0.wp.com\/cebem.org\/wp-content\/uploads\/2022\/04\/Litio.jpg?resize=768%2C465&amp;ssl=1 768w, https:\/\/i0.wp.com\/cebem.org\/wp-content\/uploads\/2022\/04\/Litio.jpg?resize=600%2C364&amp;ssl=1 600w, https:\/\/i0.wp.com\/cebem.org\/wp-content\/uploads\/2022\/04\/Litio.jpg?resize=750%2C454&amp;ssl=1 750w, https:\/\/i0.wp.com\/cebem.org\/wp-content\/uploads\/2022\/04\/Litio.jpg?w=1086&amp;ssl=1 1086w\" sizes=\"(max-width: 750px) 100vw, 750px\" \/><\/figure><\/div>\n\n\n\n<p>Tras las conclusiones del\u00a0foro virtual \u201cPerspectivas del Litio desde Am\u00e9rica Latina\u201d, el ministro de Hidrocarburos y Energ\u00edas de Bolivia, Franklin Molina Ortiz, se\u00f1al\u00f3 que desde Am\u00e9rica Latina los pa\u00edses son conscientes de los enormes desaf\u00edos que impone hoy la nueva agenda de la transici\u00f3n energ\u00e9tica hacia las energ\u00edas renovables y la electromovilidad, pero tambi\u00e9n del lugar central que ocupa esta transici\u00f3n energ\u00e9tica en las crecientes disputas geopol\u00edticas que lamentablemente gobiernan hoy las relaciones internacionales. En esa l\u00ednea, anunci\u00f3 que el Estado Plurinacional, Argentina, Chile y M\u00e9xico, acordaron elevar el di\u00e1logo sobre el litio a un congreso internacional del m\u00e1s alto nivel que se llevar\u00e1 a cabo este a\u00f1o.<\/p>\n\n\n\n<h4 class=\"wp-block-heading\">Ver la noticia en el siguiente <a rel=\"noreferrer noopener\" href=\"https:\/\/suelosolar.com\/newsolares\/newsol.asp?id=14201&amp;lct=13948&amp;ejm=900\" target=\"_blank\">link<\/a><\/h4>\n\n\n\n<p><\/p>\n","protected":false},"excerpt":{"rendered":"<p>Tras las conclusiones del\u00a0foro virtual \u201cPerspectivas del Litio desde Am\u00e9rica Latina\u201d, el ministro de Hidrocarburos y Energ\u00edas de Bolivia, Franklin Molina Ortiz, se\u00f1al\u00f3 que desde Am\u00e9rica Latina los pa\u00edses son conscientes de los enormes desaf\u00edos que impone hoy la nueva agenda de la transici\u00f3n energ\u00e9tica hacia las energ\u00edas renovables y la electromovilidad, pero tambi\u00e9n del &hellip; <\/p>\n<p><a class=\"more-link btn\" href=\"https:\/\/cebem.org\/?p=10302\">Seguir leyendo<\/a><\/p>\n","protected":false},"author":12,"featured_media":10303,"comment_status":"closed","ping_status":"closed","sticky":false,"template":"","format":"standard","meta":{"_jetpack_memberships_contains_paid_content":false,"footnotes":"","jetpack_publicize_message":"Los pa\u00edses son conscientes de los enormes desaf\u00edos que impone agenda de transici\u00f3n energ\u00e9tica hacia las renovables y electromovilidad, pero tambi\u00e9n de las crecientes disputas geopol\u00edticas que gobiernan hoy las relaciones internacionales. \nVer mas...","jetpack_publicize_feature_enabled":true,"jetpack_social_post_already_shared":true,"jetpack_social_options":{"image_generator_settings":{"template":"highway","default_image_id":0,"font":"","enabled":false},"version":2}},"categories":[5],"tags":[1615,1631,1633],"class_list":["post-10302","post","type-post","status-publish","format-standard","has-post-thumbnail","hentry","category-boletin","tag-boletin-4-abril-2022","tag-bolivia-argentina-chile-y-mexico","tag-tematica-del-litio","item-wrap"],"jetpack_publicize_connections":[],"jetpack_featured_media_url":"https:\/\/i0.wp.com\/cebem.org\/wp-content\/uploads\/2022\/04\/Litio.jpg?fit=1086%2C658&ssl=1","jetpack_sharing_enabled":true,"_links":{"self":[{"href":"https:\/\/cebem.org\/index.php?rest_route=\/wp\/v2\/posts\/10302","targetHints":{"allow":["GET"]}}],"collection":[{"href":"https:\/\/cebem.org\/index.php?rest_route=\/wp\/v2\/posts"}],"about":[{"href":"https:\/\/cebem.org\/index.php?rest_route=\/wp\/v2\/types\/post"}],"author":[{"embeddable":true,"href":"https:\/\/cebem.org\/index.php?rest_route=\/wp\/v2\/users\/12"}],"replies":[{"embeddable":true,"href":"https:\/\/cebem.org\/index.php?rest_route=%2Fwp%2Fv2%2Fcomments&post=10302"}],"version-history":[{"count":1,"href":"https:\/\/cebem.org\/index.php?rest_route=\/wp\/v2\/posts\/10302\/revisions"}],"predecessor-version":[{"id":10304,"href":"https:\/\/cebem.org\/index.php?rest_route=\/wp\/v2\/posts\/10302\/revisions\/10304"}],"wp:featuredmedia":[{"embeddable":true,"href":"https:\/\/cebem.org\/index.php?rest_route=\/wp\/v2\/media\/10303"}],"wp:attachment":[{"href":"https:\/\/cebem.org\/index.php?rest_route=%2Fwp%2Fv2%2Fmedia&parent=10302"}],"wp:term":[{"taxonomy":"category","embeddable":true,"href":"https:\/\/cebem.org\/index.php?rest_route=%2Fwp%2Fv2%2Fcategories&post=10302"},{"taxonomy":"post_tag","embeddable":true,"href":"https:\/\/cebem.org\/index.php?rest_route=%2Fwp%2Fv2%2Ftags&post=10302"}],"curies":[{"name":"wp","href":"https:\/\/api.w.org\/{rel}","templated":true}]}}